{"id":386651,"date":"2025-09-13T01:18:10","date_gmt":"2025-09-13T01:18:10","guid":{"rendered":"https:\/\/www.europesays.com\/fr\/386651\/"},"modified":"2025-09-13T01:18:10","modified_gmt":"2025-09-13T01:18:10","slug":"pour-le-reste-il-fait-ce-quil-veut","status":"publish","type":"post","link":"https:\/\/www.europesays.com\/fr\/386651\/","title":{"rendered":"Pour le reste, il fait ce qu\u2019il veut"},"content":{"rendered":"<p>Ce vendredi 12 septembre 2025, TF1 diffuse un <strong>nouvel<br \/>\n\u00e9pisode de Mask Singer.<\/strong> Aux commandes de cette \u00e9mission<br \/>\ndevenue culte, Camille Combal, toujours fid\u00e8le au poste. Entre<br \/>\ncostumes extravagants et r\u00e9v\u00e9lations surprises, l\u2019animateur ne<br \/>\nmanque jamais d\u2019\u00e9nergie. Pourtant, loin des projecteurs, c\u2019est un<br \/>\nautre r\u00f4le qui lui tient d\u00e9sormais \u00e0 c\u0153ur : <strong>celui de<br \/>\npapa.<\/strong><\/p>\n<p>Camille Combal se confie sur sa paternit\u00e9<\/p>\n<p>Une casquette qu\u2019il aborde avec \u00e9motion, humour et une r\u00e8gle<br \/>\nbien particuli\u00e8re pour son fils. C\u2019est au micro du journaliste<br \/>\nJules Lavie, dans le milli\u00e8me \u00e9pisode du podcast Code Source du<br \/>\nParisien, que Camille Combal a accept\u00e9 de <a href=\"https:\/\/www.melty.fr\/people\/camille-combal-fait-de-rares-confidences-sur-la-relation-entre-sa-femme-et-son-fils-je-suis-tolere-dans-la-maison-2253537.html\" target=\"_blank\" rel=\"noopener\"><br \/>\nparler de sa paternit\u00e9<\/a>. Une raret\u00e9 pour celui qui prot\u00e8ge<br \/>\nfarouchement sa vie priv\u00e9e. Mais l\u2019arriv\u00e9e de son premier enfant<br \/>\nl\u2019ann\u00e9e derni\u00e8re a boulevers\u00e9 sa vie.<\/p>\n<p>Il confie ainsi : \u00ab\u00a0C\u2019est fou ! C\u2019est g\u00e9nial ! Je suis \u00e0 fond<br \/>\n! Chaque jour qui passe est encore <strong>un peu plus beau, je<br \/>\ntrouve\u00a0\u00bb<\/strong>, a-t-il confi\u00e9 avec un enthousiasme<br \/>\ncommunicatif. Derri\u00e8re ce bonheur, l\u2019animateur de 43 ans, qui<br \/>\n<a href=\"https:\/\/www.melty.fr\/people\/camille-combal-sa-mere-lui-remonte-les-bretelles-apres-une-emission-tele-elle-ma-defonce-2259164.html\" target=\"_blank\" rel=\"noopener\"><br \/>\ns\u00a0\u00bbest fait gronder par sa maman,<\/a> a quand m\u00eame pos\u00e9 une<br \/>\ncondition non n\u00e9gociable. Il n\u2019est pas question de dicter la<br \/>\ncarri\u00e8re ou les hobbies de son fils, mais il y a un domaine o\u00f9<br \/>\nCamille Combal n\u2019entend pas transiger : le<br \/>\n<strong>football<\/strong>.<\/p>\n<p>Cette r\u00e8gle que l&rsquo;animateur souhaite faire respecter<\/p>\n<p>Plus pr\u00e9cis\u00e9ment, le choix du club \u00e0 supporter. Grand passionn\u00e9<br \/>\nde <strong>l\u2019Olympique de Marseille,<\/strong> il a tenu \u00e0<br \/>\ntransmettre cette flamme avec fermet\u00e9\u2026 et humour. \u00ab\u00a0Franchement,<br \/>\nil fera tout ce qu\u2019il veut, tant qu\u2019il est supporter de l\u2019OM ! Moi,<br \/>\nc\u2019est tout ce que je veux. Il n\u2019y a pas de \u2018On supporte le Paris<br \/>\nSaint-Germain\u2019 ou je ne sais pas quoi. Pour le reste, franchement,<br \/>\nil fait tout ce qu\u2019il veut\u00a0\u00bb, a-t-il lanc\u00e9, mi-s\u00e9rieux<br \/>\nmi-taquin.<\/p>\n<p>Une d\u00e9claration qui a beaucoup fait sourire, mais qui montre<br \/>\naussi l\u2019attachement visc\u00e9ral de l\u2019animateur \u00e0 son club de c\u0153ur. Sur<br \/>\nles autres terrains de la vie, Camille Combal, qui <a href=\"https:\/\/www.melty.fr\/people\/camille-combal-animateur-star-de-tf1-son-salaire-devoile-et-cest-dingue-2226359.html\" target=\"_blank\" rel=\"noopener\"><br \/>\ns&rsquo;est confi\u00e9 sur son salaire<\/a>, se veut un p\u00e8re ouvert et<br \/>\nbienveillant. \u00ab\u00a0Moi, ce que je veux, c\u2019est essayer de faire en<br \/>\nsorte que s\u2019il veut jouer au foot, qu\u2019il puisse jouer au foot. S\u2019il<br \/>\nveut jouer au rugby, qu\u2019il puisse jouer au rugby. S\u2019il veut jouer<br \/>\nau tennis\u2026 Apr\u00e8s, je vais essayer qu\u2019il joue au tennis pour que moi<br \/>\npeut-\u00eatre un jour, je puisse faire un match avec lui\u00a0\u00bb, a-t-il<br \/>\nconfi\u00e9.<\/p>\n<p>Le pr\u00e9sentateur ne veut surtout pas<br \/>\nimposer ses choix \u00e0 son fils<\/p>\n<p>Mais il le pr\u00e9cise aussit\u00f4t : pas question de forcer son fils si<br \/>\ncela ne lui pla\u00eet pas. Cette pr\u00e9cision n\u2019a rien d\u2019anodin.<br \/>\nL\u2019animateur a lui-m\u00eame souffert, enfant, d\u2019une pression sportive<br \/>\ntrop forte. <strong>\u00ab\u00a0<\/strong><strong>Je faisais du ski en<br \/>\ncomp\u00e9tition,<\/strong> on m\u2019a pouss\u00e9 de dingue, et c\u2019est dur\u2026 Je ne<br \/>\nveux pas de \u00e7a moi. Il va \u00eatre tranquille\u00a0\u00bb, a-t-il conclu. Une<br \/>\nmani\u00e8re de rappeler que, malgr\u00e9 son humour et son second degr\u00e9<br \/>\nhabituels, il garde une profonde lucidit\u00e9 sur son r\u00f4le de p\u00e8re.<\/p>\n<p>Entre Mask Singer, ses \u00e9missions sur TF1 et son quotidien de<br \/>\njeune papa, Camille Combal jongle avec un agenda charg\u00e9. Mais dans<br \/>\nce nouveau chapitre, il semble avoir trouv\u00e9 un \u00e9quilibre. La t\u00e9l\u00e9<br \/>\nlui permet de continuer \u00e0 faire rire des millions de<br \/>\nt\u00e9l\u00e9spectateurs, tandis que son fils lui offre un bonheur in\u00e9dit,<br \/>\nempreint de simplicit\u00e9. Et si l\u2019OM reste le seul h\u00e9ritage<br \/>\nobligatoire, c\u2019est surtout l\u2019amour et la libert\u00e9 qu\u2019il compte<br \/>\ntransmettre \u00e0 son enfant.<\/p>\n","protected":false},"excerpt":{"rendered":"Ce vendredi 12 septembre 2025, TF1 diffuse un nouvel \u00e9pisode de Mask Singer. Aux commandes de cette \u00e9mission&hellip;\n","protected":false},"author":2,"featured_media":386652,"comment_status":"","ping_status":"","sticky":false,"template":"","format":"standard","meta":{"footnotes":""},"categories":[1359],"tags":[193,58,59,1011,27,973],"class_list":{"0":"post-386651","1":"post","2":"type-post","3":"status-publish","4":"format-standard","5":"has-post-thumbnail","7":"category-people","8":"tag-camille-combal","9":"tag-divertissement","10":"tag-entertainment","11":"tag-fr","12":"tag-france","13":"tag-people"},"share_on_mastodon":{"url":"https:\/\/pubeurope.com\/@fr\/115194357605319805","error":""},"_links":{"self":[{"href":"https:\/\/www.europesays.com\/fr\/wp-json\/wp\/v2\/posts\/386651","targetHints":{"allow":["GET"]}}],"collection":[{"href":"https:\/\/www.europesays.com\/fr\/wp-json\/wp\/v2\/posts"}],"about":[{"href":"https:\/\/www.europesays.com\/fr\/wp-json\/wp\/v2\/types\/post"}],"author":[{"embeddable":true,"href":"https:\/\/www.europesays.com\/fr\/wp-json\/wp\/v2\/users\/2"}],"replies":[{"embeddable":true,"href":"https:\/\/www.europesays.com\/fr\/wp-json\/wp\/v2\/comments?post=386651"}],"version-history":[{"count":0,"href":"https:\/\/www.europesays.com\/fr\/wp-json\/wp\/v2\/posts\/386651\/revisions"}],"wp:featuredmedia":[{"embeddable":true,"href":"https:\/\/www.europesays.com\/fr\/wp-json\/wp\/v2\/media\/386652"}],"wp:attachment":[{"href":"https:\/\/www.europesays.com\/fr\/wp-json\/wp\/v2\/media?parent=386651"}],"wp:term":[{"taxonomy":"category","embeddable":true,"href":"https:\/\/www.europesays.com\/fr\/wp-json\/wp\/v2\/categories?post=386651"},{"taxonomy":"post_tag","embeddable":true,"href":"https:\/\/www.europesays.com\/fr\/wp-json\/wp\/v2\/tags?post=386651"}],"curies":[{"name":"wp","href":"https:\/\/api.w.org\/{rel}","templated":true}]}}