{"id":386653,"date":"2025-09-13T01:19:20","date_gmt":"2025-09-13T01:19:20","guid":{"rendered":"https:\/\/www.europesays.com\/fr\/386653\/"},"modified":"2025-09-13T01:19:20","modified_gmt":"2025-09-13T01:19:20","slug":"la-galerie-dior-et-la-fondation-alaia-exposent-ensemble","status":"publish","type":"post","link":"https:\/\/www.europesays.com\/fr\/386653\/","title":{"rendered":"La Galerie Dior et la Fondation Ala\u00efa exposent ensemble"},"content":{"rendered":"<p>C&rsquo;est une grande premi\u00e8re. La Galerie Dior et la Fondation Ala\u00efa s&rsquo;unissent \u00e0 l&rsquo;occasion d&rsquo;une double exposition autour d&rsquo;un h\u00e9ritage bien particulier&#8230;<\/p>\n<p>Ala\u00efa et Dior\u00a0<\/p>\n<p>Embauch\u00e9 chez Dior quelques mois avant la disparition de son fondateur en 1957, et ce pour une poign\u00e9e de jours, Azzedine Ala\u00efa, alors \u00e2g\u00e9 d\u2019une vingtaine d\u2019ann\u00e9es, s&rsquo;acclimate aux ateliers de la maison fran\u00e7aise. Le jeune styliste tunisien, fra\u00eechement arriv\u00e9 dans la capitale, s&rsquo;enrichit de cette exp\u00e9rience. Inspir\u00e9 par les grandes marques de couture de l&rsquo;\u00e9poque, il perfectionne ses techniques de confection et nourrit son style naissant, lui qui deviendra plus tard un v\u00e9ritable architecte de la mode, sculptant le corps des femmes comme personne.<\/p>\n<p>Au cours de ces ann\u00e9es d&rsquo;inspiration et d&rsquo;\u00e9laboration, <strong>Azzedine Ala\u00efa s&rsquo;affiche en v\u00e9ritable collectionneur discret<\/strong>, accumulant durant toute sa vie des milliers de pi\u00e8ces dont 600 issues des collections Dior : des silhouettes imagin\u00e9es par Christian Dior lui-m\u00eame mais aussi par ses successeurs\u00a0Yves Saint Laurent, Marc Bohan, Gianfranco Ferr\u00e9 et John Galliano.<\/p>\n<p>Face \u00e0 ce patrimoine exceptionnel et pr\u00e9cieux, la <a href=\"https:\/\/www.journalduluxe.fr\/fr\/mode\/paris-nouvelle-exposition-galerie-dior-danse\" target=\"_blank\" rel=\"noopener nofollow\">Galerie Dior<\/a> et la Fondation Azzedine Ala\u00efa ont eu la bonne id\u00e9e : s&rsquo;unir dans une double <a href=\"https:\/\/www.journalduluxe.fr\/fr\/montres-joaillerie\/swarovski-exposition-hollywood-automne\" target=\"_blank\" rel=\"noopener nofollow\">exposition<\/a>, chacune apportant son regard sur cette collection d&rsquo;archives. A deux pas de l&rsquo;Avenue Montaigne, la Galerie\u00a0pr\u00e9sentera\u00a0<strong>\u00ab\u00a0La collection Dior d&rsquo;Azzedine Ala\u00efa\u00a0\u00bb <\/strong>du\u00a020 novembre prochain au 3 mai 2026. Le parcours s&rsquo;articulera autour d&rsquo;une s\u00e9lection d&rsquo;une centaine de cr\u00e9ations Dior issues des archives du designer disparu en 2017.<\/p>\n<p>Puis, du 1er d\u00e9cembre jusqu&rsquo;\u00e0 d\u00e9but mai, la Fondation Ala\u00efa (dans le 4\u00e8me arrondissement) d\u00e9voilera\u00a0<strong>\u00ab\u00a0Azzedine Ala\u00efa et Christian Dior, deux ma\u00eetres de la couture\u00a0\u00bb.<\/strong> On y trouvera\u00a030 tenues Dior collectionn\u00e9es par le <a href=\"https:\/\/www.journalduluxe.fr\/fr\/mode\/giorgio-armani-s-eteint-a-91-ans\" target=\"_blank\" rel=\"noopener nofollow\">couturier<\/a> aux c\u00f4t\u00e9s d&rsquo;un nombre similaire de ses propres silhouettes. L&rsquo;exposition vise \u00e0 expliquer comment ce dernier a \u00e9t\u00e9 influenc\u00e9 par ses pairs, tout en restituant l&rsquo;impact de ces inspirations sur son travail, \u00e0 l&rsquo;image de sa derni\u00e8re pr\u00e9sentation avec Thierry Mugler.\u00a0<\/p>\n<p class=\"paragraph larva \/\/ lrv-u-margin-lr-auto  lrv-a-font-body-m   \">\u00ab\u00a0Les mod\u00e8les de\u00a0Christian Dior\u00a0t\u00e9moignent de la qu\u00eate incessante \u00e0 laquelle Azzedine Ala\u00efa s&rsquo;\u00e9tait consacr\u00e9 sans rel\u00e2che. \u00c0 la recherche des myst\u00e8res des robes et des structures d\u00e9licates qui font tenir debout les jupons vaporeux, il a habilement assembl\u00e9 les objets de ses r\u00eaves d&rsquo;adolescent\u00a0\u00bb a d\u00e9clar\u00e9 Olivier Saillard, directeur de la Fondation Azzedine Ala\u00efa. Une <strong>double lecture<\/strong> propos\u00e9e par ces grandes institutions de mode qui s&rsquo;appr\u00eate \u00e0 vivre sur deux adresses parisiennes reli\u00e9es par une histoire commune.<strong\/><\/p>\n","protected":false},"excerpt":{"rendered":"C&rsquo;est une grande premi\u00e8re. La Galerie Dior et la Fondation Ala\u00efa s&rsquo;unissent \u00e0 l&rsquo;occasion d&rsquo;une double exposition autour&hellip;\n","protected":false},"author":2,"featured_media":386654,"comment_status":"","ping_status":"","sticky":false,"template":"","format":"standard","meta":{"footnotes":""},"categories":[1358],"tags":[51923,1348,1384,1385,1386,21472,58,59,3293,1011,27],"class_list":{"0":"post-386653","1":"post","2":"type-post","3":"status-publish","4":"format-standard","5":"has-post-thumbnail","7":"category-arts-et-design","8":"tag-alaia","9":"tag-arts","10":"tag-arts-and-design","11":"tag-arts-et-design","12":"tag-design","13":"tag-dior","14":"tag-divertissement","15":"tag-entertainment","16":"tag-exposition","17":"tag-fr","18":"tag-france"},"share_on_mastodon":{"url":"https:\/\/pubeurope.com\/@fr\/115194361759553847","error":""},"_links":{"self":[{"href":"https:\/\/www.europesays.com\/fr\/wp-json\/wp\/v2\/posts\/386653","targetHints":{"allow":["GET"]}}],"collection":[{"href":"https:\/\/www.europesays.com\/fr\/wp-json\/wp\/v2\/posts"}],"about":[{"href":"https:\/\/www.europesays.com\/fr\/wp-json\/wp\/v2\/types\/post"}],"author":[{"embeddable":true,"href":"https:\/\/www.europesays.com\/fr\/wp-json\/wp\/v2\/users\/2"}],"replies":[{"embeddable":true,"href":"https:\/\/www.europesays.com\/fr\/wp-json\/wp\/v2\/comments?post=386653"}],"version-history":[{"count":0,"href":"https:\/\/www.europesays.com\/fr\/wp-json\/wp\/v2\/posts\/386653\/revisions"}],"wp:featuredmedia":[{"embeddable":true,"href":"https:\/\/www.europesays.com\/fr\/wp-json\/wp\/v2\/media\/386654"}],"wp:attachment":[{"href":"https:\/\/www.europesays.com\/fr\/wp-json\/wp\/v2\/media?parent=386653"}],"wp:term":[{"taxonomy":"category","embeddable":true,"href":"https:\/\/www.europesays.com\/fr\/wp-json\/wp\/v2\/categories?post=386653"},{"taxonomy":"post_tag","embeddable":true,"href":"https:\/\/www.europesays.com\/fr\/wp-json\/wp\/v2\/tags?post=386653"}],"curies":[{"name":"wp","href":"https:\/\/api.w.org\/{rel}","templated":true}]}}