{"id":386655,"date":"2025-09-13T01:20:18","date_gmt":"2025-09-13T01:20:18","guid":{"rendered":"https:\/\/www.europesays.com\/fr\/386655\/"},"modified":"2025-09-13T01:20:18","modified_gmt":"2025-09-13T01:20:18","slug":"yann-barthes-nouveau-faiseur-de-best-sellers-lexpress","status":"publish","type":"post","link":"https:\/\/www.europesays.com\/fr\/386655\/","title":{"rendered":"Yann Barth\u00e8s, nouveau faiseur de best-sellers ? \u2013 L&rsquo;Express"},"content":{"rendered":"<p class=\"paragraph article-body-paragraph article__item   article-body-paragraph--first \">Le ph\u00e9nom\u00e8ne a commenc\u00e9 avec Lilia Hassaine. En 2019, la chroniqueuse de Quotidien publie chez Gallimard un premier roman, L\u2019\u0152il du paon, suivi en 2021 de Soleil amer. Elle quitte alors l\u2019\u00e9mission de Yann Barth\u00e8s. Choix suicidaire, pense-t-on. Va-t-elle dispara\u00eetre des radars ? C\u2019est au contraire \u00e0 ce moment-l\u00e0 qu\u2019elle prend pour de bon son envol : <a href=\"https:\/\/www.lexpress.fr\/culture\/livre\/livres-nos-dix-immanquables-du-mois-de-decembre-T4NSYWC7B5CXBA4Z2PYI7FE4CY\/\" target=\"_self\" rel=\"nofollow noopener\" title=\"https:\/\/www.lexpress.fr\/culture\/livre\/livres-nos-dix-immanquables-du-mois-de-decembre-T4NSYWC7B5CXBA4Z2PYI7FE4CY\/\">Panorama<\/a> est l\u2019un des gros succ\u00e8s de la rentr\u00e9e litt\u00e9raire 2023 \u2013 laur\u00e9at du prix Renaudot des lyc\u00e9ens, il atteint les 100 000 exemplaires en grand format. <\/p>\n<p><strong class=\"article-body-link-list__item text-gray-800 article-body-link-list__item--one-item\">LIRE AUSSI : <a class=\"article-body-link-list__item-link\" href=\"https:\/\/www.lexpress.fr\/culture\/livre\/rentree-litteraire-ces-sept-romans-passes-sous-les-radars-et-quil-ne-faut-pas-manquer-5O4WHGJHRNDQXJBQIOKT2GVABQ\/\" rel=\"nofollow noopener\" target=\"_blank\">Rentr\u00e9e litt\u00e9raire : ces sept romans pass\u00e9s sous les radars (et qu&rsquo;il ne faut pas manquer)<\/a><\/strong><\/p>\n<p class=\"paragraph article-body-paragraph article__item   \">Cette m\u00eame rentr\u00e9e 2023 est marqu\u00e9e par un autre aspirant auteur vu \u00e0 la t\u00e9l\u00e9 chez Barth\u00e8s : <a href=\"https:\/\/www.lexpress.fr\/culture\/livre\/panayotis-pascot-le-phenomene-litteraire-annie-ernaux-a-lere-des-reseaux-sociaux-JQWSNHMUTFETHH5MIDFWCQCKV4\/\" target=\"_self\" rel=\"nofollow noopener\" title=\"https:\/\/www.lexpress.fr\/culture\/livre\/panayotis-pascot-le-phenomene-litteraire-annie-ernaux-a-lere-des-reseaux-sociaux-JQWSNHMUTFETHH5MIDFWCQCKV4\/\">Panayotis Pascot<\/a>. D\u00e8s l\u2019\u00e9t\u00e9, son \u00e9diteur, Stock, avait \u00e9t\u00e9 oblig\u00e9 de r\u00e9imprimer au vu de l\u2019emballement des pr\u00e9commandes. En septembre, c\u2019est l\u2019explosion : il s\u2019arrachera plus de 200 000 exemplaires de La Prochaine fois que tu mordras la poussi\u00e8re, longue plainte ressemblant \u00e0 du Annie Ernaux 2.0. On pensait le filon \u00e9puis\u00e9 ? C\u2019\u00e9tait sans compter sur <a href=\"https:\/\/www.lexpress.fr\/culture\/livre\/adele-yon-et-ambre-chalumeau-la-litterature-a-choisi-son-camp-et-nous-aussi-I6TDVHIWAZFUNJPCV27WC6ACFM\/\" target=\"_self\" rel=\"nofollow noopener\" title=\"https:\/\/www.lexpress.fr\/culture\/livre\/adele-yon-et-ambre-chalumeau-la-litterature-a-choisi-son-camp-et-nous-aussi-I6TDVHIWAZFUNJPCV27WC6ACFM\/\">Ambre Chalumeau<\/a>. En d\u00e9but d\u2019ann\u00e9e, la critique litt\u00e9raire de Quotidien sort Les Vivants. Malgr\u00e9 un style de coll\u00e9gienne potache (ou peut-\u00eatre plut\u00f4t gr\u00e2ce \u00e0 cela ?), elle parvient \u00e0 \u00e9couler plus de 50 000 exemplaires de sa confession d\u2019une bobo du si\u00e8cle. Dans le m\u00eame temps, sa coll\u00e8gue Mahaut Drama s\u2019invite, elle aussi, dans les librairies avec Que jeunesse se passe (Robert Laffont). Bien que plus talentueuse qu\u2019Ambre Chalumeau, elle trouve dix fois moins de lecteurs. Cette fois, se dit-on, on a fait le tour de la question.<\/p>\n<p><img decoding=\"async\" src=\"https:\/\/www.europesays.com\/fr\/wp-content\/uploads\/2025\/09\/2AOEU22B6NAHPLTS64CSJFOISI.jpg\" class=\"image-with-legend__cover-img\" alt=\"3872 PALMARES\" width=\"883\" height=\"0\" loading=\"lazy\"\/><\/p>\n<p class=\"image-with-legend__credits\"> \u00a9  \/ L&rsquo;Express<\/p>\n<p>Paul Gasnier est l\u2019une des r\u00e9v\u00e9lations de la rentr\u00e9e<\/p>\n<p class=\"paragraph article-body-paragraph article__item   \">Eh bien non ! Dans notre classement des romans, un intrus se retrouve cette semaine en 4e position derri\u00e8re les poids lourds Carr\u00e8re, Nothomb et Mauvignier. Publi\u00e9 chez Gallimard comme Lilia Hassaine avant lui, Paul Gasnier est l\u2019une des r\u00e9v\u00e9lations de la rentr\u00e9e, moins par ses qualit\u00e9s stylistiques que par la surface qu\u2019il occupe. Parmi les d\u00e9butants de cet automne, notre go\u00fbt nous fait de beaucoup pr\u00e9f\u00e9rer <a href=\"https:\/\/www.lexpress.fr\/culture\/livre\/rentree-litteraire-ces-sept-nouveaux-auteurs-qui-vont-faire-parler-deux-I7LOC6HJTJEUBCPBJ3TWQAFMUQ\/\" target=\"_self\" rel=\"nofollow noopener\" title=\"https:\/\/www.lexpress.fr\/culture\/livre\/rentree-litteraire-ces-sept-nouveaux-auteurs-qui-vont-faire-parler-deux-I7LOC6HJTJEUBCPBJ3TWQAFMUQ\/\">la gouaille de Mathilda di Matteo (La Bonne M\u00e8re, L\u2019Iconoclaste) ou la po\u00e9sie de Rebeka Warrior (Toutes les vies, Stock)<\/a>. En racontant dans La Collision la mort de sa m\u00e8re, tu\u00e9e accidentellement par un d\u00e9linquant \u00e0 Lyon, Gasnier \u00e9crit lui aussi \u00e0 l\u2019ombre d\u2019Ernaux, dans une langue pauvre qui tient plus de la sociologie que de la litt\u00e9rature. <\/p>\n<p><strong class=\"article-body-link-list__item text-gray-800 article-body-link-list__item--one-item\">LIRE AUSSI : <a class=\"article-body-link-list__item-link\" href=\"https:\/\/www.lexpress.fr\/culture\/livre\/les-secrets-du-prix-goncourt-2024-influence-de-gallimard-nouveau-president-et-petits-psychodrames-W56KDUBHDRGMTJ6YXMXQWRUYYU\/\" rel=\"nofollow noopener\" target=\"_blank\">Rentr\u00e9e litt\u00e9raire : ces sept nouveaux auteurs qui vont faire parler d\u2019eux<\/a><\/strong><\/p>\n<p class=\"paragraph article-body-paragraph article__item    article__text__endpicto\">Si les m\u00e9dias de \u00ab\u00a0droite\u00a0\u00bb snobent ce r\u00e9cit ang\u00e9lique, l\u2019auteur a eu droit \u00e0 la matinale de France Inter d\u00e8s le 1er septembre. Puis Ambre Chalumeau a fait son \u00e9loge confraternel sur le plateau de Quotidien. Il faut croire qu\u2019\u00eatre adoub\u00e9 par Barth\u00e8s est un booster de ventes peu commun : Gasnier est d\u00e9j\u00e0 au-dessus des 10 000 exemplaires ! Et ce n\u2019est sans doute que le d\u00e9but. La Collision \u00e9tant en lice pour <a href=\"https:\/\/www.lexpress.fr\/culture\/livre\/les-secrets-du-prix-goncourt-2024-influence-de-gallimard-nouveau-president-et-petits-psychodrames-W56KDUBHDRGMTJ6YXMXQWRUYYU\/\" target=\"_self\" rel=\"nofollow noopener\" title=\"https:\/\/www.lexpress.fr\/culture\/livre\/les-secrets-du-prix-goncourt-2024-influence-de-gallimard-nouveau-president-et-petits-psychodrames-W56KDUBHDRGMTJ6YXMXQWRUYYU\/\">le Goncourt, <\/a>le livre concourt aussi pour le Goncourt des lyc\u00e9ens. Un texte simple et volontiers d\u00e9magogique, qui d\u00e9passe \u00e0 peine les 150 pages, avec un jeune auteur t\u00e9l\u00e9g\u00e9nique\u2026 Quelque chose nous dit qu\u2019il va faire un carton lors des rencontres avec lesdits lyc\u00e9ens, et qu\u2019ils pourraient le choisir comme laur\u00e9at, comme ils avaient pl\u00e9biscit\u00e9 Lilia Hassaine pour le Renaudot de leur cat\u00e9gorie il y a deux ans. Conseil aux \u00e9diteurs int\u00e9ress\u00e9s : rep\u00e9rez qui chez Barth\u00e8s n\u2019a encore rien \u00e9crit, signez-lui un contrat et misez sur lui pour la rentr\u00e9e litt\u00e9raire 2026.<\/p>\n<p>.<\/p>\n","protected":false},"excerpt":{"rendered":"Le ph\u00e9nom\u00e8ne a commenc\u00e9 avec Lilia Hassaine. En 2019, la chroniqueuse de Quotidien publie chez Gallimard un premier&hellip;\n","protected":false},"author":2,"featured_media":386656,"comment_status":"","ping_status":"","sticky":false,"template":"","format":"standard","meta":{"footnotes":""},"categories":[1357],"tags":[1379,251,58,59,1011,27,1380],"class_list":{"0":"post-386655","1":"post","2":"type-post","3":"status-publish","4":"format-standard","5":"has-post-thumbnail","7":"category-livres","8":"tag-books","9":"tag-culture","10":"tag-divertissement","11":"tag-entertainment","12":"tag-fr","13":"tag-france","14":"tag-livres"},"share_on_mastodon":{"url":"https:\/\/pubeurope.com\/@fr\/115194365726443271","error":""},"_links":{"self":[{"href":"https:\/\/www.europesays.com\/fr\/wp-json\/wp\/v2\/posts\/386655","targetHints":{"allow":["GET"]}}],"collection":[{"href":"https:\/\/www.europesays.com\/fr\/wp-json\/wp\/v2\/posts"}],"about":[{"href":"https:\/\/www.europesays.com\/fr\/wp-json\/wp\/v2\/types\/post"}],"author":[{"embeddable":true,"href":"https:\/\/www.europesays.com\/fr\/wp-json\/wp\/v2\/users\/2"}],"replies":[{"embeddable":true,"href":"https:\/\/www.europesays.com\/fr\/wp-json\/wp\/v2\/comments?post=386655"}],"version-history":[{"count":0,"href":"https:\/\/www.europesays.com\/fr\/wp-json\/wp\/v2\/posts\/386655\/revisions"}],"wp:featuredmedia":[{"embeddable":true,"href":"https:\/\/www.europesays.com\/fr\/wp-json\/wp\/v2\/media\/386656"}],"wp:attachment":[{"href":"https:\/\/www.europesays.com\/fr\/wp-json\/wp\/v2\/media?parent=386655"}],"wp:term":[{"taxonomy":"category","embeddable":true,"href":"https:\/\/www.europesays.com\/fr\/wp-json\/wp\/v2\/categories?post=386655"},{"taxonomy":"post_tag","embeddable":true,"href":"https:\/\/www.europesays.com\/fr\/wp-json\/wp\/v2\/tags?post=386655"}],"curies":[{"name":"wp","href":"https:\/\/api.w.org\/{rel}","templated":true}]}}