{"id":386657,"date":"2025-09-13T01:21:10","date_gmt":"2025-09-13T01:21:10","guid":{"rendered":"https:\/\/www.europesays.com\/fr\/386657\/"},"modified":"2025-09-13T01:21:10","modified_gmt":"2025-09-13T01:21:10","slug":"mask-singer-2025-on-a-deja-demasque-le-castor-il-sagit-dun-celebre-acteur-et-humoriste-francais","status":"publish","type":"post","link":"https:\/\/www.europesays.com\/fr\/386657\/","title":{"rendered":"\u00ab\u00a0Mask Singer\u00a0\u00bb 2025 : On a d\u00e9j\u00e0 d\u00e9masqu\u00e9 \u00ab\u00a0Le Castor\u00a0\u00bb\u2026 Il s\u2019agit d\u2019un c\u00e9l\u00e8bre acteur et humoriste fran\u00e7ais"},"content":{"rendered":"<p>La suite apr\u00e8s la publicit\u00e9<\/p>\n<p>C&rsquo;est un personnage tr\u00e8s mignon qui a d\u00e9barqu\u00e9 vendredi 12 septembre sur le plateau de \u201c<a href=\"https:\/\/www.ozap.com\/actu\/mask-singer-2025-nouveautes-costumes-jures-casting-date-de-diffusion-tout-ce-qu-il-faut-savoir-sur-la-saison-8-de-l-emission-de-tf1\/651230\" rel=\"nofollow noopener\" target=\"_blank\">Mask Singer<\/a>\u201d&#8230; Et gr\u00e2ce aux indices sur le Castor, diss\u00e9min\u00e9s dans le magn\u00e9to d\u00e9voil\u00e9 en ce d\u00e9but de l&rsquo;aventure, <strong>puremedias.com<\/strong> est d\u00e9j\u00e0 persuad\u00e9 de son identit\u00e9 : il s&rsquo;agit de l&rsquo;acteur et humoriste marseillais Patrick Bosso. Au cin\u00e9ma, il a \u00e9t\u00e9 au casting des films \u00ab\u00a0Marseille\u00a0\u00bb, \u00ab\u00a0Les coll\u00e8gues\u00a0\u00bb, \u00ab\u00a0Bienvenue chez Ch&#8217;tis\u00a0\u00bb, etc.<\/p>\n<p>Des indices importants<\/p>\n<p>Quels indices ont \u00e9t\u00e9 extr\u00eamement utiles pour nous permettre de d\u00e9masquer le Castor qui a chant\u00e9 \u00ab\u00a0Si maman si\u00a0\u00bb de France Gall, tout en laissant deviner un accent semblant \u00eatre celui du sud de la France ? Au cours du num\u00e9ro \u00ab Sp\u00e9ciale Chanson Fran\u00e7aise \u00bb pr\u00e9sent\u00e9 par <a href=\"https:\/\/www.ozap.com\/personnalite\/camille-combal_e124623\" rel=\"nofollow noopener\" target=\"_blank\">Camille Combal<\/a>, on a appris que cette c\u00e9l\u00e9brit\u00e9 avait \u00e9t\u00e9 s\u00e9lectionn\u00e9e et form\u00e9e par des gens r\u00e9compens\u00e9s, m\u00e9daill\u00e9s, acclam\u00e9s et un peu d\u00e9cri\u00e9s. Et on a eu droit, tout comme les enqu\u00eateurs <a href=\"https:\/\/www.ozap.com\/actu\/cest-toujours-un-peu-effrayant-pour-eux-pourquoi-kev-adams-a-connu-des-difficultes-pour-attirer-des-humoristes-celebres-dans-lhumour-a-la-plage-2-sur-tf1\/650818\" rel=\"nofollow noopener\" target=\"_blank\">Kev Adams<\/a>, <a href=\"https:\/\/www.ozap.com\/actu\/mask-singer-pourquoi-michael-youn-remplace-t-il-laurent-ruquier-a-la-presentation-de-la-deuxieme-partie-de-soiree-sur-tf1\/651572\" rel=\"nofollow noopener\" target=\"_blank\">Micha\u00ebl Youn<\/a>, <a href=\"https:\/\/www.ozap.com\/personnalite\/laurent-ruquier_e161\" rel=\"nofollow noopener\" target=\"_blank\">Laurent Ruquier<\/a> et <a href=\"https:\/\/www.ozap.com\/actu\/chantal-ladesou-debarque-dans-scenes-de-menages-sur-m6-et-donnera-la-replique-a-gerard-hernandez\/648034\" rel=\"nofollow noopener\" target=\"_blank\">Chantal Ladesou<\/a>, aux indices suivants :\u00a0<\/p>\n<p>&#8211; Le bleu comme couleur<br \/>&#8211; Sa mati\u00e8re pr\u00e9f\u00e9r\u00e9e est le sport, notamment le football<br \/>&#8211; Z\u00e9ro<\/p>\n<p>Si on peut dire que Patrick Bosso a \u00e9t\u00e9 \u00ab\u00a0form\u00e9 par des gens r\u00e9compens\u00e9s, m\u00e9daill\u00e9s, acclam\u00e9s et un peu d\u00e9cri\u00e9s\u00a0\u00bb, c&rsquo;est qu&rsquo;il a fait ses d\u00e9buts en solo dans le one-man-show \u00ab\u00a0C&rsquo;est m\u00e9chant\u00a0\u00bb, avec l&rsquo;aide financi\u00e8re du footballeur de l\u00e9gende Eric Cantona. Malheureusement pour le comique, ce fut un \u00e9chec cuisant.<\/p>\n<p>Le bleu semble faire r\u00e9f\u00e9rence \u00e0 la couleur de la mer ou au drapeau de Marseille qui est blanc \u00e0 la croix d&rsquo;azur. Concernant le z\u00e9ro, cela pourrait avoir un rapport avec le fait qu&rsquo;enfant, Patrick Bosso n&rsquo;\u00e9tait pas un bon \u00e9l\u00e8ve, pr\u00e9f\u00e9rant le foot \u00e0 l&rsquo;\u00e9cole. Il avait \u00e9t\u00e9 remarqu\u00e9 \u00e0 l&rsquo;\u00e2ge de 12 ans par les recruteurs de l&rsquo;Olympique de Marseille o\u00f9 il a eu le privi\u00e8ge de jouer durant 4 ans.<\/p>\n<p>A lire aussi : <a href=\"https:\/\/www.ozap.com\/actu\/mask-singer-2025-surprise-tf1-devoile-deja-la-star-qui-se-cache-sous-le-costume-du-dj-il-s-agit-d-un-celebre-youtubeur-francais\/651541\" rel=\"nofollow noopener\" target=\"_blank\">\u00ab\u00a0Mask Singer\u00a0\u00bb 2025 : Surprise ! TF1 d\u00e9voile (d\u00e9j\u00e0) la star qui se cache sous le costume du DJ&#8230; il s&rsquo;agit d&rsquo;un c\u00e9l\u00e8bre youtubeur fran\u00e7ais<\/a><\/p>\n<p>Notez que Patrick Bosso n&rsquo;est pas pr\u00e8s d&rsquo;\u00eatre d\u00e9masqu\u00e9 par le jury d\u2019enqu\u00eateurs. Pendant le prime du 12 septembre, ils ont pens\u00e9 \u00e0 Beno\u00eet Tr\u00e9moulinas, Emmanuel Petit, ou encore Bixente Lizarazu.<\/p>\n","protected":false},"excerpt":{"rendered":"La suite apr\u00e8s la publicit\u00e9 C&rsquo;est un personnage tr\u00e8s mignon qui a d\u00e9barqu\u00e9 vendredi 12 septembre sur le&hellip;\n","protected":false},"author":2,"featured_media":386658,"comment_status":"","ping_status":"","sticky":false,"template":"","format":"standard","meta":{"footnotes":""},"categories":[1356],"tags":[58,59,1011,27,252,1364],"class_list":{"0":"post-386657","1":"post","2":"type-post","3":"status-publish","4":"format-standard","5":"has-post-thumbnail","7":"category-television","8":"tag-divertissement","9":"tag-entertainment","10":"tag-fr","11":"tag-france","12":"tag-television","13":"tag-tv"},"share_on_mastodon":{"url":"https:\/\/pubeurope.com\/@fr\/115194369442713702","error":""},"_links":{"self":[{"href":"https:\/\/www.europesays.com\/fr\/wp-json\/wp\/v2\/posts\/386657","targetHints":{"allow":["GET"]}}],"collection":[{"href":"https:\/\/www.europesays.com\/fr\/wp-json\/wp\/v2\/posts"}],"about":[{"href":"https:\/\/www.europesays.com\/fr\/wp-json\/wp\/v2\/types\/post"}],"author":[{"embeddable":true,"href":"https:\/\/www.europesays.com\/fr\/wp-json\/wp\/v2\/users\/2"}],"replies":[{"embeddable":true,"href":"https:\/\/www.europesays.com\/fr\/wp-json\/wp\/v2\/comments?post=386657"}],"version-history":[{"count":0,"href":"https:\/\/www.europesays.com\/fr\/wp-json\/wp\/v2\/posts\/386657\/revisions"}],"wp:featuredmedia":[{"embeddable":true,"href":"https:\/\/www.europesays.com\/fr\/wp-json\/wp\/v2\/media\/386658"}],"wp:attachment":[{"href":"https:\/\/www.europesays.com\/fr\/wp-json\/wp\/v2\/media?parent=386657"}],"wp:term":[{"taxonomy":"category","embeddable":true,"href":"https:\/\/www.europesays.com\/fr\/wp-json\/wp\/v2\/categories?post=386657"},{"taxonomy":"post_tag","embeddable":true,"href":"https:\/\/www.europesays.com\/fr\/wp-json\/wp\/v2\/tags?post=386657"}],"curies":[{"name":"wp","href":"https:\/\/api.w.org\/{rel}","templated":true}]}}