{"id":386659,"date":"2025-09-13T01:22:11","date_gmt":"2025-09-13T01:22:11","guid":{"rendered":"https:\/\/www.europesays.com\/fr\/386659\/"},"modified":"2025-09-13T01:22:11","modified_gmt":"2025-09-13T01:22:11","slug":"kendji-girac-sort-un-nouveau-single-pour-tourner-la-page-apres-sa-blessure-par-balle","status":"publish","type":"post","link":"https:\/\/www.europesays.com\/fr\/386659\/","title":{"rendered":"Kendji Girac sort un nouveau single pour tourner la page apr\u00e8s sa blessure par balle"},"content":{"rendered":"<p>Pr\u00e8s d&rsquo;un an et demi apr\u00e8s s&rsquo;\u00eatre bless\u00e9 par balle au niveau de la poitrine dans des circonstances myst\u00e9rieuses, Kendji Girac sort ce vendredi un nouveau single ent\u00eatant, baptis\u00e9 \u00ab\u00a0Oublier\u00a0\u00bb.<\/p>\n<p>\u00ab\u00a0Ensemble, on oublie les probl\u00e8mes, toi et moi \/ Oublier, oublier, toi et moi [&#8230;] \/ Un peu de r\u00e9confort, juste un peu d&rsquo;amiti\u00e9 \/\u00a0Pour te sentir plus fort, c&rsquo;est comme \u00e7a qu&rsquo;on s&rsquo;est trouv\u00e9s\u00a0\u00bb. Dans son tout nouveau morceau Oublier, d\u00e9voil\u00e9 ce vendredi 12 septembre, <a href=\"https:\/\/www.bfmtv.com\/people\/kendji-girac_DN-202404220283.html\" title=\"Kendji Girac\" class=\"internal_link\" rel=\"nofollow noopener\" target=\"_blank\">Kendji Girac<\/a> \u00e9voque l&rsquo;amiti\u00e9 et le soutien re\u00e7us face aux \u00e9preuves de la vie.<\/p>\n<\/p>\n<p>Des paroles qui font tr\u00e8s fortement \u00e9cho <a href=\"https:\/\/www.bfmtv.com\/replay-emissions\/90-minutes-aurelie-casse\/kendji-dit-avoir-voulu-simuler-un-suicide-25-04_VN-202404250979.html\" title=\"Kendji dit avoir voulu simuler un suicide - 25\/04\" class=\"internal_link\" rel=\"nofollow noopener\" target=\"_blank\">au drame qu&rsquo;il a v\u00e9cu en avril 2024<\/a>, lorsqu&rsquo;il s&rsquo;est bless\u00e9 par balle \u00e0 la poitrine. Lors de l&rsquo;enqu\u00eate judiciaire, il avait indiqu\u00e9 \u00ab\u00a0s\u2019\u00eatre tir\u00e9 dessus tout seul\u00a0\u00bb, pour \u00ab\u00a0simuler un suicide\u00a0\u00bb apr\u00e8s que sa femme, Soraya Miranda, lui avait annonc\u00e9 son intention de le quitter. Une hypoth\u00e8se que cette derni\u00e8re avait n\u00e9anmoins <a href=\"https:\/\/www.bfmtv.com\/replay-emissions\/week-end-direct\/kendji-sa-femme-dement-un-chantage-au-suicide-05-05_VN-202405050467.html\" title=\"Kendji : sa femme d\u00e9ment un chantage au suicide - 05\/05\" class=\"internal_link\" rel=\"nofollow noopener\" target=\"_blank\">d\u00e9mentie<\/a>. L&rsquo;affaire avait ensuite \u00e9t\u00e9 <a href=\"https:\/\/www.bfmtv.com\/police-justice\/l-affaire-kendji-girac-classee-sans-suite_VN-202406250071.html\" title=\"L&#039;affaire Kendji Girac class\u00e9e sans suite\" class=\"internal_link\" rel=\"nofollow noopener\" target=\"_blank\">class\u00e9e sans suite<\/a>.<\/p>\n<p>Moult projets<\/p>\n<p>Le musicien gypsy revient donc de plus en plus sur le devant de la sc\u00e8ne ces derniers mois. Mardi, il accompagnait des personnes en situation d&rsquo;illettrisme dans un programme d&rsquo;apprentissage intensif dans l&rsquo;\u00e9mission J&rsquo;ai pas les mots, 8 semaines pour sortir de l&rsquo;ill\u00e9trisme, diffus\u00e9e sur France 2.<\/p>\n<p>Il y a quelques mois, le jeune papa d\u00e9voilait \u00e9galement une reprise de Je vis pour elle avec Andrea Bocelli, puis une autre, tr\u00e8s ensoleill\u00e9e, d&rsquo;Un, Dos, Tres de Ricky Martin. En octobre 2024, il avait par ailleurs publi\u00e9 son sixi\u00e8me (et dernier) album <a href=\"https:\/\/www.bfmtv.com\/people\/kendji-fait-son-retour-avec-l-album-vivre-et-fete-ses-10-ans-de-carriere_VN-202410040141.html\" title=\"Kendji fait son retour avec l&#039;album &quot;Vivre&quot; et f\u00eate ses 10 ans de carri\u00e8re\" class=\"internal_link\" rel=\"nofollow noopener\" target=\"_blank\">Vivre&#8230;<\/a>, en collaborant avec Vianney, Louane ou Ycare.<\/p>\n<p>Kendji Girac publiera \u00e9galement le 1er octobre prochain le r\u00e9cit autobiographique <a href=\"https:\/\/www.bfmtv.com\/people\/c-est-toute-ma-verite-kendji-girac-annonce-la-sortie-de-son-premier-livre-mi-vida-en-octobre_AN-202508010291.html\" title=\"&quot;C\u2019est toute ma v\u00e9rit\u00e9&quot;: Kendji Girac annonce la sortie de son premier livre &quot;Mi Vida&quot; en octobre\" class=\"internal_link\" rel=\"nofollow noopener\" target=\"_blank\">Mi Vida<\/a> (aux \u00e9ditions Flammarion), dans lequel il revient sur sa vie, sans \u00e9carter la blessure par balle ultra m\u00e9diatis\u00e9e qu&rsquo;il a v\u00e9cue.<\/p>\n","protected":false},"excerpt":{"rendered":"Pr\u00e8s d&rsquo;un an et demi apr\u00e8s s&rsquo;\u00eatre bless\u00e9 par balle au niveau de la poitrine dans des circonstances&hellip;\n","protected":false},"author":2,"featured_media":289048,"comment_status":"","ping_status":"","sticky":false,"template":"","format":"standard","meta":{"footnotes":""},"categories":[1355],"tags":[58,59,1011,27,1361,873],"class_list":{"0":"post-386659","1":"post","2":"type-post","3":"status-publish","4":"format-standard","5":"has-post-thumbnail","7":"category-musique","8":"tag-divertissement","9":"tag-entertainment","10":"tag-fr","11":"tag-france","12":"tag-music","13":"tag-musique"},"share_on_mastodon":{"url":"https:\/\/pubeurope.com\/@fr\/115194373384891528","error":""},"_links":{"self":[{"href":"https:\/\/www.europesays.com\/fr\/wp-json\/wp\/v2\/posts\/386659","targetHints":{"allow":["GET"]}}],"collection":[{"href":"https:\/\/www.europesays.com\/fr\/wp-json\/wp\/v2\/posts"}],"about":[{"href":"https:\/\/www.europesays.com\/fr\/wp-json\/wp\/v2\/types\/post"}],"author":[{"embeddable":true,"href":"https:\/\/www.europesays.com\/fr\/wp-json\/wp\/v2\/users\/2"}],"replies":[{"embeddable":true,"href":"https:\/\/www.europesays.com\/fr\/wp-json\/wp\/v2\/comments?post=386659"}],"version-history":[{"count":0,"href":"https:\/\/www.europesays.com\/fr\/wp-json\/wp\/v2\/posts\/386659\/revisions"}],"wp:featuredmedia":[{"embeddable":true,"href":"https:\/\/www.europesays.com\/fr\/wp-json\/wp\/v2\/media\/289048"}],"wp:attachment":[{"href":"https:\/\/www.europesays.com\/fr\/wp-json\/wp\/v2\/media?parent=386659"}],"wp:term":[{"taxonomy":"category","embeddable":true,"href":"https:\/\/www.europesays.com\/fr\/wp-json\/wp\/v2\/categories?post=386659"},{"taxonomy":"post_tag","embeddable":true,"href":"https:\/\/www.europesays.com\/fr\/wp-json\/wp\/v2\/tags?post=386659"}],"curies":[{"name":"wp","href":"https:\/\/api.w.org\/{rel}","templated":true}]}}