{"id":386660,"date":"2025-09-13T01:23:15","date_gmt":"2025-09-13T01:23:15","guid":{"rendered":"https:\/\/www.europesays.com\/fr\/386660\/"},"modified":"2025-09-13T01:23:15","modified_gmt":"2025-09-13T01:23:15","slug":"les-nouveautes-films-et-series-a-voir-sur-netflix-du-12-au-18-septembre-2025","status":"publish","type":"post","link":"https:\/\/www.europesays.com\/fr\/386660\/","title":{"rendered":"Les nouveaut\u00e9s films et s\u00e9ries \u00e0 voir sur Netflix du 12 au 18 septembre 2025"},"content":{"rendered":"<p><strong>Netflix balance nombre de films et s\u00e9ries dans son catalogue chaque semaine, sans qu\u2019on les remarque ou que la plateforme ne l\u2019annonce officiellement. \u00c9cran Large revient sur les nouveaut\u00e9s ajout\u00e9es par\u00a0<a href=\"https:\/\/www.ecranlarge.com\/c\/streaming\/netflix\" rel=\"nofollow noopener\" target=\"_blank\">Netflix<\/a>\u00a0du 12 au 18 septembre 2025, films et s\u00e9ries confondus dans une liste non exhaustive.<\/strong><\/p>\n<p><strong>Quels sont les films et les s\u00e9ries \u00e0 ne pas manquer cette semaine sur la plateforme de streaming ?<\/strong><\/p>\n<p>Paris Perdu<\/p>\n<ul class=\"wp-block-list\">\n<li>D\u00e9j\u00e0 disponible<\/li>\n<li>Dur\u00e9e : 1h47<\/li>\n<\/ul>\n<p><strong>De quoi \u00e7a parle<\/strong> : Quand Dawn, une candidate, comprend que l\u2019\u00e9mission de rencontres \u00e0 laquelle elle doit participer va d\u00e9rouler \u00e0 Paris au Texas, et non dans la capitale fran\u00e7aise, elle veut tout arr\u00eater, jusqu\u2019\u00e0 ce qu\u2019elle craque sur le pr\u00e9tendant. <\/p>\n<p><a href=\"https:\/\/www.netflix.com\/fr\/title\/81676312#:~:text=L&#039;histoire%20des%20s%C5%93urs%20Baladro,du%20roman%20de%20Jorge%20Ibarg%C3%BCengoitia.\" target=\"_blank\" rel=\"noopener nofollow\"><strong>Pourquoi il faut regarder<\/strong> : Vous aimez <strong>Emily in Paris <\/strong>? Si oui, peut-\u00eatre que vous aimerez \u00ab\u00a0Dawn in Paris\u00a0\u00bb, de son vrai nom <strong>Paris Perdu<\/strong>. Sinon, fuyez, pauvres fous. Comme dans la s\u00e9rie avec Lily Collins, tout le monde est beau et amoureux, et la vie ressemble \u00e0 une pub pour parfum (celle de Miss Dior avec Natalie Portman), loin des probl\u00e8mes du quotidien, ce qui peut \u00eatre r\u00e9confortant, on imagine. On note aussi les r\u00e9f\u00e9rences aux \u00e9missions de t\u00e9l\u00e9r\u00e9alit\u00e9 et de s\u00e9duction fa\u00e7on<strong> Le Bachelor<\/strong> ou <strong>Les Princes et les Princesses De l\u2019Amour<\/strong>. \u00c0 vous de voir si c\u2019est un bon argument de vente ou pas.<\/p>\n<p>LE SEPTI\u00c8ME FILS <\/p>\n<ul class=\"wp-block-list\">\n<li>Disponible le 17 septembre <\/li>\n<li>Dur\u00e9e : 1h42 <\/li>\n<\/ul>\n<p><a href=\"https:\/\/www.ecranlarge.com\/content\/uploads\/2020\/04\/le-septieme-fils-photo-1174640.jpg\" rel=\"nofollow noopener\" target=\"_blank\"><img loading=\"lazy\" decoding=\"async\" alt=\"Le Septi\u00e8me Fils : photo\" class=\"wp-image-145316\" src=\"https:\/\/www.europesays.com\/fr\/wp-content\/uploads\/2025\/09\/le-septieme-fils-photo-1174640-630x387.jpg\" width=\"630\" height=\"387\"  \/><\/a>Avant de cliquer sur \u00ab\u00a0Play\u00a0\u00bb<\/p>\n<p><strong>De quoi \u00e7a parle<\/strong> : Au XVIIIe\u00a0si\u00e8cle, un apprenti exorciste se retrouve au milieu d\u2019un affrontement entre le bien et le mal quand une sorci\u00e8re diabolique parvient \u00e0 s\u2019\u00e9chapper de prison.<\/p>\n<p><strong>Pourquoi il faut regarder<\/strong> : Pour comprendre ce qu\u2019est vraiment une adaptation foir\u00e9e et relativiser \u00e0 peu pr\u00e8s tout ce que le cin\u00e9ma a produit dans cette cat\u00e9gorie depuis 20 ans. Certes, <strong>L\u2019\u00c9pouvanteur <\/strong>n\u2019a pas r\u00e9volutionn\u00e9 la litt\u00e9rature jeunesse, mais la saga doit son succ\u00e8s (m\u00e9rit\u00e9) \u00e0 un univers plus sombre que la moyenne et une galerie de personnages fantastiques hauts en couleur. <strong>Exactement l\u2019inverse donc de ce blockbuster<\/strong> au budget avoisinant les 100 millions de dollars.<\/p>\n<p>L\u2019atmosph\u00e8re glauque laisse place \u00e0 un monde de fantasy \u00e0 peu pr\u00e8s aussi g\u00e9n\u00e9rique qu\u2019un d\u00e9cor de parc d\u2019attractions local, o\u00f9 Jeff Bridges n\u2019essaie m\u00eame pas de faire semblant de s\u2019amuser. Et c\u2019est le personnage le plus marquant de cet embarrassant carambolage. D\u2019ailleurs, qui se souvenait encore de son existence ?<\/p>\n<p>Black Rabbit<\/p>\n<ul class=\"wp-block-list\">\n<li>Disponible le 18 septembre<\/li>\n<li>Dur\u00e9e : 8 \u00e9pisodes<\/li>\n<\/ul>\n<p><strong>De quoi \u00e7a parle<\/strong> : Lorsque le propri\u00e9taire d\u2019un \u00e9tablissement tendance new-yorkais permet \u00e0 son turbulent fr\u00e8re de revenir dans sa vie, il ouvre la porte \u00e0 toute une s\u00e9rie de d\u00e9boires qui menacent de d\u00e9truire tout ce qu\u2019il a construit.<\/p>\n<p><strong>Pourquoi il faut la regarder <\/strong>: Cr\u00e9\u00e9e par Zach Baylin et Kate Susman (sc\u00e9nariste et productrice d\u00e9l\u00e9gu\u00e9e du film <strong>The Order<\/strong>), <strong><a href=\"https:\/\/www.ecranlarge.com\/series\/black-rabbit\" data-type=\"series\" data-id=\"1331795\" rel=\"nofollow noopener\" target=\"_blank\">Black Rabbit<\/a><\/strong> fait de nouveau appel \u00e0 Jude Law, cette fois accompagn\u00e9 par Jason Bateman dans le r\u00f4le de ce fr\u00e8re turbulent, qui va ramener les ennuis. \u00c0 noter que Justin Kurzel, le r\u00e9alisateur de <strong>The Order<\/strong>, r\u00e9alise lui-m\u00eame les derniers \u00e9pisodes de ce thriller o\u00f9 les teintes verd\u00e2tres de la ville accompagnent les ressentiments de cette fratrie bizarre.<\/p>\n<p>\u00c0 la fois buddy movie avec des personnages oppos\u00e9s, drame urbain et r\u00e9cit de voyous oppressant, la s\u00e9rie promet de beaucoup se reposer sur son casting prestigieux, auquel s\u2019ajoutent Cleopatra Coleman (<strong>The Last Man on Earth<\/strong>), Sope Dirisu (<strong>Gangs of London<\/strong>) et Odessa Young (<strong>Assassination Nation<\/strong>).<\/p>\n<p>Blackkklansman<\/p>\n<ul class=\"wp-block-list\">\n<li>Disponible le 18 septembre<\/li>\n<li>Dur\u00e9e : 2h15<\/li>\n<\/ul>\n<p><a href=\"https:\/\/www.ecranlarge.com\/content\/uploads\/2025\/09\/image-34.png\" rel=\"nofollow noopener\" target=\"_blank\"><\/p>\n<p><img loading=\"lazy\" decoding=\"async\" alt=\"adam driver john david washington blackkklansman\" src=\"https:\/\/www.europesays.com\/fr\/wp-content\/uploads\/2025\/09\/image-34-1260x709.png\" width=\"1260\" height=\"709\"  \/><\/p>\n<p><\/a>\u00c7a va d\u00e9gommer de la capuche<\/p>\n<p><strong>De quoi \u00e7a parle<\/strong> : Dans les ann\u00e9es 1970, un policier noir est charg\u00e9 d\u2019infiltrer les rangs du Ku Klux Klan tout en \u00e9tant confront\u00e9 au racisme de sa propre brigade. Tir\u00e9 de l\u2019histoire vraie de Ron Stallworth.<\/p>\n<p><strong>Pourquoi il faut le regarder<\/strong> : Cette perle sign\u00e9e Spike Lee et pr\u00e9sent\u00e9e au festival de Cannes 2018 (dont elle repart avec le Grand Prix) n\u2019a connu que trop peu de rayonnement depuis, et c\u2019est bien dommage. <strong>Le John David Washington d\u2019avant <\/strong><strong>Tenet<\/strong>, qui trouve ici l\u2019un de ses meilleurs (son meilleur ?) r\u00f4les, porte avec une aisance d\u00e9concertante cette histoire \u00e0 dormir debout aux c\u00f4t\u00e9s d\u2019un <strong>Adam Driver au top de sa forme<\/strong>. Traitant de sujet lourds et r\u00e9voltants, Spike Lee parvient \u00e0 y ajouter<strong> l\u2019humour qui rend l\u2019ensemble digeste et color\u00e9<\/strong> sans jamais en diminuer le message.<\/p>\n<p>Le cin\u00e9aste int\u00e8gre habilement (\u00e0 d\u00e9faut de subtilement) dans un r\u00e9cit historique tout un sous-texte sur la blacksploitation, \u00e0 l\u2019aide d\u2019<strong>une mise en sc\u00e8ne tr\u00e8s inspir\u00e9e et esth\u00e9tique<\/strong>. <strong><a href=\"https:\/\/www.ecranlarge.com\/films\/1003164-black-klansman\" data-type=\"films\" data-id=\"686526\" rel=\"nofollow noopener\" target=\"_blank\">BlacKkKlansman<\/a><\/strong> est le genre de film qui nourrira tout le monde : suspens, action, humour, dialogues incisifs, tension extr\u00eame, intelligence du regard\u2026 tout y est divertissant mais plein de sens.<strong> Le film \u00e0 conseiller \u00e0 tout le monde, et \u00e0 revoir sans mod\u00e9ration.<\/strong><\/p>\n<p>MAIS AUSSI\u2026<\/p>\n<p>Les Mal\u00e9dictions, Toi et tout le reste, The Ba***ds of Bollywood, Same Day with Someone, Les Fr\u00e8res Grimm, Supercondriaque, La Rel\u00e8ve des Chefs, 1670 : Saison 2\u2026<\/p>\n","protected":false},"excerpt":{"rendered":"Netflix balance nombre de films et s\u00e9ries dans son catalogue chaque semaine, sans qu\u2019on les remarque ou que&hellip;\n","protected":false},"author":2,"featured_media":386661,"comment_status":"","ping_status":"","sticky":false,"template":"","format":"standard","meta":{"footnotes":""},"categories":[1354],"tags":[58,59,1346,1011,27,1360],"class_list":{"0":"post-386660","1":"post","2":"type-post","3":"status-publish","4":"format-standard","5":"has-post-thumbnail","7":"category-films","8":"tag-divertissement","9":"tag-entertainment","10":"tag-films","11":"tag-fr","12":"tag-france","13":"tag-movies"},"share_on_mastodon":{"url":"https:\/\/pubeurope.com\/@fr\/115194377582826421","error":""},"_links":{"self":[{"href":"https:\/\/www.europesays.com\/fr\/wp-json\/wp\/v2\/posts\/386660","targetHints":{"allow":["GET"]}}],"collection":[{"href":"https:\/\/www.europesays.com\/fr\/wp-json\/wp\/v2\/posts"}],"about":[{"href":"https:\/\/www.europesays.com\/fr\/wp-json\/wp\/v2\/types\/post"}],"author":[{"embeddable":true,"href":"https:\/\/www.europesays.com\/fr\/wp-json\/wp\/v2\/users\/2"}],"replies":[{"embeddable":true,"href":"https:\/\/www.europesays.com\/fr\/wp-json\/wp\/v2\/comments?post=386660"}],"version-history":[{"count":0,"href":"https:\/\/www.europesays.com\/fr\/wp-json\/wp\/v2\/posts\/386660\/revisions"}],"wp:featuredmedia":[{"embeddable":true,"href":"https:\/\/www.europesays.com\/fr\/wp-json\/wp\/v2\/media\/386661"}],"wp:attachment":[{"href":"https:\/\/www.europesays.com\/fr\/wp-json\/wp\/v2\/media?parent=386660"}],"wp:term":[{"taxonomy":"category","embeddable":true,"href":"https:\/\/www.europesays.com\/fr\/wp-json\/wp\/v2\/categories?post=386660"},{"taxonomy":"post_tag","embeddable":true,"href":"https:\/\/www.europesays.com\/fr\/wp-json\/wp\/v2\/tags?post=386660"}],"curies":[{"name":"wp","href":"https:\/\/api.w.org\/{rel}","templated":true}]}}