{"id":386662,"date":"2025-09-13T01:24:20","date_gmt":"2025-09-13T01:24:20","guid":{"rendered":"https:\/\/www.europesays.com\/fr\/386662\/"},"modified":"2025-09-13T01:24:20","modified_gmt":"2025-09-13T01:24:20","slug":"y-a-t-il-un-groupe-sanguin-plus-resistant-au-cancer","status":"publish","type":"post","link":"https:\/\/www.europesays.com\/fr\/386662\/","title":{"rendered":"Y a-t-il un groupe sanguin plus r\u00e9sistant au cancer ?"},"content":{"rendered":"<p class=\"mb-4 text-lg md:leading-8 break-words\">Le lien entre groupe sanguin et sant\u00e9 intrigue depuis longtemps. Utilis\u00e9 en m\u00e9decine pour les transfusions, le syst\u00e8me ABO serait aussi associ\u00e9 \u00e0 une plus ou moins grande vuln\u00e9rabilit\u00e9 \u00e0 certaines pathologies, notamment les cancers. Plusieurs \u00e9tudes r\u00e9centes, men\u00e9es dans diff\u00e9rents pays, tendent \u00e0 montrer qu\u2019un groupe sanguin pourrait offrir une forme de protection naturelle face \u00e0 certains types de tumeurs, tandis que d&rsquo;autres groupes seraient plus expos\u00e9s. Mais qu\u2019en est-il vraiment ? Faut-il s\u2019inqui\u00e9ter de son groupe sanguin ou, au contraire, s\u2019en r\u00e9jouir ? Voici les r\u00e9ponses que nous apportent les travaux scientifiques disponibles \u00e0 ce jour.<\/p>\n<p class=\"mb-4 text-lg md:leading-8 break-words\">Parmi les diff\u00e9rents groupes sanguins (A, B, AB et O), le groupe O appara\u00eet comme le plus souvent associ\u00e9 \u00e0 une protection accrue contre plusieurs formes de cancers. Des \u00e9tudes ont r\u00e9v\u00e9l\u00e9 que les personnes du groupe O pr\u00e9sentent un risque significativement plus faible de d\u00e9velopper certains cancers digestifs, notamment le cancer de l\u2019estomac et le cancer du pancr\u00e9as. Par exemple, selon une \u00e9tude de l&rsquo;Universit\u00e9 Karolska en Su\u00e8de, les individus du groupe O sont moins susceptibles de souffrir de tumeurs malignes de l\u2019estomac, tandis que ceux du groupe A y sont plus expos\u00e9s. Une autre \u00e9tude iranienne men\u00e9e sur 50 000 personnes pendant 7 ans a \u00e9galement conclu que les personnes des groupes A, B et AB avaient un risque de cancer de l\u2019estomac accru de 55 % par rapport au groupe O. Cette m\u00eame recherche a mis en \u00e9vidence que les personnes du groupe (&#8230;)<\/p>\n<p class=\"mb-4 text-lg md:leading-8 break-words\">(&#8230;) <a href=\"https:\/\/www.caminteresse.fr\/sante\/y-a-t-il-un-groupe-sanguin-plus-resistant-au-cancer-11203378\/\" rel=\"nofollow noopener\" target=\"_blank\" data-ylk=\"slk:Cliquez ici pour voir la suite;elm:context_link;itc:0;sec:content-canvas\" class=\"link \">Cliquez ici pour voir la suite<\/a><\/p>\n<p class=\"mb-4 text-lg md:leading-8 break-words\"><a href=\"https:\/\/www.caminteresse.fr\/sante\/faut-il-adapter-son-alimentation-a-son-groupe-sanguin-11192934\/\" rel=\"nofollow noopener\" target=\"_blank\" data-ylk=\"slk:Faut-il adapter son alimentation \u00e0 son groupe sanguin ?;elm:context_link;itc:0;sec:content-canvas\" class=\"link \">Faut-il adapter son alimentation \u00e0 son groupe sanguin ?<\/a><br \/><a href=\"https:\/\/www.caminteresse.fr\/sante\/jeux-olympiques-de-paris-y-a-t-il-un-risque-d-epidemie-11193277\/\" rel=\"nofollow noopener\" target=\"_blank\" data-ylk=\"slk:Jeux Olympiques de Paris : y a-t-il un risque d&#039;\u00e9pid\u00e9mie ?;elm:context_link;itc:0;sec:content-canvas\" class=\"link \">Jeux Olympiques de Paris : y a-t-il un risque d&rsquo;\u00e9pid\u00e9mie ?<\/a><br \/><a href=\"https:\/\/www.caminteresse.fr\/sante\/quel-risque-y-a-t-il-a-chauffer-des-aliments-surgele-au-micro-onde-11203323\/\" rel=\"nofollow noopener\" target=\"_blank\" data-ylk=\"slk:Quel risque y a-t-il \u00e0 chauffer des aliments surgel\u00e9 au micro-onde ?;elm:context_link;itc:0;sec:content-canvas\" class=\"link \">Quel risque y a-t-il \u00e0 chauffer des aliments surgel\u00e9 au micro-onde ?<\/a><br \/><a href=\"https:\/\/www.caminteresse.fr\/sante\/combien-y-a-t-il-de-calories-dans-une-pomme-11194718\/\" rel=\"nofollow noopener\" target=\"_blank\" data-ylk=\"slk:Combien y a-t-il de calories dans une pomme ?;elm:context_link;itc:0;sec:content-canvas\" class=\"link \">Combien y a-t-il de calories dans une pomme ?<\/a><br \/><a href=\"https:\/\/www.caminteresse.fr\/sante\/y-a-t-il-un-risque-a-manger-un-aliment-apres-avoir-retire-la-partie-moisie-11200085\/\" rel=\"nofollow noopener\" target=\"_blank\" data-ylk=\"slk:Y a-t-il un risque \u00e0 manger un aliment apr\u00e8s avoir retir\u00e9 la partie moisie ?;elm:context_link;itc:0;sec:content-canvas\" class=\"link \">Y a-t-il un risque \u00e0 manger un aliment apr\u00e8s avoir retir\u00e9 la partie moisie ?<\/a><\/p>\n","protected":false},"excerpt":{"rendered":"Le lien entre groupe sanguin et sant\u00e9 intrigue depuis longtemps. Utilis\u00e9 en m\u00e9decine pour les transfusions, le syst\u00e8me&hellip;\n","protected":false},"author":2,"featured_media":386663,"comment_status":"","ping_status":"","sticky":false,"template":"","format":"standard","meta":{"footnotes":""},"categories":[10],"tags":[6520,1011,27,51924,72,71],"class_list":{"0":"post-386662","1":"post","2":"type-post","3":"status-publish","4":"format-standard","5":"has-post-thumbnail","7":"category-sante","8":"tag-cancers","9":"tag-fr","10":"tag-france","11":"tag-groupe-sanguin","12":"tag-health","13":"tag-sante"},"share_on_mastodon":{"url":"https:\/\/pubeurope.com\/@fr\/115194381224013031","error":""},"_links":{"self":[{"href":"https:\/\/www.europesays.com\/fr\/wp-json\/wp\/v2\/posts\/386662","targetHints":{"allow":["GET"]}}],"collection":[{"href":"https:\/\/www.europesays.com\/fr\/wp-json\/wp\/v2\/posts"}],"about":[{"href":"https:\/\/www.europesays.com\/fr\/wp-json\/wp\/v2\/types\/post"}],"author":[{"embeddable":true,"href":"https:\/\/www.europesays.com\/fr\/wp-json\/wp\/v2\/users\/2"}],"replies":[{"embeddable":true,"href":"https:\/\/www.europesays.com\/fr\/wp-json\/wp\/v2\/comments?post=386662"}],"version-history":[{"count":0,"href":"https:\/\/www.europesays.com\/fr\/wp-json\/wp\/v2\/posts\/386662\/revisions"}],"wp:featuredmedia":[{"embeddable":true,"href":"https:\/\/www.europesays.com\/fr\/wp-json\/wp\/v2\/media\/386663"}],"wp:attachment":[{"href":"https:\/\/www.europesays.com\/fr\/wp-json\/wp\/v2\/media?parent=386662"}],"wp:term":[{"taxonomy":"category","embeddable":true,"href":"https:\/\/www.europesays.com\/fr\/wp-json\/wp\/v2\/categories?post=386662"},{"taxonomy":"post_tag","embeddable":true,"href":"https:\/\/www.europesays.com\/fr\/wp-json\/wp\/v2\/tags?post=386662"}],"curies":[{"name":"wp","href":"https:\/\/api.w.org\/{rel}","templated":true}]}}