{"id":386665,"date":"2025-09-13T01:26:10","date_gmt":"2025-09-13T01:26:10","guid":{"rendered":"https:\/\/www.europesays.com\/fr\/386665\/"},"modified":"2025-09-13T01:26:10","modified_gmt":"2025-09-13T01:26:10","slug":"cyril-feraud-saute-de-la-grille-alerte-longue-deprogrammation","status":"publish","type":"post","link":"https:\/\/www.europesays.com\/fr\/386665\/","title":{"rendered":"Cyril F\u00e9raud saute de la grille\u00a0: alerte (longue) d\u00e9programmation"},"content":{"rendered":"<p>Il en a assez d&rsquo;\u00eatre r\u00e9duit au <strong>\u00ab\u00a0chouchou des mamies\u00a0\u00bb<\/strong>. Cyril F\u00e9raud cartonne sur France T\u00e9l\u00e9visions, un point c&rsquo;est tout. D&rsquo;ailleurs, ce n&rsquo;est sans doute pas pour rien que <a href=\"https:\/\/www.public.fr\/cyril-feraud-surprise-stephane-bern-lui-chipe-sa-place\" target=\"_blank\" rel=\"noopener\">l&rsquo;animateur de 40 ans<\/a> qui a fait ses d\u00e9buts sur Disney Channel a <strong>gravi les \u00e9chelons \u00e0 une vitesse folle<\/strong>. Ainsi, ces derni\u00e8res ann\u00e9es, <a href=\"https:\/\/www.public.fr\/cyril-feraud-cest-fini-il-a-decide-de-lever-le-pied\" target=\"_blank\" rel=\"noopener\">le pr\u00e9sentateur TV au look impeccable<\/a> s&rsquo;est vu confier un <strong>nombre incalculable d&rsquo;\u00e9missions<\/strong>. D&rsquo;ailleurs, ce samedi 13\u00a0septembre, ce dernier <strong>remet le couvert.<\/strong> <\/p>\n<p>En effet, sur France 2, \u00e0 21\u00a0h\u00a010, <a href=\"https:\/\/www.public.fr\/cyril-feraud-completement-fan-de-sa-propre-personne-lanimateur-se-lache-completement-en-pleine-emission\" target=\"_blank\" rel=\"noopener\">le papa du jeune Tim<\/a> sera aux manettes d\u2019<strong>un divertissement in\u00e9dit intitul\u00e9 \u00ab\u00a0Intuition, qui sera le plus proche\u00a0?\u00a0\u00bb <\/strong>m\u00ealant intuition et esprit de d\u00e9duction. Un rendez-vous au cours duquel <strong>150 candidats <\/strong>seront face au <a href=\"https:\/\/www.public.fr\/cyril-feraud-ambiance-tres-tendue-dans-le-couple-forme-par-joel-son-ex-champion-et-sa-femme\" target=\"_blank\" rel=\"noopener\">natif de Digne-les-Bains<\/a> et devront r\u00e9pondre \u00e0 ses questions sur la vie quotidienne des Fran\u00e7ais. Un jeu qui sera face \u00e0 \u00ab\u00a0The Voice\u00a0\u00bb sur TF1, programme d\u00e9j\u00e0 diffus\u00e9 depuis plusieurs semaines.<\/p>\n<p>En revanche, avis aux \u00ab\u00a0fans\u00a0\u00bb de Cyril F\u00e9raud. S&rsquo;il sera bien \u00e0 l&rsquo;antenne dans la soir\u00e9e du 13\u00a0septembre, il <strong>ne tiendra pas les r\u00eanes de \u00ab\u00a0Tout le monde veut prendre sa place\u00a0\u00bb \u00e0 la mi-journ\u00e9e<\/strong> ce m\u00eame jour. En effet, pas le choix pour le \u00ab\u00a0Cyril <a href=\"https:\/\/www.public.fr\/cyril-feraud-devoile-une-rare-photo-de-sa-maman-ce-lien-tout-special-quelle-entretient-avec-laurent-luyat\" target=\"_blank\" rel=\"noopener\">Gossbo\u00a0\u00bb de \u00ab\u00a0Fort Boyard\u00a0\u00bb<\/a>\u2026 Ce dernier va c\u00e9der sa place aux <strong>Championnats du Monde d&rsquo;athl\u00e9tisme de Tokyo<\/strong> qui se d\u00e9roulent du 13 au 21\u00a0septembre 2025. Au total, la pause va donc durer <strong>neuf jours<\/strong>.<\/p>\n<p>Cyril F\u00e9raud\u00a0: pour sa rentr\u00e9e, l&rsquo;animateur d\u00e9cide de lever le pied<\/p>\n<p><a href=\"https:\/\/www.google.com\/url?sa=t&amp;source=web&amp;rct=j&amp;opi=89978449&amp;url=https:\/\/vsd.fr\/69838-cyril-feraud-papa-poule-ce-cliche-de-son-fils-fait-fondre-ses-abonnes\/&amp;ved=2ahUKEwjUuurx2dOPAxW7VKQEHd03GXwQFnoECDsQAQ&amp;usg=AOvVaw2W5_nM5jvqyaFtclznWHJy\" target=\"_blank\" rel=\"noopener\">P\u00e8re d&rsquo;un b\u00e9b\u00e9 en bas \u00e2ge<\/a>, <strong>Cyril F\u00e9raud a f\u00eat\u00e9 ses 40 ans le 15\u00a0mars dernier<\/strong>. De sacr\u00e9es \u00e9tapes dans une vie. Sauf que voil\u00e0\u2026 Comment <strong>concilier vie de famille et vie professionnelle<\/strong> lorsqu&rsquo;on s&rsquo;est vu confier\u00a0: <\/p>\n<ul class=\"wp-block-list\">\n<li>\u00ab\u00a0Tout le monde veut prendre sa place\u00a0\u00bb<\/li>\n<li>\u00ab\u00a0Le Festival interceltique de Lorient\u00a0\u00bb<\/li>\n<li>\u00ab\u00a0Le T\u00e9l\u00e9thon\u00a0\u00bb<\/li>\n<li>\u00ab\u00a0La Carte aux tr\u00e9sors\u00a0\u00bb<\/li>\n<li>\u00ab\u00a0Fort Boyard\u00a0\u00bb<\/li>\n<li>\u00ab\u00a0Les Victoires de la musique\u00a0\u00bb<\/li>\n<li>\u00ab\u00a0100% logique\u00a0\u00bb<\/li>\n<li>\u00ab\u00a0The Floor\u00a0\u00bb<\/li>\n<li>\u00ab\u00a0Duels en famille\u00a0\u00bb<\/li>\n<li>Etc.<\/li>\n<\/ul>\n<p>Ainsi, <a href=\"https:\/\/www.google.com\/url?sa=t&amp;source=web&amp;rct=j&amp;opi=89978449&amp;url=https:\/\/vsd.fr\/56578-cyril-feraud-amour-enfants-argent-tout-savoir-sur-le-chouchou-de-la-tele\/&amp;ved=2ahUKEwjUuurx2dOPAxW7VKQEHd03GXwQFnoECBcQAQ&amp;usg=AOvVaw2T2czBF45rOJgK70hS0TpK\" target=\"_blank\" rel=\"noopener\">le sp\u00e9cialiste des jeux TV<\/a> a-t-il officiellement d\u00e9cid\u00e9 de lever le pied. <strong>\u00ab\u00a0<\/strong>On en a beaucoup parl\u00e9 avec France T\u00e9l\u00e9visions, <strong>je suis tr\u00e8s pr\u00e9sent, je ne veux pas l\u2019\u00eatre trop donc je vais lever le pied<\/strong>\u00ab\u00a0, a-t-il confi\u00e9 le 27\u00a0ao\u00fbt dernier lors d\u2019une conf\u00e9rence de presse. En a-t-il marre\u00a0? Absolument pas\u00a0! \u00ab\u00a0<strong>Je n\u2019en suis absolument pas lass\u00e9 et c\u2019est aussi pour \u00e7a que j\u2019ai annonc\u00e9 vouloir lever le pied, pour ne pas trop en faire, garder cette niaque, cette \u00e9nergie, cette envie et ne pas \u00eatre trop pr\u00e9sent<\/strong>\u00ab\u00a0, a-t-il pr\u00e9cis\u00e9.<\/p>\n<p>Du coup, Cyril F\u00e9raud ne sera d\u00e9sormais <strong>plus aux manettes du \u00ab\u00a0Grand concours des r\u00e9gions\u00a0\u00bb, du \u00ab\u00a0Festival international du cirque de Monte-Carlo\u00a0\u00bb, du \u00ab\u00a0Quiz des champions\u00a0\u00bb, ni m\u00eame de \u00ab\u00a0La Carte aux tr\u00e9sors\u00a0\u00bb<\/strong>. <a href=\"https:\/\/www.google.com\/url?sa=t&amp;source=web&amp;rct=j&amp;opi=89978449&amp;url=https:\/\/vsd.fr\/87342-cyril-feraud-cest-fini-ce-celebre-animateur-prend-la-releve\/&amp;ved=2ahUKEwjUuurx2dOPAxW7VKQEHd03GXwQFnoECBYQAQ&amp;usg=AOvVaw3zCQFfSqmHbidC-9Htohrg\" target=\"_blank\" rel=\"noopener\">Une aventure qu&rsquo;il c\u00e8de \u00e0 son confr\u00e8re<\/a> passionn\u00e9 d&rsquo;Histoire, St\u00e9phane Bern. <\/p>\n<p>      Mentionn\u00e9s dans cet article<\/p>\n<p>      Sur le m\u00eame sujet<\/p>\n","protected":false},"excerpt":{"rendered":"Il en a assez d&rsquo;\u00eatre r\u00e9duit au \u00ab\u00a0chouchou des mamies\u00a0\u00bb. Cyril F\u00e9raud cartonne sur France T\u00e9l\u00e9visions, un point&hellip;\n","protected":false},"author":2,"featured_media":386666,"comment_status":"","ping_status":"","sticky":false,"template":"","format":"standard","meta":{"footnotes":""},"categories":[8],"tags":[4642,58,59,1011,27,2400,594,1197,1198,12120],"class_list":{"0":"post-386665","1":"post","2":"type-post","3":"status-publish","4":"format-standard","5":"has-post-thumbnail","7":"category-divertissement","8":"tag-cyril-feraud","9":"tag-divertissement","10":"tag-entertainment","11":"tag-fr","12":"tag-france","13":"tag-france-televisions","14":"tag-france-2","15":"tag-jeu","16":"tag-jeu-televise","17":"tag-tout-le-monde-veut-prendre-sa-place"},"share_on_mastodon":{"url":"https:\/\/pubeurope.com\/@fr\/115194389047399725","error":""},"_links":{"self":[{"href":"https:\/\/www.europesays.com\/fr\/wp-json\/wp\/v2\/posts\/386665","targetHints":{"allow":["GET"]}}],"collection":[{"href":"https:\/\/www.europesays.com\/fr\/wp-json\/wp\/v2\/posts"}],"about":[{"href":"https:\/\/www.europesays.com\/fr\/wp-json\/wp\/v2\/types\/post"}],"author":[{"embeddable":true,"href":"https:\/\/www.europesays.com\/fr\/wp-json\/wp\/v2\/users\/2"}],"replies":[{"embeddable":true,"href":"https:\/\/www.europesays.com\/fr\/wp-json\/wp\/v2\/comments?post=386665"}],"version-history":[{"count":0,"href":"https:\/\/www.europesays.com\/fr\/wp-json\/wp\/v2\/posts\/386665\/revisions"}],"wp:featuredmedia":[{"embeddable":true,"href":"https:\/\/www.europesays.com\/fr\/wp-json\/wp\/v2\/media\/386666"}],"wp:attachment":[{"href":"https:\/\/www.europesays.com\/fr\/wp-json\/wp\/v2\/media?parent=386665"}],"wp:term":[{"taxonomy":"category","embeddable":true,"href":"https:\/\/www.europesays.com\/fr\/wp-json\/wp\/v2\/categories?post=386665"},{"taxonomy":"post_tag","embeddable":true,"href":"https:\/\/www.europesays.com\/fr\/wp-json\/wp\/v2\/tags?post=386665"}],"curies":[{"name":"wp","href":"https:\/\/api.w.org\/{rel}","templated":true}]}}