{"id":386669,"date":"2025-09-13T01:28:14","date_gmt":"2025-09-13T01:28:14","guid":{"rendered":"https:\/\/www.europesays.com\/fr\/386669\/"},"modified":"2025-09-13T01:28:14","modified_gmt":"2025-09-13T01:28:14","slug":"7-millions-deuros-en-cinq-ans-une-escroquerie-geante-a-lassurance-pour-smartphone-mise-au-jour-des-milliers-de-victimes-concernees","status":"publish","type":"post","link":"https:\/\/www.europesays.com\/fr\/386669\/","title":{"rendered":"7\u00a0millions d\u2019euros en cinq ans\u00a0: une escroquerie g\u00e9ante \u00e0 l\u2019assurance pour smartphone mise au jour, des milliers de victimes concern\u00e9es"},"content":{"rendered":"<p class=\"paragraph text_align_left lp-f-body-02\">Le syst\u00e8me mis en place par le dirigeant de la soci\u00e9t\u00e9 marseillaise CSV, \u00e9tait simple. Simple et quasiment indolore pour les personnes flou\u00e9es, au point qu\u2019il a pu durer au moins cinq ans, de 2020 \u00e0 2025, avant d\u2019\u00eatre rep\u00e9r\u00e9. Sp\u00e9cialis\u00e9e dans la r\u00e9paration d\u2019ordinateurs, de t\u00e9l\u00e9phones et de produits informatiques en g\u00e9n\u00e9ral, cette soci\u00e9t\u00e9 avait mis en place un syst\u00e8me de pr\u00e9l\u00e8vements bancaires r\u00e9currents au titre d\u2019un <a href=\"https:\/\/www.leparisien.fr\/faits-divers\/prelevements-indus-milliers-de-victimes-a-paris-proces-hors-normes-pour-des-assurances-aux-produits-de-consommation-23-09-2024-EUV7MPYQSNA4DPA5YNR7M4NUFA.php\" target=\"_blank\" rel=\"noreferrer nofollow noopener\">pr\u00e9tendu contrat d\u2019assurance<\/a> dit \u00ab affinitaire \u00bb, destin\u00e9 en principe \u00e0 couvrir les risques li\u00e9s \u00e0 l\u2019achat et \u00e0 l\u2019utilisation de t\u00e9l\u00e9phones portables.<\/p>\n<p class=\"paragraph text_align_left lp-f-body-02\">De fait, CSV n\u2019offrait aucune contrepartie en \u00e9change de ces faux mandats qui d\u00e9bouchaient sur de vrais pr\u00e9l\u00e8vements. L\u2019entourloupe \u00e9tait rendue possible par l\u2019entretien d\u2019un \u00ab climat de confusion dans l\u2019esprit du consommateur qui, par le pass\u00e9, avait d\u00e9j\u00e0 souscrit un contrat similaire aupr\u00e8s de la soci\u00e9t\u00e9 CWI Distribution \u00bb, selon le parquet de Marseille (<a href=\"https:\/\/www.leparisien.fr\/bouches-du-rhone-13\/\" target=\"_blank\" rel=\"noreferrer nofollow noopener\">Bouches-du-Rh\u00f4ne<\/a>). Cette entreprise bas\u00e9e \u00e0 Aix-en-Provence proposait, elle, de vrais contrats d\u2019assurance casse et vol pour les t\u00e9l\u00e9phones portables.<\/p>\n<p>Des pr\u00e9l\u00e8vements aux libell\u00e9s trompeurs<\/p>\n<p class=\"paragraph text_align_left lp-f-body-02\">Pour entretenir encore plus la confusion, la soci\u00e9t\u00e9 CSV proc\u00e9dait aux pr\u00e9l\u00e8vements, dont elle \u00e9tait l\u2019unique b\u00e9n\u00e9ficiaire, en utilisant des libell\u00e9s trompeurs portant des noms d\u2019assurances rassurants comme \u00ab Assur \u00bb, \u00ab Asurantik \u00bb, \u00ab Assuranti \u00bb, \u00ab Assura \u00bb, \u00ab Assurtel \u00bb, \u00ab Assurance tel port \u00bb, \u00ab Assurx \u00bb, \u00ab Ass tel port \u00bb, \u00ab Assuros \u00bb, \u00ab Assurik \u00bb, \u00ab Assurb41t \u00bb \u2026 Qui en fait ne correspondaient \u00e0 rien.<\/p>\n<p class=\"paragraph text_align_left lp-f-body-02\">L\u2019escroquerie aurait pu durer encore longtemps si des consommateurs surpris d\u2019\u00eatre pr\u00e9lev\u00e9s sans n\u2019avoir rien demand\u00e9 ou sans pouvoir faire jouer leur assurance pour leur t\u00e9l\u00e9phone n\u2019avaient pas fini par saisir la justice. Le 17 juin, le dirigeant de CSV \u00e9tait finalement plac\u00e9 en garde \u00e0 vue dans le cadre d\u2019une enqu\u00eate pr\u00e9liminaire ouverte en mars par le parquet de Marseille pour \u00ab escroquerie, blanchiment d\u2019escroquerie et pratiques commerciales trompeuses \u00bb.<\/p>\n<p class=\"lp-card-podcast-highlighting__title  lp-f-subtitle-05\">[2\/6] Jubillar\u00a0: de la disparition au proc\u00e8s, une affaire sans corps ni aveux<\/p>\n<p class=\"lp-card-podcast-highlighting__description lp-f-ui-05\">Crime story raconte chaque semaine les grandes affaires criminelles.<\/p>\n<p><a class=\"lp-card-podcast-highlighting__call-to-action\" data-page-type=\"HP\" data-block-name=\"podcast-highlight\">\u00c9couter<\/a><\/p>\n<p class=\"paragraph text_align_left lp-f-body-02\">La justice a \u00e9galement saisi les comptes bancaires, les biens immobiliers et les cryptomonnaies du dirigeant de l\u2019entreprise pour pr\u00e8s de 3,4 millions d\u2019euros. Les investigations, confi\u00e9es au Groupe interminist\u00e9riel de recherches de Marseille (GIR 13) et \u00e0 <a href=\"https:\/\/www.leparisien.fr\/economie\/facturation-temps-de-prestation-les-services-daide-a-domicile-pointes-du-doigt-par-la-repression-des-fraudes-24-04-2025-PZEU3JQHDNH25E33H6LC72KCBM.php\" target=\"_blank\" rel=\"noreferrer nofollow noopener\">la r\u00e9pression des fraudes<\/a>, se poursuivent donc afin d\u2019identifier l\u2019ensemble des victimes de cette gigantesque escroquerie pr\u00e9sum\u00e9e.<\/p>\n","protected":false},"excerpt":{"rendered":"Le syst\u00e8me mis en place par le dirigeant de la soci\u00e9t\u00e9 marseillaise CSV, \u00e9tait simple. Simple et quasiment&hellip;\n","protected":false},"author":2,"featured_media":386670,"comment_status":"","ping_status":"","sticky":false,"template":"","format":"standard","meta":{"footnotes":""},"categories":[6],"tags":[35,459,33,34,118,1011,27],"class_list":{"0":"post-386669","1":"post","2":"type-post","3":"status-publish","4":"format-standard","5":"has-post-thumbnail","7":"category-economie","8":"tag-business","9":"tag-departements-horsidfo","10":"tag-economie","11":"tag-economy","12":"tag-faits-divers","13":"tag-fr","14":"tag-france"},"share_on_mastodon":{"url":"https:\/\/pubeurope.com\/@fr\/115194397188437882","error":""},"_links":{"self":[{"href":"https:\/\/www.europesays.com\/fr\/wp-json\/wp\/v2\/posts\/386669","targetHints":{"allow":["GET"]}}],"collection":[{"href":"https:\/\/www.europesays.com\/fr\/wp-json\/wp\/v2\/posts"}],"about":[{"href":"https:\/\/www.europesays.com\/fr\/wp-json\/wp\/v2\/types\/post"}],"author":[{"embeddable":true,"href":"https:\/\/www.europesays.com\/fr\/wp-json\/wp\/v2\/users\/2"}],"replies":[{"embeddable":true,"href":"https:\/\/www.europesays.com\/fr\/wp-json\/wp\/v2\/comments?post=386669"}],"version-history":[{"count":0,"href":"https:\/\/www.europesays.com\/fr\/wp-json\/wp\/v2\/posts\/386669\/revisions"}],"wp:featuredmedia":[{"embeddable":true,"href":"https:\/\/www.europesays.com\/fr\/wp-json\/wp\/v2\/media\/386670"}],"wp:attachment":[{"href":"https:\/\/www.europesays.com\/fr\/wp-json\/wp\/v2\/media?parent=386669"}],"wp:term":[{"taxonomy":"category","embeddable":true,"href":"https:\/\/www.europesays.com\/fr\/wp-json\/wp\/v2\/categories?post=386669"},{"taxonomy":"post_tag","embeddable":true,"href":"https:\/\/www.europesays.com\/fr\/wp-json\/wp\/v2\/tags?post=386669"}],"curies":[{"name":"wp","href":"https:\/\/api.w.org\/{rel}","templated":true}]}}