{"id":386671,"date":"2025-09-13T01:29:14","date_gmt":"2025-09-13T01:29:14","guid":{"rendered":"https:\/\/www.europesays.com\/fr\/386671\/"},"modified":"2025-09-13T01:29:14","modified_gmt":"2025-09-13T01:29:14","slug":"un-etat-mais-sans-le-hamas-lonu-adopte-la-declaration-de-new-york","status":"publish","type":"post","link":"https:\/\/www.europesays.com\/fr\/386671\/","title":{"rendered":"Un Etat mais sans le Hamas, l\u2019ONU adopte la \u00ab\u00a0d\u00e9claration de New York\u00a0\u00bb"},"content":{"rendered":"<p>Donner un nouveau souffle \u00e0 la solution \u00e0 deux Etats, tel \u00e9tait l\u2019objectif affich\u00e9 de la derni\u00e8re assembl\u00e9e g\u00e9n\u00e9rale de l\u2019<a href=\"https:\/\/www.20minutes.fr\/monde\/onu\/\" class=\"c-link c-link--is-underlined\" target=\"_blank\" rel=\"noopener\">ONU<\/a>, qui a vot\u00e9 en large majorit\u00e9 pour la \u00ab\u00a0d\u00e9claration de <a href=\"https:\/\/www.20minutes.fr\/dossier\/new_york\" class=\"c-link c-link--is-underlined\" target=\"_blank\" rel=\"noopener\">New York<\/a>\u00a0\u00bb visant \u00e0 reconna\u00eetre un \u00c9tat palestinien, mais sans le <a href=\"https:\/\/www.20minutes.fr\/monde\/hamas\/\" class=\"c-link c-link--is-underlined\" target=\"_blank\" rel=\"noopener\">Hamas<\/a>. De son c\u00f4t\u00e9, Isra\u00ebl fustige une r\u00e9solution \u00ab honteuse \u00bb qui pousserait le Hamas \u00e0 la guerre. <\/p>\n<p>Le texte pr\u00e9par\u00e9 par la France et l\u2019Arabie saoudite, et adopt\u00e9 par 142 voix pour, 10 contre (dont Isra\u00ebl et les Etats-Unis) et 12 abstentions, rappelle d\u2019abord son soutien \u00e0 Isra\u00ebl\u00a0: \u00ab\u00a0Nous condamnons les attaques perp\u00e9tr\u00e9es le 7\u00a0octobre par le Hamas contre des civils\u00a0\u00bb et \u00ab\u00a0le Hamas doit lib\u00e9rer tous les otages\u00a0\u00bb d\u00e9tenus \u00e0 Gaza, dit-il.<\/p>\n<p>La Palestine sans le Hamas<\/p>\n<p>Mais la d\u00e9claration, d\u00e9j\u00e0 cosign\u00e9e en juillet par 17 Etats dont plusieurs pays arabes, lors de la premi\u00e8re partie d\u2019une conf\u00e9rence de l\u2019ONU sur la solution \u00e0 deux Etats, va plus loin. \u00ab\u00a0Dans le contexte de l\u2019ach\u00e8vement de la guerre \u00e0 Gaza, le Hamas doit cesser d\u2019exercer son autorit\u00e9 sur la bande de Gaza et remettre ses armes \u00e0 l\u2019Autorit\u00e9 palestinienne, avec le soutien et la collaboration de la communaut\u00e9 internationale, conform\u00e9ment \u00e0 l\u2019objectif d\u2019un Etat de Palestine souverain et ind\u00e9pendant\u00a0\u00bb.<\/p>\n<p>\u00ab\u00a0On retiendra le 12\u00a0septembre comme le jour de l\u2019isolement international d\u00e9finitif du Hamas\u00a0\u00bb, s\u2019est f\u00e9licit\u00e9 juste avant le vote vendredi le ministre fran\u00e7ais des Affaires \u00e9trang\u00e8res, Jean-No\u00ebl Barrot sur France Inter.<\/p>\n<p>Selon une source \u00e0 la pr\u00e9sidence fran\u00e7aise, cette d\u00e9claration doit \u00eatre vue comme le socle du sommet que Paris et Ryad copr\u00e9sideront le 22\u00a0septembre \u00e0 l\u2019ONU \u00e0 New York, o\u00f9 le pr\u00e9sident Emmanuel Macron a promis de reconna\u00eetre l\u2019Etat palestinien.<\/p>\n<p>Un texte \u00ab\u00a0bouclier\u00a0\u00bb contre les critiques d\u2019Isra\u00ebl<\/p>\n<p>\u00ab\u00a0Le fait que l\u2019Assembl\u00e9e g\u00e9n\u00e9rale soutienne enfin un texte qui condamne le Hamas directement est important\u00a0\u00bb, m\u00eame si les Isra\u00e9liens diront que \u00ab\u00a0c\u2019est bien trop peu et bien trop tard\u00a0\u00bb, a soulign\u00e9 Richard Gowan, de l\u2019International Crisis Group.<\/p>\n<p>Gr\u00e2ce \u00e0 ce texte, les pays qui soutiennent les Palestiniens pourront \u00ab\u00a0rejeter les accusations isra\u00e9liennes selon lesquelles ils cautionnent implicitement le Hamas\u00a0\u00bb, a-t-il d\u00e9clar\u00e9 \u00e0 l\u2019AFP. Cela \u00ab\u00a0offre un bouclier contre les critiques d\u2019Isra\u00ebl\u00a0\u00bb \u00e0 ceux qui s\u2019appr\u00eatent \u00e0 reconna\u00eetre l\u2019Etat palestinien.<\/p>\n<\/p>\n<p>A la suite du pr\u00e9sident Macron, plusieurs pays ont annonc\u00e9 leur intention de le faire lors de la semaine de l\u2019Assembl\u00e9e g\u00e9n\u00e9rale de l\u2019ONU qui s\u2019ouvre le 22\u00a0septembre. Un processus vu comme un moyen suppl\u00e9mentaire de faire pression sur Isra\u00ebl pour mettre fin \u00e0 la guerre \u00e0 Gaza, d\u00e9clench\u00e9e apr\u00e8s les attaques du Hamas du 7\u00a0octobre 2023.<\/p>\n<p>La \u00ab\u00a0d\u00e9claration de New York\u00a0\u00bb adopt\u00e9e vendredi plaide d\u2019ailleurs aussi pour la \u00ab\u00a0fin de la guerre \u00e0 Gaza\u00a0\u00bb et un \u00ab\u00a0r\u00e8glement juste, pacifique et durable du conflit isra\u00e9lo-palestinien, reposant sur une mise en \u0153uvre v\u00e9ritable de la solution \u00e0 deux Etats\u00a0\u00bb. Une position habituelle de l\u2019Assembl\u00e9e.<\/p>\n<p>Dans la perspective d\u2019un futur cessez-le-feu, elle \u00e9voque \u00e9galement le d\u00e9ploiement d\u2019une \u00ab\u00a0mission internationale temporaire de stabilisation\u00a0\u00bb \u00e0 Gaza, sous mandat du Conseil de s\u00e9curit\u00e9 de l\u2019ONU, pour prot\u00e9ger la population, soutenir le renforcement des capacit\u00e9s de l\u2019Etat palestinien et apporter des \u00ab\u00a0garanties de s\u00e9curit\u00e9 \u00e0 la Palestine et \u00e0 Isra\u00ebl\u00a0\u00bb.<\/p>\n<p>Environ trois-quarts des 193 Etats membres de l\u2019ONU reconnaissent l\u2019Etat palestinien proclam\u00e9 par la direction palestinienne en exil en\u00a01988. Mais apr\u00e8s pr\u00e8s de deux ans de guerre dans la bande de Gaza ravag\u00e9e, l\u2019extension de la colonisation isra\u00e9lienne en Cisjordanie et les vell\u00e9it\u00e9s de responsables isra\u00e9liens d\u2019annexer ce territoire occup\u00e9, la crainte gagne du terrain que la cr\u00e9ation d\u2019un Etat palestinien soit physiquement impossible.<\/p>\n<p><a href=\"https:\/\/www.20minutes.fr\/monde\/conflit_israelo-palestinien\/\" class=\"c-link c-btn c-btn--primary\" target=\"_blank\" rel=\"noopener\">Tout savoir sur le conflit isra\u00e9lo-palestinien<\/a><\/p>\n<p>Le Premier ministre isra\u00e9lien, Benyamin Netanyahou, a lui \u00e9t\u00e9 tr\u00e8s clair\u00a0: \u00ab\u00a0Il n\u2019y aura pas d\u2019Etat palestinien\u00a0\u00bb, a-t-il affirm\u00e9 jeudi. Son alli\u00e9 am\u00e9ricain a d\u00e9j\u00e0 annonc\u00e9 que le pr\u00e9sident palestinien, Mahmoud Abbas, ne serait pas autoris\u00e9 \u00e0 venir \u00e0 New York.<\/p>\n","protected":false},"excerpt":{"rendered":"Donner un nouveau souffle \u00e0 la solution \u00e0 deux Etats, tel \u00e9tait l\u2019objectif affich\u00e9 de la derni\u00e8re assembl\u00e9e&hellip;\n","protected":false},"author":2,"featured_media":386672,"comment_status":"","ping_status":"","sticky":false,"template":"","format":"standard","meta":{"footnotes":""},"categories":[5],"tags":[47,11,952,2486,3259,39847,1011,27,665,3519,14,664,10059,74,12,3521,28],"class_list":{"0":"post-386671","1":"post","2":"type-post","3":"status-publish","4":"format-standard","5":"has-post-thumbnail","7":"category-international","8":"tag-actualite","9":"tag-actualites","10":"tag-benyamin-netanyahou","11":"tag-cisjordanie","12":"tag-conflit-israelo-palestinien","13":"tag-conseil-de-securite","14":"tag-fr","15":"tag-france","16":"tag-gaza","17":"tag-hamas","18":"tag-international","19":"tag-israel","20":"tag-mahmoud-abbas","21":"tag-monde","22":"tag-news","23":"tag-onu","24":"tag-world"},"share_on_mastodon":{"url":"https:\/\/pubeurope.com\/@fr\/115194401316364635","error":""},"_links":{"self":[{"href":"https:\/\/www.europesays.com\/fr\/wp-json\/wp\/v2\/posts\/386671","targetHints":{"allow":["GET"]}}],"collection":[{"href":"https:\/\/www.europesays.com\/fr\/wp-json\/wp\/v2\/posts"}],"about":[{"href":"https:\/\/www.europesays.com\/fr\/wp-json\/wp\/v2\/types\/post"}],"author":[{"embeddable":true,"href":"https:\/\/www.europesays.com\/fr\/wp-json\/wp\/v2\/users\/2"}],"replies":[{"embeddable":true,"href":"https:\/\/www.europesays.com\/fr\/wp-json\/wp\/v2\/comments?post=386671"}],"version-history":[{"count":0,"href":"https:\/\/www.europesays.com\/fr\/wp-json\/wp\/v2\/posts\/386671\/revisions"}],"wp:featuredmedia":[{"embeddable":true,"href":"https:\/\/www.europesays.com\/fr\/wp-json\/wp\/v2\/media\/386672"}],"wp:attachment":[{"href":"https:\/\/www.europesays.com\/fr\/wp-json\/wp\/v2\/media?parent=386671"}],"wp:term":[{"taxonomy":"category","embeddable":true,"href":"https:\/\/www.europesays.com\/fr\/wp-json\/wp\/v2\/categories?post=386671"},{"taxonomy":"post_tag","embeddable":true,"href":"https:\/\/www.europesays.com\/fr\/wp-json\/wp\/v2\/tags?post=386671"}],"curies":[{"name":"wp","href":"https:\/\/api.w.org\/{rel}","templated":true}]}}