{"id":386673,"date":"2025-09-13T01:30:21","date_gmt":"2025-09-13T01:30:21","guid":{"rendered":"https:\/\/www.europesays.com\/fr\/386673\/"},"modified":"2025-09-13T01:30:21","modified_gmt":"2025-09-13T01:30:21","slug":"patrick-cohen-pas-en-faute-selon-le-comite-dethique-de-france-televisions","status":"publish","type":"post","link":"https:\/\/www.europesays.com\/fr\/386673\/","title":{"rendered":"Patrick Cohen pas en faute, selon le comit\u00e9 d\u2019\u00e9thique de France T\u00e9l\u00e9visions"},"content":{"rendered":"<p>Le comit\u00e9 d\u2019\u00e9thique de <a href=\"https:\/\/www.20minutes.fr\/television\/france_televisions\/\" class=\"c-link c-link--is-underlined\" target=\"_blank\" rel=\"noopener\">France T\u00e9l\u00e9visions<\/a> a jug\u00e9 vendredi que le journaliste <a href=\"https:\/\/www.20minutes.fr\/dossier\/patrick_cohen\" class=\"c-link c-link--is-underlined\" target=\"_blank\" rel=\"noopener\">Patrick Cohen<\/a> n\u2019\u00e9tait pas en faute dans la s\u00e9quence vid\u00e9o le montrant au restaurant avec son confr\u00e8re Thomas Legrand et des dirigeants du Parti socialiste, qui leur a valu des accusations de connivence.<\/p>\n<p>Patrick Cohen n\u2019y \u00ab\u00a0r\u00e9agit pas\u00a0\u00bb<\/p>\n<p>\u00ab\u00a0Rien ne permet [\u2026] d\u2019affirmer, au vu de cette s\u00e9quence, que Patrick Cohen ait d\u2019autres objectifs que l\u2019exercice de son m\u00e9tier\u00a0\u00bb, conclut le comit\u00e9 d\u2019\u00e9thique dans un avis mis en ligne sur le site du groupe public. Film\u00e9e en juillet dans un restaurant parisien, la s\u00e9quence a \u00e9t\u00e9 diffus\u00e9e le 5\u00a0septembre par le m\u00e9dia conservateur L\u2019Incorrect.<\/p>\n<p>On y voit Thomas Legrand, chroniqueur \u00e0 Lib\u00e9ration et <a href=\"https:\/\/www.20minutes.fr\/medias\/france_inter\/\" class=\"c-link c-link--is-underlined\" target=\"_blank\" rel=\"noopener\">France Inter<\/a>, et Patrick Cohen, chroniqueur qui intervient \u00e9galement sur France Inter et sur <a href=\"https:\/\/www.20minutes.fr\/dossier\/c_a_vous\" class=\"c-link c-link--is-underlined\" target=\"_blank\" rel=\"noopener\">C \u00e0 vous<\/a> (France 5), \u00e9changer avec Pierre Jouvet, secr\u00e9taire g\u00e9n\u00e9ral du PS et Luc Broussy, pr\u00e9sident du conseil national du PS.<\/p>\n<p>Lors de la discussion, o\u00f9 est aussi \u00e9voqu\u00e9e la strat\u00e9gie de la gauche en vue de la <a href=\"https:\/\/www.20minutes.fr\/elections\/presidentielle\/\" class=\"c-link c-link--is-underlined\" target=\"_blank\" rel=\"noopener\">pr\u00e9sidentielle<\/a>\u00a02027, Thomas Legrand d\u00e9clare\u00a0: \u00ab\u00a0Nous, on fait ce qu\u2019il faut pour [Rachida] Dati, Patrick [Cohen] et moi\u00a0\u00bb. Cette phrase, qui a pu \u00eatre interpr\u00e9t\u00e9e comme un parti pris \u00e0 l\u2019encontre de la ministre sortante de la <a href=\"https:\/\/www.20minutes.fr\/arts-stars\/culture\/\" class=\"c-link c-link--is-underlined\" target=\"_blank\" rel=\"noopener\">Culture<\/a>, a provoqu\u00e9 une salve de critiques envers les deux journalistes, aussi bien du c\u00f4t\u00e9 des R\u00e9publicains, que du <a href=\"https:\/\/www.20minutes.fr\/politique\/rassemblement-national\/\" class=\"c-link c-link--is-underlined\" target=\"_blank\" rel=\"noopener\">Rassemblement national<\/a> et de <a href=\"https:\/\/www.20minutes.fr\/politique\/france-insoumise\/\" class=\"c-link c-link--is-underlined\" target=\"_blank\" rel=\"noopener\">La France insoumise<\/a>.<\/p>\n<p>Sans s\u2019exprimer sur le fond des propos, le Comit\u00e9 d\u2019\u00e9thique de France T\u00e9l\u00e9visions \u00ab\u00a0constate\u00a0\u00bb que Patrick Cohen n\u2019y \u00ab\u00a0r\u00e9agit pas\u00a0\u00bb. \u00ab\u00a0Il garde le silence, sans davantage \u00e9clairer cette s\u00e9quence, au demeurant tronqu\u00e9e et mont\u00e9e, et qu\u2019il serait indispensable et utile de d\u00e9couvrir dans sa totalit\u00e9\u00a0\u00bb, poursuit le comit\u00e9.<\/p>\n<p>Une \u00ab\u00a0n\u00e9cessaire impartialit\u00e9\u00a0\u00bb<\/p>\n<p>Dans son avis, il juge toutefois \u00ab\u00a0crucial que l\u2019<a href=\"https:\/\/www.20minutes.fr\/dossier\/audiovisuel_public\" class=\"c-link c-link--is-underlined\" target=\"_blank\" rel=\"noopener\">audiovisuel public<\/a>, et, en son sein, France T\u00e9l\u00e9visions soient particuli\u00e8rement attentifs au pluralisme des opinions, notamment dans ses magazines d\u2019information, au respect des r\u00e8gles fondamentales de <a href=\"https:\/\/www.20minutes.fr\/medias\/deontologie\/\" class=\"c-link c-link--is-underlined\" target=\"_blank\" rel=\"noopener\">d\u00e9ontologie<\/a> et \u00e0 la n\u00e9cessaire impartialit\u00e9 des professionnels qui interviennent sur ses antennes\u00a0\u00bb.<\/p>\n<\/p>\n<p>Apr\u00e8s cette affaire, le r\u00e9gulateur de l\u2019audiovisuel (<a href=\"https:\/\/www.20minutes.fr\/dossier\/csa\" class=\"c-link c-link--is-underlined\" target=\"_blank\" rel=\"noopener\">Arcom<\/a>) doit bient\u00f4t auditionner Delphine Ernotte Cunci et Sibyle Veil, respectivement pr\u00e9sidentes de France T\u00e9l\u00e9visions et de <a href=\"https:\/\/www.20minutes.fr\/medias\/radio-france\/\" class=\"c-link c-link--is-underlined\" target=\"_blank\" rel=\"noopener\">Radio France<\/a>. Mardi, Thomas Legrand a renonc\u00e9 \u00e0 son \u00e9mission hebdomadaire sur France Inter, mais continuera d\u2019intervenir \u00e0 l\u2019antenne de cette radio.<\/p>\n","protected":false},"excerpt":{"rendered":"Le comit\u00e9 d\u2019\u00e9thique de France T\u00e9l\u00e9visions a jug\u00e9 vendredi que le journaliste Patrick Cohen n\u2019\u00e9tait pas en faute&hellip;\n","protected":false},"author":2,"featured_media":386674,"comment_status":"","ping_status":"","sticky":false,"template":"","format":"standard","meta":{"footnotes":""},"categories":[4],"tags":[11,1011,27,9102,2400,500,12,13960,10316,25],"class_list":{"0":"post-386673","1":"post","2":"type-post","3":"status-publish","4":"format-standard","5":"has-post-thumbnail","7":"category-france","8":"tag-actualites","9":"tag-fr","10":"tag-france","11":"tag-france-inter","12":"tag-france-televisions","13":"tag-medias","14":"tag-news","15":"tag-patrick-cohen","16":"tag-radio-france","17":"tag-republique-francaise"},"share_on_mastodon":{"url":"https:\/\/pubeurope.com\/@fr\/115194404795432937","error":""},"_links":{"self":[{"href":"https:\/\/www.europesays.com\/fr\/wp-json\/wp\/v2\/posts\/386673","targetHints":{"allow":["GET"]}}],"collection":[{"href":"https:\/\/www.europesays.com\/fr\/wp-json\/wp\/v2\/posts"}],"about":[{"href":"https:\/\/www.europesays.com\/fr\/wp-json\/wp\/v2\/types\/post"}],"author":[{"embeddable":true,"href":"https:\/\/www.europesays.com\/fr\/wp-json\/wp\/v2\/users\/2"}],"replies":[{"embeddable":true,"href":"https:\/\/www.europesays.com\/fr\/wp-json\/wp\/v2\/comments?post=386673"}],"version-history":[{"count":0,"href":"https:\/\/www.europesays.com\/fr\/wp-json\/wp\/v2\/posts\/386673\/revisions"}],"wp:featuredmedia":[{"embeddable":true,"href":"https:\/\/www.europesays.com\/fr\/wp-json\/wp\/v2\/media\/386674"}],"wp:attachment":[{"href":"https:\/\/www.europesays.com\/fr\/wp-json\/wp\/v2\/media?parent=386673"}],"wp:term":[{"taxonomy":"category","embeddable":true,"href":"https:\/\/www.europesays.com\/fr\/wp-json\/wp\/v2\/categories?post=386673"},{"taxonomy":"post_tag","embeddable":true,"href":"https:\/\/www.europesays.com\/fr\/wp-json\/wp\/v2\/tags?post=386673"}],"curies":[{"name":"wp","href":"https:\/\/api.w.org\/{rel}","templated":true}]}}