{"id":386677,"date":"2025-09-13T01:32:13","date_gmt":"2025-09-13T01:32:13","guid":{"rendered":"https:\/\/www.europesays.com\/fr\/386677\/"},"modified":"2025-09-13T01:32:13","modified_gmt":"2025-09-13T01:32:13","slug":"certains-vont-remplir-jusqua-50-de-leur-carnet-de-commandes-pendant-la-foire","status":"publish","type":"post","link":"https:\/\/www.europesays.com\/fr\/386677\/","title":{"rendered":"\u00ab\u00a0Certains vont remplir jusqu\u2019\u00e0 50 % de leur carnet de commandes pendant la Foire\u00a0\u00bb"},"content":{"rendered":"<p class=\"is-style-chapo\">Comme chaque ann\u00e9e, la Foire \u00e9conomique de Saint-Etienne est de retour, pour une 76\u00e8me \u00e9dition, du 19 au 29 septembre. L\u2019ann\u00e9e derni\u00e8re, ils \u00e9taient 76 000 \u00e0 fouler les all\u00e9es du Parc. Pour cette nouvelle \u00e9dition, les organisateurs ont souhait\u00e9 fa\u00e7onner l\u2019\u00e9v\u00e9nement d\u2019apr\u00e8s leurs retours\u2026<\/p>\n<p><img loading=\"lazy\" decoding=\"async\" width=\"1024\" height=\"576\" src=\"https:\/\/www.europesays.com\/fr\/wp-content\/uploads\/2025\/09\/IMG_8472-1-1024x576.jpg\" alt=\"Foire\" class=\"wp-image-80461\"  \/>La Foire \u00e9conomique de Saint-Etienne aura lieu du 19 au 29 septembre, au Parc expo. \u00a9If Saint-Etienne \/ JT<\/p>\n<p>\u00ab\u00a0Un vent celte souffle sur la Foire pendant onze jours\u00a0\u00bb, annonce le programme. Et un vent de nouveau \u00e9galement. De retour au Parc expo du 19 au 29 septembre pour une 76\u00e8me \u00e9dition, la <a href=\"https:\/\/www.if-saint-etienne.fr\/economie\/oui-la-foire-de-saint-etienne-est-un-evenement-rentable\" target=\"_blank\" rel=\"noreferrer noopener\">Foire \u00e9conomique de Saint-Etienne<\/a> se renouvelle, pour \u00eatre plus en ad\u00e9quation avec les attentes du public.<\/p>\n<p>Cinq ans apr\u00e8s son annulation la veille de l\u2019ouverture, pour cause de <a href=\"https:\/\/www.if-saint-etienne.fr\/economie\/la-foire-de-saint-etienne-2020-annulee\" target=\"_blank\" rel=\"noreferrer noopener\">Covid<\/a>, l\u2019\u00e9v\u00e9nement reprend des couleurs avec une affluence en hausse (65 500 en 2022, 67 000 en 2023, et pr\u00e8s de 76 000 en 2024). Le nombre d\u2019exposants reste relativement stable. Ils \u00e9taient 220 en 2022, 240 en 2023, 220 en 2024, et ils seront 252 pour le cru 2025. Pour autant, Mika\u00ebl Henriot, directeur de\u00a0Saint-\u00c9tienne Events, le rappelle, il ne s\u2019agit l\u00e0 que d\u2019indicateurs.<\/p>\n<p>1 300 visiteurs interrog\u00e9s<\/p>\n<p>\u00ab Sur une foire, ce qu\u2019attendent les visiteurs, ce sont les exposants, d\u00e9taille-t-il. Ce qui va r\u00e9ellement nous impacter, c\u2019est la qualit\u00e9 des visiteurs avec comme objectif de brasser le plus large possible. Le nombre de visiteurs reste donc un indicateur, mais pas de rentabilit\u00e9. C\u00f4t\u00e9 exposants, s\u2019ils viennent et pour certains reviennent, c\u2019est que cela fonctionne. Chaque ann\u00e9e, Florian Jeanetti (pr\u00e9sident de Loire Actions et donc de la Foire, NDLR) et moi, allons \u00e0 leur rencontre pour \u00e9changer, et certains nous expliquent qu\u2019ils vont remplir jusqu\u2019\u00e0 50 % de leur carnet de commandes pendant la Foire. Pas tous bien s\u00fbr, mais ce chiffre nous avait marqu\u00e9 \u00bb. Si la Foire avait souffert, elle semble s\u2019\u00eatre reconstruite.<br \/>L\u2019an dernier, les organisateurs avaient r\u00e9alis\u00e9 plus de 1 300 questionnaires, aupr\u00e8s des visiteurs, pour conna\u00eetre leurs attentes. Cette ann\u00e9e, l\u2019\u00e9dition a donc \u00e9t\u00e9 fa\u00e7onn\u00e9e selon ces retours.<\/p>\n<p>Une rue de Dublin<\/p>\n<p>Comme pour chaque \u00e9dition, la part belle est faite aux exposants locaux. Une proportion en hausse puisqu\u2019ils \u00e9taient 44 % de Lig\u00e9riens en 2024, contre 48 % cette ann\u00e9e. Au total, 76 % sont issus d\u2019Auvergne Rh\u00f4ne-Alpes. Deux univers vont cependant faire leur apparition\u00a0: sports et loisirs, et mode, d\u00e9co, beaut\u00e9 et bien-\u00eatre. \u00ab\u00a0Nous souhaitions faire \u00e9voluer cette <a href=\"https:\/\/www.foiredesaintetienne.com\/\" target=\"_blank\" rel=\"noreferrer noopener\">Foire<\/a> pour nous connecter aux attentes des St\u00e9phanois et des Lig\u00e9riens d\u2019aujourd\u2019hui, pointe Mika\u00ebl Henriot. C\u2019est pourquoi nous l\u2019avons structur\u00e9 sur trois grands piliers\u00a0\u00bb. \u00ab\u00a0S\u2019\u00e9quiper \u2013 d\u00e9guster \u2013 s\u2019amuser\u00a0\u00bb seront donc les mots d\u2019ordre de cette \u00e9dition 2025.<\/p>\n<p>Le premier vise \u00e0 mettre en avant les exposants du territoire, qui seront identifiables par un macaron 42, sur leur stand ainsi que sur le programme, afin de connecteur les visiteurs \u00e0 leurs entreprises et de g\u00e9n\u00e9rer des retomb\u00e9es \u00e9conomiques. Puis, la guinguette install\u00e9e entre les deux halls se veut le c\u0153ur du Parc expo, avec ses bars \u00e0 th\u00e8me, sa street-food, et m\u00eame\u2026 des irish coffee st\u00e9phanois par la maison Chapuis, comme l\u2019Irlande sera \u00e0 l\u2019honneur. Une rue typique de Dublin sera m\u00eame reconstitu\u00e9e avec son pub, sa librairie et une boutique.<\/p>\n<p>Enfin, une exposition Harry Potter vous proposera de d\u00e9couvrir la cabane d\u2019Hagrid et deux nocturnes sont organis\u00e9es. La premi\u00e8re est une Irish party qui aura lieu mardi 23 septembre \u00e0 partir de 18h, et sera anim\u00e9e par le collectif st\u00e9phanois Le Club. Le groupe Irish Sky viendra \u00e9galement animer la soir\u00e9e avec une session acoustique. Vendredi 26 septembre, c\u2019est une Green party qui sera organis\u00e9e, avec une parade Val Grangent \u00e0 19 heures, qui fera ensuite place \u00e0 Euphoria Music.<\/p>\n","protected":false},"excerpt":{"rendered":"Comme chaque ann\u00e9e, la Foire \u00e9conomique de Saint-Etienne est de retour, pour une 76\u00e8me \u00e9dition, du 19 au&hellip;\n","protected":false},"author":2,"featured_media":386678,"comment_status":"","ping_status":"","sticky":false,"template":"","format":"standard","meta":{"footnotes":""},"categories":[9653],"tags":[51925,1111,11,2430,1777,674,11536,39952,51926,1011,27,12,51927,25,4001],"class_list":{"0":"post-386677","1":"post","2":"type-post","3":"status-publish","4":"format-standard","5":"has-post-thumbnail","7":"category-saint-etienne","8":"tag-76e-foire-de-saint-etienne","9":"tag-actu","10":"tag-actualites","11":"tag-auvergne-rhone-alpes","12":"tag-eu","13":"tag-europe","14":"tag-evolutif","15":"tag-foire-de-saint-etienne","16":"tag-foire-economique","17":"tag-fr","18":"tag-france","19":"tag-news","20":"tag-parc-expo-saint-etienne","21":"tag-republique-francaise","22":"tag-saint-etienne"},"share_on_mastodon":{"url":"https:\/\/pubeurope.com\/@fr\/115194412747857524","error":""},"_links":{"self":[{"href":"https:\/\/www.europesays.com\/fr\/wp-json\/wp\/v2\/posts\/386677","targetHints":{"allow":["GET"]}}],"collection":[{"href":"https:\/\/www.europesays.com\/fr\/wp-json\/wp\/v2\/posts"}],"about":[{"href":"https:\/\/www.europesays.com\/fr\/wp-json\/wp\/v2\/types\/post"}],"author":[{"embeddable":true,"href":"https:\/\/www.europesays.com\/fr\/wp-json\/wp\/v2\/users\/2"}],"replies":[{"embeddable":true,"href":"https:\/\/www.europesays.com\/fr\/wp-json\/wp\/v2\/comments?post=386677"}],"version-history":[{"count":0,"href":"https:\/\/www.europesays.com\/fr\/wp-json\/wp\/v2\/posts\/386677\/revisions"}],"wp:featuredmedia":[{"embeddable":true,"href":"https:\/\/www.europesays.com\/fr\/wp-json\/wp\/v2\/media\/386678"}],"wp:attachment":[{"href":"https:\/\/www.europesays.com\/fr\/wp-json\/wp\/v2\/media?parent=386677"}],"wp:term":[{"taxonomy":"category","embeddable":true,"href":"https:\/\/www.europesays.com\/fr\/wp-json\/wp\/v2\/categories?post=386677"},{"taxonomy":"post_tag","embeddable":true,"href":"https:\/\/www.europesays.com\/fr\/wp-json\/wp\/v2\/tags?post=386677"}],"curies":[{"name":"wp","href":"https:\/\/api.w.org\/{rel}","templated":true}]}}