{"id":386685,"date":"2025-09-13T01:36:19","date_gmt":"2025-09-13T01:36:19","guid":{"rendered":"https:\/\/www.europesays.com\/fr\/386685\/"},"modified":"2025-09-13T01:36:19","modified_gmt":"2025-09-13T01:36:19","slug":"2e-decathlon-de-sanary-top-depart-samedi","status":"publish","type":"post","link":"https:\/\/www.europesays.com\/fr\/386685\/","title":{"rendered":"2e D\u00e9cathlon de Sanary, top d\u00e9part samedi !"},"content":{"rendered":"<p>Surfant sur le succ\u00e8s du 1er D\u00e9cathlon de Sanary lanc\u00e9 l\u2019an dernier, la Ligue Sud du sport d\u2019entreprise (FFSE) et la Ville lancent la 2e \u00e9dition ce week-end! Jusqu\u2019en juin 2026, dix \u00e9preuves seront au programme, avec de nouvelles disciplines pour proposer aux salari\u00e9s du priv\u00e9 et du public, commer\u00e7ants et ind\u00e9pendants de l\u2019ouest toulonnais, des exp\u00e9riences in\u00e9dites.<\/p>\n<p>Fid\u00e8les \u00e0 leur philosophie de partager dans la bonne humeur une activit\u00e9 physique entre coll\u00e8gues et professionnels d\u2019autres secteurs, tous se jetteront \u00e0 l\u2019eau samedi \u00e0 16h pour une premi\u00e8re \u00e9preuve de longe-c\u00f4te plage Dor\u00e9e! Comme l\u2019an dernier, les familles des participants seront aussi les bienvenues.<\/p>\n<p><strong>De nouvelles disciplines<\/strong><\/p>\n<p>La vari\u00e9t\u00e9 du programme concoct\u00e9 par la secr\u00e9taire g\u00e9n\u00e9rale adjointe de la Ligue Sud Genevi\u00e8ve Tessier et son \u00e9quipe promet de belles d\u00e9couvertes. Il fera la part belle aux sports aquatiques avec deux nouveaut\u00e9s, un parcours d\u2019obstacles le 4 d\u00e9cembre au complexe aquatique de Sanary et une \u00e9preuve de kayak mixte le 5 juin \u00e0 la base nautique.<\/p>\n<p>Le football fait aussi son apparition avec une \u00e9preuve de futsal le 22 janvier, une variante qui oppose deux \u00e9quipes mixtes de cinq joueurs, tr\u00e8s en vogue pour son accessibilit\u00e9 au plus grand nombre gr\u00e2ce \u00e0 un ballon l\u00e9ger et un terrain plus petit.<\/p>\n<p>Autres nouveaut\u00e9s: practice de golf le 6 mars dans le superbe cadre de Fr\u00e9gate et pickleball le 8 avril, un d\u00e9riv\u00e9 du tennis. Comme pour l\u2019ensemble des \u00e9preuves, il s\u2019agit d\u2019une initiation tous publics, afin de d\u00e9couvrir les bases d\u2019un sport dans une ambiance d\u00e9tendue!<\/p>\n<p>Les participants retrouveront d\u2019autres disciplines de la 1re \u00e9dition comme la p\u00e9tanque (en doublette le 17 octobre au boulodrome de Sanary), le tennis de table le 6 novembre, le basket mixte 3&#215;3 le 6 f\u00e9vrier et la course d\u2019orientation le 19 mai au Jardin des oliviers. Si ces rencontres sportives mensuelles privil\u00e9gient la convivialit\u00e9 plut\u00f4t que la performance, elles donnent quand m\u00eame lieu \u00e0 comptage de points avec m\u00e9dailles pour les vainqueurs de chaque \u00e9preuve, qui donne lieu \u00e0 un comptage final!<\/p>\n<p><strong>Qui battra la Team Sanary?<\/strong><\/p>\n<p>La mission 2025-2026 consistera donc \u00e0 tenter de battre Virginie Cordoba et Fabien Febbrari, respectivement membre et responsable de la tr\u00e8s active Team Sanary de la mairie\u2026<\/p>\n<p>Alors, pour donner envie de se remettre au sport et \u00e9liminer les glaces de l\u2019\u00e9t\u00e9, la Ligue Sud assouplit les formules: 10 euros par \u00e9preuve ou un pass de 30 euros pour l\u2019ensemble du D\u00e9cathlon! L\u00e0, il n\u2019y a vraiment plus d\u2019excuse\u2026<\/p>\n<p>Ligue Sud du sport d\u2019entreprise (FFSE), t\u00e9l.: 07.78.80.42.23, www.sud.ffse.fr<\/p>\n<p>              <img ci-src=\"https:\/\/www.varmatin.com\/vie-locale\/protec\/DATA_ART_16224106-em0nnm7K.jpg?vh=a653b1&amp;ci_seal=a0ad736731\" alt=\"\"\/><br \/>\n        Le basket 3&#215;3 sera \u00e0 nouveau&#13;<br \/>\nau programme. Photo I. JA. <\/p>\n","protected":false},"excerpt":{"rendered":"Surfant sur le succ\u00e8s du 1er D\u00e9cathlon de Sanary lanc\u00e9 l\u2019an dernier, la Ligue Sud du sport d\u2019entreprise&hellip;\n","protected":false},"author":2,"featured_media":386686,"comment_status":"","ping_status":"","sticky":false,"template":"","format":"standard","meta":{"footnotes":""},"categories":[9619],"tags":[1111,11,1777,674,1011,27,12,882,25,60,2310,3366],"class_list":{"0":"post-386685","1":"post","2":"type-post","3":"status-publish","4":"format-standard","5":"has-post-thumbnail","7":"category-toulon","8":"tag-actu","9":"tag-actualites","10":"tag-eu","11":"tag-europe","12":"tag-fr","13":"tag-france","14":"tag-news","15":"tag-provence-alpes-cote-dazur","16":"tag-republique-francaise","17":"tag-sports","18":"tag-toulon","19":"tag-vie-locale"},"share_on_mastodon":{"url":"https:\/\/pubeurope.com\/@fr\/115194428399253555","error":""},"_links":{"self":[{"href":"https:\/\/www.europesays.com\/fr\/wp-json\/wp\/v2\/posts\/386685","targetHints":{"allow":["GET"]}}],"collection":[{"href":"https:\/\/www.europesays.com\/fr\/wp-json\/wp\/v2\/posts"}],"about":[{"href":"https:\/\/www.europesays.com\/fr\/wp-json\/wp\/v2\/types\/post"}],"author":[{"embeddable":true,"href":"https:\/\/www.europesays.com\/fr\/wp-json\/wp\/v2\/users\/2"}],"replies":[{"embeddable":true,"href":"https:\/\/www.europesays.com\/fr\/wp-json\/wp\/v2\/comments?post=386685"}],"version-history":[{"count":0,"href":"https:\/\/www.europesays.com\/fr\/wp-json\/wp\/v2\/posts\/386685\/revisions"}],"wp:featuredmedia":[{"embeddable":true,"href":"https:\/\/www.europesays.com\/fr\/wp-json\/wp\/v2\/media\/386686"}],"wp:attachment":[{"href":"https:\/\/www.europesays.com\/fr\/wp-json\/wp\/v2\/media?parent=386685"}],"wp:term":[{"taxonomy":"category","embeddable":true,"href":"https:\/\/www.europesays.com\/fr\/wp-json\/wp\/v2\/categories?post=386685"},{"taxonomy":"post_tag","embeddable":true,"href":"https:\/\/www.europesays.com\/fr\/wp-json\/wp\/v2\/tags?post=386685"}],"curies":[{"name":"wp","href":"https:\/\/api.w.org\/{rel}","templated":true}]}}