{"id":386687,"date":"2025-09-13T01:37:10","date_gmt":"2025-09-13T01:37:10","guid":{"rendered":"https:\/\/www.europesays.com\/fr\/386687\/"},"modified":"2025-09-13T01:37:10","modified_gmt":"2025-09-13T01:37:10","slug":"toulon-la-maison-vide-de-laurent-mauvignier","status":"publish","type":"post","link":"https:\/\/www.europesays.com\/fr\/386687\/","title":{"rendered":"TOULON : \u00ab\u00a0La Maison vide\u00a0\u00bb, de Laurent MAUVIGNIER"},"content":{"rendered":"<p style=\"text-align: left;\"><strong>Cette semaine, La Grande Librairie s\u2019empare de la question qui obs\u00e8de cette rentr\u00e9e litt\u00e9raire \u2013 et qui nous concerne toutes et tous : que sait-on de nos m\u00e8res ?<\/strong><\/p>\n<p style=\"text-align: left;\">Retrouvez les livres de l\u2019\u00e9mission dans notre librairie !<\/p>\n<p style=\"text-align: left;\">C\u2019est \u00e0 la r\u00e9solution d\u2019une \u00e9nigme familiale que s\u2019attelle Laurent Mauvignier dans La maison vide. Au c\u0153ur de ce grand roman intime et envo\u00fbtant, une question : pourquoi le visage de sa grand-m\u00e8re a-t-il \u00e9t\u00e9 d\u00e9coup\u00e9 de toutes les photos de famille ? Pour y r\u00e9pondre, l\u2019auteur d\u2019Apprendre \u00e0 finir et d\u2019Histoires de la nuit retrace la vie de celles et ceux qui se sont succ\u00e9d\u00e9s dans la m\u00eame demeure sur trois g\u00e9n\u00e9rations, et r\u00e9veille les fant\u00f4mes d\u2019histoires enfouies.<\/p>\n<p style=\"text-align: left;\"><a href=\"https:\/\/www.librairiecharlemagne.com\/livre\/24760920-la-maison-vide-laurent-mauvignier-les-editions-de-minuit\" target=\"_blank\" rel=\"noopener\">Commander sur le site<\/a><\/p>\n<p style=\"text-align: left;\"><strong>SOURCE : La Grande Librairie du 10 septembre de la Librairie Charlemagne Toulon.<\/strong><\/p>\n","protected":false},"excerpt":{"rendered":"Cette semaine, La Grande Librairie s\u2019empare de la question qui obs\u00e8de cette rentr\u00e9e litt\u00e9raire \u2013 et qui nous&hellip;\n","protected":false},"author":2,"featured_media":386688,"comment_status":"","ping_status":"","sticky":false,"template":"","format":"standard","meta":{"footnotes":""},"categories":[9619],"tags":[1111,11,1777,674,1011,27,12,882,25,2310],"class_list":{"0":"post-386687","1":"post","2":"type-post","3":"status-publish","4":"format-standard","5":"has-post-thumbnail","7":"category-toulon","8":"tag-actu","9":"tag-actualites","10":"tag-eu","11":"tag-europe","12":"tag-fr","13":"tag-france","14":"tag-news","15":"tag-provence-alpes-cote-dazur","16":"tag-republique-francaise","17":"tag-toulon"},"share_on_mastodon":{"url":"https:\/\/pubeurope.com\/@fr\/115194432298240277","error":""},"_links":{"self":[{"href":"https:\/\/www.europesays.com\/fr\/wp-json\/wp\/v2\/posts\/386687","targetHints":{"allow":["GET"]}}],"collection":[{"href":"https:\/\/www.europesays.com\/fr\/wp-json\/wp\/v2\/posts"}],"about":[{"href":"https:\/\/www.europesays.com\/fr\/wp-json\/wp\/v2\/types\/post"}],"author":[{"embeddable":true,"href":"https:\/\/www.europesays.com\/fr\/wp-json\/wp\/v2\/users\/2"}],"replies":[{"embeddable":true,"href":"https:\/\/www.europesays.com\/fr\/wp-json\/wp\/v2\/comments?post=386687"}],"version-history":[{"count":0,"href":"https:\/\/www.europesays.com\/fr\/wp-json\/wp\/v2\/posts\/386687\/revisions"}],"wp:featuredmedia":[{"embeddable":true,"href":"https:\/\/www.europesays.com\/fr\/wp-json\/wp\/v2\/media\/386688"}],"wp:attachment":[{"href":"https:\/\/www.europesays.com\/fr\/wp-json\/wp\/v2\/media?parent=386687"}],"wp:term":[{"taxonomy":"category","embeddable":true,"href":"https:\/\/www.europesays.com\/fr\/wp-json\/wp\/v2\/categories?post=386687"},{"taxonomy":"post_tag","embeddable":true,"href":"https:\/\/www.europesays.com\/fr\/wp-json\/wp\/v2\/tags?post=386687"}],"curies":[{"name":"wp","href":"https:\/\/api.w.org\/{rel}","templated":true}]}}