{"id":386689,"date":"2025-09-13T01:38:14","date_gmt":"2025-09-13T01:38:14","guid":{"rendered":"https:\/\/www.europesays.com\/fr\/386689\/"},"modified":"2025-09-13T01:38:14","modified_gmt":"2025-09-13T01:38:14","slug":"ouvrez-les-portes-du-chateau-de-lengarran","status":"publish","type":"post","link":"https:\/\/www.europesays.com\/fr\/386689\/","title":{"rendered":"Ouvrez les portes du Ch\u00e2teau de l&rsquo;Engarran"},"content":{"rendered":"<p>\t\t\t\t\t\t\t\tEntre Histoire, Cin\u00e9ma et Vins d\u2019Exception<\/p>\n<p>\u00c0 l\u2019occasion des <b>Journ\u00e9es Europ\u00e9ennes du Patrimoine les 20 et 21 septembre<\/b>, le <b>Ch\u00e2teau de l\u2019Engarran<\/b>, v\u00e9ritable joyau situ\u00e9 aux portes de Montpellier \u00e0 Lav\u00e9rune, ouvre ses portes pour une exp\u00e9rience sensorielle et culturelle unique. Class\u00e9 Monument Historique et entour\u00e9 de 60 hectares de vignes, ce domaine allie \u00e0 la perfection patrimoine architectural et tradition viticole, le tout sublim\u00e9 par un parc \u00e0 la fran\u00e7aise class\u00e9 <b>Jardin Remarquable<\/b>.<\/p>\n<p>Une visite guid\u00e9e In\u00e9dite au c\u0153ur du cin\u00e9ma<\/p>\n<p>Cette ann\u00e9e, la visite prend une dimension particuli\u00e8re. Le Ch\u00e2teau de l\u2019Engarran a servi de d\u00e9cor au film <b>Le Comte de Monte-Cristo<\/b>, laur\u00e9at du C\u00e9sar 2025 des \u00ab\u00a0meilleurs d\u00e9cors\u00a0\u00bb. C\u2019est l\u2019occasion de vous immerger dans l\u2019univers de ce film tout en d\u00e9couvrant les lieux qui ont captiv\u00e9 l\u2019\u00e9cran. Au fil du parcours, vous serez transport\u00e9s \u00e0 travers les diff\u00e9rentes sc\u00e8nes, avec en prime des <b>anecdotes de tournage<\/b> qui vous seront d\u00e9voil\u00e9es.<\/p>\n<p>Une balade sensorielle : pierres et vins entrelac\u00e9s<\/p>\n<p>Le th\u00e8me de l\u2019\u00e9v\u00e9nement, <b>\u00ab\u00a0M\u00e9moire de pierres, promesse de vins\u00a0\u00bb<\/b>, r\u00e9sume parfaitement l\u2019esprit de cette balade. \u00c0 chaque \u00e9tape de votre visite, un d\u00e9cor unique correspond \u00e0 une histoire du ch\u00e2teau et \u00e0 la d\u00e9gustation d\u2019une cuv\u00e9e sp\u00e9cifique. C\u2019est un v\u00e9ritable voyage \u00e0 travers le temps, o\u00f9 le pass\u00e9 des vieilles pierres rencontre le futur prometteur des vins du domaine. Vous y d\u00e9couvrirez l\u2019harmonie entre le <b>patrimoine architectural, l\u2019art de vivre \u00e0 la fran\u00e7aise et le grand \u00e9cran<\/b>.<\/p>\n<p>Ne manquez pas cette opportunit\u00e9 de vivre une exp\u00e9rience enrichissante, alliant culture, nature et d\u00e9gustation. Pour r\u00e9server votre place, rendez-vous sur l\u2019agenda du site officiel du ch\u00e2teau.<\/p>\n<p><b>Ch\u00e2teau de l\u2019Engarran <\/b>Route de Lav\u00e9rune, D5E \u00e0 Lav\u00e9rune. Visite et entr\u00e9e \u00e0 12\u20ac (30 mn de visite) On r\u00e9serve <a href=\"https:\/\/chateau-engarran.com\" target=\"_blank\" rel=\"noopener nofollow\"><strong>ici<\/strong><\/a><\/p>\n<p><strong>Cr\u00e9neaux de visites payants :<\/strong><br \/>11h00 et 11h30<br \/>15h00 et 15h30<br \/>16h00 et 16h30<\/p>\n<blockquote class=\"instagram-media\" style=\"background: #FFF; border: 0; border-radius: 3px; box-shadow: 0 0 1px 0 rgba(0,0,0,0.5),0 1px 10px 0 rgba(0,0,0,0.15); margin: 1px; max-width: 540px; min-width: 326px; padding: 0; width: calc(100% - 2px);\" data-instgrm-captioned=\"\" data-instgrm-permalink=\"https:\/\/www.instagram.com\/p\/DAbTF-esQoy\/?utm_source=ig_embed&amp;utm_campaign=loading\" data-instgrm-version=\"14\">\n<\/blockquote>\n<p>\t\t\t\t\t\t\t\t\t\t\t\t\t\t\t<script async src=\"\/\/www.instagram.com\/embed.js\"><\/script><\/p>\n","protected":false},"excerpt":{"rendered":"Entre Histoire, Cin\u00e9ma et Vins d\u2019Exception \u00c0 l\u2019occasion des Journ\u00e9es Europ\u00e9ennes du Patrimoine les 20 et 21 septembre,&hellip;\n","protected":false},"author":2,"featured_media":386690,"comment_status":"","ping_status":"","sticky":false,"template":"","format":"standard","meta":{"footnotes":""},"categories":[9599],"tags":[1111,11,1777,674,1011,27,2208,12,2680,25],"class_list":{"0":"post-386689","1":"post","2":"type-post","3":"status-publish","4":"format-standard","5":"has-post-thumbnail","7":"category-montpellier","8":"tag-actu","9":"tag-actualites","10":"tag-eu","11":"tag-europe","12":"tag-fr","13":"tag-france","14":"tag-montpellier","15":"tag-news","16":"tag-occitanie","17":"tag-republique-francaise"},"share_on_mastodon":{"url":"https:\/\/pubeurope.com\/@fr\/115194436279850667","error":""},"_links":{"self":[{"href":"https:\/\/www.europesays.com\/fr\/wp-json\/wp\/v2\/posts\/386689","targetHints":{"allow":["GET"]}}],"collection":[{"href":"https:\/\/www.europesays.com\/fr\/wp-json\/wp\/v2\/posts"}],"about":[{"href":"https:\/\/www.europesays.com\/fr\/wp-json\/wp\/v2\/types\/post"}],"author":[{"embeddable":true,"href":"https:\/\/www.europesays.com\/fr\/wp-json\/wp\/v2\/users\/2"}],"replies":[{"embeddable":true,"href":"https:\/\/www.europesays.com\/fr\/wp-json\/wp\/v2\/comments?post=386689"}],"version-history":[{"count":0,"href":"https:\/\/www.europesays.com\/fr\/wp-json\/wp\/v2\/posts\/386689\/revisions"}],"wp:featuredmedia":[{"embeddable":true,"href":"https:\/\/www.europesays.com\/fr\/wp-json\/wp\/v2\/media\/386690"}],"wp:attachment":[{"href":"https:\/\/www.europesays.com\/fr\/wp-json\/wp\/v2\/media?parent=386689"}],"wp:term":[{"taxonomy":"category","embeddable":true,"href":"https:\/\/www.europesays.com\/fr\/wp-json\/wp\/v2\/categories?post=386689"},{"taxonomy":"post_tag","embeddable":true,"href":"https:\/\/www.europesays.com\/fr\/wp-json\/wp\/v2\/tags?post=386689"}],"curies":[{"name":"wp","href":"https:\/\/api.w.org\/{rel}","templated":true}]}}