{"id":386691,"date":"2025-09-13T01:39:20","date_gmt":"2025-09-13T01:39:20","guid":{"rendered":"https:\/\/www.europesays.com\/fr\/386691\/"},"modified":"2025-09-13T01:39:20","modified_gmt":"2025-09-13T01:39:20","slug":"pret-a-tout-donner-sur-le-terrain-un-joueur-du-montpellier-futsal-senvolera-au-bresil-avec-les-bleus-apres-le-choc-contre-laval","status":"publish","type":"post","link":"https:\/\/www.europesays.com\/fr\/386691\/","title":{"rendered":"\u00ab\u00a0Pr\u00eat \u00e0 tout donner sur le terrain\u00a0\u00bb, un joueur du Montpellier Futsal s\u2019envolera au Br\u00e9sil avec les Bleus apr\u00e8s le choc contre Laval"},"content":{"rendered":"<p>\n                                                                Le MMF et son nouveau joueur de l\u2019\u00e9quipe de France Amine Gueddoura re\u00e7oivent le triple champion de France en titre, samedi (18h45) au Palais des sports Pierre-de-Coubertin de Montpellier.\n                            <\/p>\n<p>Samedi dernier, quelques minutes apr\u00e8s le match nul entre le MMF et Goal FC (2-2) en ouverture du championnat, une discussion s\u2019engage entre le s\u00e9lectionneur de l\u2019\u00e9quipe de France et Amine Gueddoura. C\u2019est le moment choisi par Rapha\u00ebl Reynaud, pr\u00e9sent \u00e0 Montpellier pour l\u2019occasion, d\u2019annoncer sa s\u00e9lection en \u00e9quipe de France au joueur montpelli\u00e9rain pour participer\u00a0\u00e0 la Copa das Na\u00e7oes au Br\u00e9sil du 16 au 21\u00a0septembre. \u00ab\u00a0Sur le moment, j\u2019\u00e9tais\u00a0tr\u00e8s fier, tr\u00e8s content\u00a0\u00bb, se r\u00e9jouit le pivot qui va conna\u00eetre sa premi\u00e8re s\u00e9lection avec les Bleus apr\u00e8s avoir connu des exp\u00e9riences en U19, U21 et U23.<\/p>\n<p>\u00ab\u00a0Il peut devenir un grand joueur\u00a0\u00bb<\/p>\n<p>Originaire de Pont-Ev\u00eaque, \u00e0 c\u00f4t\u00e9 de Vienne en Is\u00e8re, Amine Gueddoura (23 ans) commence son deuxi\u00e8me exercice en premi\u00e8re division. L\u2019an dernier, il a marqu\u00e9 les esprits et largement contribu\u00e9 \u00e0 la superbe saison de Montpellier.<\/p>\n<p>Lors de la premi\u00e8re journ\u00e9e, il a sign\u00e9 une passe d\u00e9cisive sur l\u2019un des deux buts de son \u00e9quipe. \u00ab\u00a0Je suis tr\u00e8s heureux qu\u2019il soit s\u00e9lectionn\u00e9 parce qu\u2019humainement, c\u2019est un bon gars et que sportivement, il le m\u00e9rite, estime son entra\u00eeneur Mohamed Nezlioui. Il a pris conscience qu\u2019il peut devenir un grand joueur et faire une belle carri\u00e8re.\u00a0\u00bb<\/p>\n<p>Avec son nouveau statut, Amine Gueddoura\u00a0sera scrut\u00e9, ce samedi encore sur le parquet de Coubertin face \u00e0 Laval et ses nombreux internationaux fran\u00e7ais qui deviendront ensuite ses co\u00e9quipiers au Br\u00e9sil. \u00ab\u00a0On va jouer contre des grandes nations comme le Paraguay, le Costa Rica, peut \u00eatre la plus grande \u00e9quipe du monde le Br\u00e9sil\u2026 Je suis pr\u00eat \u00e0 tout donner sur le terrain\u00a0\u00bb, conclut-il ravi.<\/p>\n<p>Yannis Erradaf avec le Maroc<br \/>D\u00e9j\u00e0 appel\u00e9 par le Maroc sans pouvoir jouer le moindre match, Yanis Erradaf va conna\u00eetre sa premi\u00e8re s\u00e9lection en Argentine avec son pays pendant la prochaine fen\u00eatre internationale.<\/p>\n","protected":false},"excerpt":{"rendered":"Le MMF et son nouveau joueur de l\u2019\u00e9quipe de France Amine Gueddoura re\u00e7oivent le triple champion de France&hellip;\n","protected":false},"author":2,"featured_media":386692,"comment_status":"","ping_status":"","sticky":false,"template":"","format":"standard","meta":{"footnotes":""},"categories":[9599],"tags":[1111,11,1777,674,1011,27,2208,12,2680,25],"class_list":{"0":"post-386691","1":"post","2":"type-post","3":"status-publish","4":"format-standard","5":"has-post-thumbnail","7":"category-montpellier","8":"tag-actu","9":"tag-actualites","10":"tag-eu","11":"tag-europe","12":"tag-fr","13":"tag-france","14":"tag-montpellier","15":"tag-news","16":"tag-occitanie","17":"tag-republique-francaise"},"share_on_mastodon":{"url":"https:\/\/pubeurope.com\/@fr\/115194440127006028","error":""},"_links":{"self":[{"href":"https:\/\/www.europesays.com\/fr\/wp-json\/wp\/v2\/posts\/386691","targetHints":{"allow":["GET"]}}],"collection":[{"href":"https:\/\/www.europesays.com\/fr\/wp-json\/wp\/v2\/posts"}],"about":[{"href":"https:\/\/www.europesays.com\/fr\/wp-json\/wp\/v2\/types\/post"}],"author":[{"embeddable":true,"href":"https:\/\/www.europesays.com\/fr\/wp-json\/wp\/v2\/users\/2"}],"replies":[{"embeddable":true,"href":"https:\/\/www.europesays.com\/fr\/wp-json\/wp\/v2\/comments?post=386691"}],"version-history":[{"count":0,"href":"https:\/\/www.europesays.com\/fr\/wp-json\/wp\/v2\/posts\/386691\/revisions"}],"wp:featuredmedia":[{"embeddable":true,"href":"https:\/\/www.europesays.com\/fr\/wp-json\/wp\/v2\/media\/386692"}],"wp:attachment":[{"href":"https:\/\/www.europesays.com\/fr\/wp-json\/wp\/v2\/media?parent=386691"}],"wp:term":[{"taxonomy":"category","embeddable":true,"href":"https:\/\/www.europesays.com\/fr\/wp-json\/wp\/v2\/categories?post=386691"},{"taxonomy":"post_tag","embeddable":true,"href":"https:\/\/www.europesays.com\/fr\/wp-json\/wp\/v2\/tags?post=386691"}],"curies":[{"name":"wp","href":"https:\/\/api.w.org\/{rel}","templated":true}]}}