{"id":386693,"date":"2025-09-13T01:43:20","date_gmt":"2025-09-13T01:43:20","guid":{"rendered":"https:\/\/www.europesays.com\/fr\/386693\/"},"modified":"2025-09-13T01:43:20","modified_gmt":"2025-09-13T01:43:20","slug":"mouvement-bloquons-tout-en-isere-les-prochaines-actions-attendues","status":"publish","type":"post","link":"https:\/\/www.europesays.com\/fr\/386693\/","title":{"rendered":"Mouvement Bloquons tout en Is\u00e8re : les prochaines actions attendues"},"content":{"rendered":"<p>Le mouvement<strong> \u00ab\u00a0Bloquons tout\u00a0\u00bb <\/strong>du 10 septembre 2025 se poursuit en <strong>Is\u00e8re <\/strong>avec notamment une <strong>manifestation, <\/strong>\u00e0 l&rsquo;image de celle de mercredi dernier, qui est programm\u00e9e ce samedi 13 septembre \u00e0 <strong>Grenoble<\/strong>. Les organisateurs esp\u00e8rent attirer les foules dans des ampleurs comparables \u00e0 la <a href=\"https:\/\/mesinfos.fr\/38000-grenoble\/10-septembre-les-images-de-la-mobilisation-grenobloise-229673.html#:~:text=Toujours%20en%20cours%2C%20le%20cort%C3%A8ge,rassemble%20plusieurs%20milliers%20de%20manifestants.&amp;text=Le%20d%C3%A9fil%C3%A9%20est%20toujours%20en,heures%20au%20parc%20Paul%2DMistral.\" rel=\"noopener\" target=\"_blank\">premi\u00e8re \u00e9dition<\/a> (entre 11 000 personnes selon les forces de l&rsquo;ordre et 30 000 selon les organisateurs). <\/p>\n<p>Le rendez-vous est donn\u00e9, \u00e0 nouveau, place Victor-Hugo \u00e0 16h, avec le m\u00eame parcours via les quais de l&rsquo;Is\u00e8re, la place de Verdun et l&rsquo;arriv\u00e9e au parc Paul-Mistral pr\u00e9vue vers 19 h pour une nouvelle assembl\u00e9e g\u00e9n\u00e9rale. Une assembl\u00e9e g\u00e9n\u00e9rale est \u00e9galement pr\u00e9vue ce vendredi 12 septembre \u00e0 19h au niveau de l&rsquo;anneau de vitesse ainsi que lundi 15 septembre \u00e0 18h \u00e0 Fontaine. <\/p>\n<p>Des op\u00e9rations de <strong>barrages filtrants<\/strong> avec <strong>distribution de tracts<\/strong> \u00e0 diff\u00e9rents points de l&rsquo;agglom\u00e9ration grenobloise sont \u00e0 pr\u00e9voir t\u00f4t le matin, que ce soit au niveau de la <strong>Porte de France<\/strong>, du <strong>boulevard Jean-Pain<\/strong>, du pont de Catane et de la rue Felix-Esclangon, de l&rsquo;avenue Gabriel-P\u00e9ri (rond-point d&rsquo;Ikea) \u00e0 Saint-Martin-d&rsquo;H\u00e8res ou du c\u00f4t\u00e9 de <a href=\"https:\/\/mesinfos.fr\/38130-echirolles\/le-centre-commercial-grand-place-agrandi-est-ouvert-depuis-ce-jeudi-23-novembre-188099.html\" rel=\"noopener\" target=\"_blank\">Grand&rsquo;Place<\/a>\/ Carrefour \u00c9chirolles.<\/p>\n<p>Les manifestants affichent leur volont\u00e9 de poursuivre le mouvement tous les jours jusqu&rsquo;\u00e0 la date du <strong>jeudi 18 septembre 2025<\/strong>, journ\u00e9e de mobilisation \u00e0 l&rsquo;appel de l&rsquo;intersyndicale. Ce jour-l\u00e0 une manifestation partira \u00e0 10h de l&rsquo;avenue Alsace-Lorraine \u00e0 Grenoble et le cort\u00e8ge se rendra jusqu&rsquo;\u00e0 la place de Verdun o\u00f9 se trouve la pr\u00e9fecture de l&rsquo;Is\u00e8re.<\/p>\n<p> A Vienne des manifestations sont programm\u00e9es du 13 au 20 septembre <img decoding=\"async\" alt=\"\" class=\"img-align-center\" data-zoomable=\"\" height=\"1500\" loading=\"lazy\" src=\"https:\/\/www.europesays.com\/fr\/wp-content\/uploads\/2025\/09\/sitting-vienne.jpg\" title=\"La manifestation \" bloquons=\"\" tout=\"\" du=\"\" mercredi=\"\" septembre=\"\" a=\"\" rassembl=\"\" pr=\"\" de=\"\" personnes=\"\" vienne.=\"\" width=\"2000\"\/> <\/p>\n<p>\u00a9 S\u00e9vim Sonmez &#8211; La manifestation \u00ab\u00a0Bloquons tout\u00a0\u00bb du mercredi 10 septembre a rassembl\u00e9 pr\u00e8s de 300 personnes, \u00e0 Vienne. <\/p>\n<p>A <strong>Vienne<\/strong>, sur la place Simone-Veil, une trentaine de personnes se sont r\u00e9unies jeudi 11 septembre vers 18h30, pour d\u00e9cider de la suite \u00e0 donner au mouvement de contestation. Parmi les personnes pr\u00e9sentes, une majorit\u00e9 de syndicalistes, de repr\u00e9sentants de la France Insoumise et de l&rsquo;association Attac qui ont refus\u00e9 la pr\u00e9sence de la presse durant la tenue de l&rsquo;assembl\u00e9e g\u00e9n\u00e9rale. <\/p>\n<p>Les actions suivantes ont \u00e9t\u00e9 publi\u00e9es sur le site d&rsquo;Alter, qui se pr\u00e9sente comme \u00ab\u00a0un site de lutte contre toutes les dominations de classe, racistes, sexistes, de genre, institutionnelles \u00e9conomiques, polluantes et violentes\u00a0\u00bb : <\/p>\n<ul>\n<li>Samedi 13 septembre 2025 : tractage au march\u00e9 de Vienne. Rendez-vous est donn\u00e9 \u00e0 9h30 devant La Poste. <\/li>\n<li>Lundi 15 septembre 2025 (et tous les lundis suivants) : assembl\u00e9e g\u00e9n\u00e9rale \u00e0 19h \u00e0 l\u2019Ile-Barlet, \u00e0 Saint-Romain-en-Gal. <\/li>\n<li>Mardi 16 septembre 2025 : tractage et \u00e9changes avec les habitants. Rendez-vous est fix\u00e9 \u00e0 9h30 au march\u00e9 du Grand Estressin (angle du quai Claude-Bernard et de la rue Pierre-et-Marie-Curie) \u00e0 Vienne. <\/li>\n<li>Jeudi 18 septembre 2025 : manifestation \u00e0 l\u2019appel de l\u2019intersyndicale : 8h30 gare routi\u00e8re, \u00e0 c\u00f4t\u00e9 de la place du champ-de-Mars \u00e0 Vienne. Apr\u00e8s la manifestation, un pique-nique solidaire est pr\u00e9vu sur la place Simone-Veil. <\/li>\n<li>Samedi 20 septembre 2025 : action surprise. Rendez-vous \u00e0 14h \u00e0 la gare de Vienne.<\/li>\n<\/ul>\n","protected":false},"excerpt":{"rendered":"Le mouvement \u00ab\u00a0Bloquons tout\u00a0\u00bb du 10 septembre 2025 se poursuit en Is\u00e8re avec notamment une manifestation, \u00e0 l&rsquo;image&hellip;\n","protected":false},"author":2,"featured_media":386694,"comment_status":"","ping_status":"","sticky":false,"template":"","format":"standard","meta":{"footnotes":""},"categories":[9566],"tags":[48300,1111,11,2430,7551,47212,1777,674,1011,27,2731,1272,12,25],"class_list":{"0":"post-386693","1":"post","2":"type-post","3":"status-publish","4":"format-standard","5":"has-post-thumbnail","7":"category-grenoble","8":"tag-10-septembre","9":"tag-actu","10":"tag-actualites","11":"tag-auvergne-rhone-alpes","12":"tag-blocage","13":"tag-bloquons-tout","14":"tag-eu","15":"tag-europe","16":"tag-fr","17":"tag-france","18":"tag-grenoble","19":"tag-manifestations","20":"tag-news","21":"tag-republique-francaise"},"share_on_mastodon":{"url":"https:\/\/pubeurope.com\/@fr\/115194455983945798","error":""},"_links":{"self":[{"href":"https:\/\/www.europesays.com\/fr\/wp-json\/wp\/v2\/posts\/386693","targetHints":{"allow":["GET"]}}],"collection":[{"href":"https:\/\/www.europesays.com\/fr\/wp-json\/wp\/v2\/posts"}],"about":[{"href":"https:\/\/www.europesays.com\/fr\/wp-json\/wp\/v2\/types\/post"}],"author":[{"embeddable":true,"href":"https:\/\/www.europesays.com\/fr\/wp-json\/wp\/v2\/users\/2"}],"replies":[{"embeddable":true,"href":"https:\/\/www.europesays.com\/fr\/wp-json\/wp\/v2\/comments?post=386693"}],"version-history":[{"count":0,"href":"https:\/\/www.europesays.com\/fr\/wp-json\/wp\/v2\/posts\/386693\/revisions"}],"wp:featuredmedia":[{"embeddable":true,"href":"https:\/\/www.europesays.com\/fr\/wp-json\/wp\/v2\/media\/386694"}],"wp:attachment":[{"href":"https:\/\/www.europesays.com\/fr\/wp-json\/wp\/v2\/media?parent=386693"}],"wp:term":[{"taxonomy":"category","embeddable":true,"href":"https:\/\/www.europesays.com\/fr\/wp-json\/wp\/v2\/categories?post=386693"},{"taxonomy":"post_tag","embeddable":true,"href":"https:\/\/www.europesays.com\/fr\/wp-json\/wp\/v2\/tags?post=386693"}],"curies":[{"name":"wp","href":"https:\/\/api.w.org\/{rel}","templated":true}]}}