{"id":386695,"date":"2025-09-13T01:44:11","date_gmt":"2025-09-13T01:44:11","guid":{"rendered":"https:\/\/www.europesays.com\/fr\/386695\/"},"modified":"2025-09-13T01:44:11","modified_gmt":"2025-09-13T01:44:11","slug":"un-homme-se-defenestre-dans-le-quartier-du-blosne-a-rennes","status":"publish","type":"post","link":"https:\/\/www.europesays.com\/fr\/386695\/","title":{"rendered":"Un homme se d\u00e9fenestre dans le quartier du Blosne \u00e0 Rennes"},"content":{"rendered":"<p>Une quinzaine de pompiers est intervenue ce vendredi 12\u00a0septembre 2025 vers 17\u00a0h, square des Hautes-Ourmes, dans le quartier du Blosne \u00e0 Rennes, pour porter secours \u00e0 un homme qui s\u2019est d\u00e9fenestr\u00e9 depuis son immeuble, situ\u00e9 non loin de la station de m\u00e9tro La Poterie.<\/p>\n<p><strong>Lire l\u2019article\u00a0:<\/strong> <a href=\"https:\/\/rennes.maville.com\/actu\/actudet_-une-camionnette-volee-retrouvee-calcinee-sur-une-aire-de-covoiturage-pres-de-rennes-_7-6972966_actu.Htm\" rel=\"nofollow noopener\" target=\"_blank\">Une camionnette vol\u00e9e retrouv\u00e9e calcin\u00e9e sur une aire de covoiturage pr\u00e8s de Rennes<\/a><\/p>\n<p>Selon les premiers \u00e9l\u00e9ments, il s\u2019agit d\u2019un suicide. Le quartier \u00e9tant tr\u00e8s habit\u00e9, une tente a \u00e9t\u00e9 d\u00e9ploy\u00e9e par les secours le temps de l\u2019intervention. L\u2019homme est d\u00e9c\u00e9d\u00e9.<\/p>\n<p>\u00a0<\/p>\n","protected":false},"excerpt":{"rendered":"Une quinzaine de pompiers est intervenue ce vendredi 12\u00a0septembre 2025 vers 17\u00a0h, square des Hautes-Ourmes, dans le quartier&hellip;\n","protected":false},"author":2,"featured_media":386696,"comment_status":"","ping_status":"","sticky":false,"template":"","format":"standard","meta":{"footnotes":""},"categories":[2821],"tags":[1111,11,8765,829,44149,1777,674,1011,27,4933,12,5775,584,25],"class_list":{"0":"post-386695","1":"post","2":"type-post","3":"status-publish","4":"format-standard","5":"has-post-thumbnail","7":"category-rennes","8":"tag-actu","9":"tag-actualites","10":"tag-blosne","11":"tag-bretagne","12":"tag-defenestre","13":"tag-eu","14":"tag-europe","15":"tag-fr","16":"tag-france","17":"tag-homme","18":"tag-news","19":"tag-quartier","20":"tag-rennes","21":"tag-republique-francaise"},"share_on_mastodon":{"url":"https:\/\/pubeurope.com\/@fr\/115194459813365769","error":""},"_links":{"self":[{"href":"https:\/\/www.europesays.com\/fr\/wp-json\/wp\/v2\/posts\/386695","targetHints":{"allow":["GET"]}}],"collection":[{"href":"https:\/\/www.europesays.com\/fr\/wp-json\/wp\/v2\/posts"}],"about":[{"href":"https:\/\/www.europesays.com\/fr\/wp-json\/wp\/v2\/types\/post"}],"author":[{"embeddable":true,"href":"https:\/\/www.europesays.com\/fr\/wp-json\/wp\/v2\/users\/2"}],"replies":[{"embeddable":true,"href":"https:\/\/www.europesays.com\/fr\/wp-json\/wp\/v2\/comments?post=386695"}],"version-history":[{"count":0,"href":"https:\/\/www.europesays.com\/fr\/wp-json\/wp\/v2\/posts\/386695\/revisions"}],"wp:featuredmedia":[{"embeddable":true,"href":"https:\/\/www.europesays.com\/fr\/wp-json\/wp\/v2\/media\/386696"}],"wp:attachment":[{"href":"https:\/\/www.europesays.com\/fr\/wp-json\/wp\/v2\/media?parent=386695"}],"wp:term":[{"taxonomy":"category","embeddable":true,"href":"https:\/\/www.europesays.com\/fr\/wp-json\/wp\/v2\/categories?post=386695"},{"taxonomy":"post_tag","embeddable":true,"href":"https:\/\/www.europesays.com\/fr\/wp-json\/wp\/v2\/tags?post=386695"}],"curies":[{"name":"wp","href":"https:\/\/api.w.org\/{rel}","templated":true}]}}