{"id":386697,"date":"2025-09-13T01:45:15","date_gmt":"2025-09-13T01:45:15","guid":{"rendered":"https:\/\/www.europesays.com\/fr\/386697\/"},"modified":"2025-09-13T01:45:15","modified_gmt":"2025-09-13T01:45:15","slug":"tennis-open-de-rennes-lallemand-patrick-zahraj-dernier-qualifie-pour-les-demi-finales","status":"publish","type":"post","link":"https:\/\/www.europesays.com\/fr\/386697\/","title":{"rendered":"Tennis. Open de Rennes\u00a0: l\u2019Allemand Patrick Zahraj dernier qualifi\u00e9 pour les demi-finales ."},"content":{"rendered":"<p>Apr\u00e8s Cl\u00e9ment Chidekh, Hugo Gaston et Stan Wawrinka, l\u2019Allemand Patrick Zahraj a rejoint les demi-finales de l\u2019<a href=\"https:\/\/www.ouest-france.fr\/sport\/tennis\/open-de-rennes\/\" target=\"_blank\" rel=\"noopener\">Open de Rennes<\/a> ce vendredi 12\u00a0septembre. Le 259e joueur mondial a battu l\u2019Am\u00e9ricain Cannon Kingsley (567e mondial) en quart de finale (6-4, 3-6, 6-3) lors du dernier match du jour au Libert\u00e9. Il sera oppos\u00e9 en demi-finale \u00e0 <a href=\"https:\/\/rennes.maville.com\/sport\/detail_-tennis.-open-de-rennes-accroche-par-michael-geerts-stan-wawrinka-s-en-sort-et-file-en-demi-finale-_7-6973113_actu.Htm\" target=\"_blank\" rel=\"noopener\">Stan Wawrinka, vainqueur de Michael Geerts<\/a> en d\u00e9but de soir\u00e9e (7-6, 7-5). Ce sera la deuxi\u00e8me demi-finale au programme samedi, la premi\u00e8re \u00e9tant franco-fran\u00e7aise entre Hugo Gaston et Cl\u00e9ment Chidekh (\u00e0 partir de 14\u00a0h\u00a030).<\/p>\n<p><strong>Lire aussi.<\/strong> <a href=\"https:\/\/rennes.maville.com\/sport\/detail_-tennis.-open-de-rennes-clement-chidekh-un-talent-qui-continue-de-se-polir-_7-6972809_actu.Htm\" target=\"_blank\" rel=\"noopener\">Open de Rennes\u00a0: Cl\u00e9ment Chidekh, un talent qui continue de se polir<\/a><\/p>\n<p>Zahraj a remport\u00e9 ses trois matches en trois sets depuis le d\u00e9but de la semaine. Il \u00e9tait pass\u00e9 tr\u00e8s proche de l\u2019\u00e9limination contre le Russe Nikolay Vylegzhanin au premier tour (3-6, 7-6, 6-2), puis contre le Fran\u00e7ais Arthur Bouquier en huiti\u00e8me de finale (1-6, 7-6, 6-4). Au-del\u00e0 de la 600e place mondiale il y a un, et de la 1\u00a0200e il y a deux ans, le joueur de 26\u00a0ans (1,91 m) tentera samedi d\u2019atteindre sa deuxi\u00e8me finale sur le circuit Challenger en 2025, apr\u00e8s celle perdue \u00e0 Pau en f\u00e9vrier.<\/p>\n<p>\t<img decoding=\"async\" src=\"https:\/\/www.europesays.com\/fr\/wp-content\/uploads\/2025\/09\/P35459011D6973155G_px_640_.jpg\" alt=\"photo patrick zahraj a remport\u00e9 tous ses matches en trois sets depuis le d\u00e9but de l\u2019open de rennes.  \u00a9  julien kammerer\" width=\"640\" title=\" Patrick Zahraj a remport\u00e9 tous ses matches en trois sets depuis le d\u00e9but de l\u2019Open de Rennes.   Julien Kammerer \"\/><\/p>\n<p class=\"elmt-legende\"> Patrick Zahraj a remport\u00e9 tous ses matches en trois sets depuis le d\u00e9but de l\u2019Open de Rennes.   Julien Kammerer <\/p>\n<p>\u00a0<\/p>\n","protected":false},"excerpt":{"rendered":"Apr\u00e8s Cl\u00e9ment Chidekh, Hugo Gaston et Stan Wawrinka, l\u2019Allemand Patrick Zahraj a rejoint les demi-finales de l\u2019Open de&hellip;\n","protected":false},"author":2,"featured_media":386698,"comment_status":"","ping_status":"","sticky":false,"template":"","format":"standard","meta":{"footnotes":""},"categories":[2821],"tags":[1111,11,1438,3809,1465,829,1777,674,63,1011,27,1792,1922,12,584,25,479,517,1470],"class_list":{"0":"post-386697","1":"post","2":"type-post","3":"status-publish","4":"format-standard","5":"has-post-thumbnail","7":"category-rennes","8":"tag-actu","9":"tag-actualites","10":"tag-angers","11":"tag-ball","12":"tag-basket","13":"tag-bretagne","14":"tag-eu","15":"tag-europe","16":"tag-football","17":"tag-fr","18":"tag-france","19":"tag-handball","20":"tag-info","21":"tag-news","22":"tag-rennes","23":"tag-republique-francaise","24":"tag-rugby","25":"tag-sport","26":"tag-volley"},"share_on_mastodon":{"url":"https:\/\/pubeurope.com\/@fr\/115194463880189221","error":""},"_links":{"self":[{"href":"https:\/\/www.europesays.com\/fr\/wp-json\/wp\/v2\/posts\/386697","targetHints":{"allow":["GET"]}}],"collection":[{"href":"https:\/\/www.europesays.com\/fr\/wp-json\/wp\/v2\/posts"}],"about":[{"href":"https:\/\/www.europesays.com\/fr\/wp-json\/wp\/v2\/types\/post"}],"author":[{"embeddable":true,"href":"https:\/\/www.europesays.com\/fr\/wp-json\/wp\/v2\/users\/2"}],"replies":[{"embeddable":true,"href":"https:\/\/www.europesays.com\/fr\/wp-json\/wp\/v2\/comments?post=386697"}],"version-history":[{"count":0,"href":"https:\/\/www.europesays.com\/fr\/wp-json\/wp\/v2\/posts\/386697\/revisions"}],"wp:featuredmedia":[{"embeddable":true,"href":"https:\/\/www.europesays.com\/fr\/wp-json\/wp\/v2\/media\/386698"}],"wp:attachment":[{"href":"https:\/\/www.europesays.com\/fr\/wp-json\/wp\/v2\/media?parent=386697"}],"wp:term":[{"taxonomy":"category","embeddable":true,"href":"https:\/\/www.europesays.com\/fr\/wp-json\/wp\/v2\/categories?post=386697"},{"taxonomy":"post_tag","embeddable":true,"href":"https:\/\/www.europesays.com\/fr\/wp-json\/wp\/v2\/tags?post=386697"}],"curies":[{"name":"wp","href":"https:\/\/api.w.org\/{rel}","templated":true}]}}