{"id":386701,"date":"2025-09-13T01:47:16","date_gmt":"2025-09-13T01:47:16","guid":{"rendered":"https:\/\/www.europesays.com\/fr\/386701\/"},"modified":"2025-09-13T01:47:16","modified_gmt":"2025-09-13T01:47:16","slug":"douze-ouistitis-se-baladent-dans-la-nature-apres-une-intrusion-dans-un-labo-de-luniversite-2","status":"publish","type":"post","link":"https:\/\/www.europesays.com\/fr\/386701\/","title":{"rendered":"Douze ouistitis se baladent dans la nature apr\u00e8s une \u00ab intrusion \u00bb dans un labo de l\u2019universit\u00e9"},"content":{"rendered":"<p class=\"mb-4 text-lg md:leading-8 break-words\">Si vous habitez <a data-i13n=\"cpos:1;pos:1\" href=\"https:\/\/www.20minutes.fr\/strasbourg\/?at_medium=RSS%20feed&amp;at_campaign=ynews&amp;utm_source=yahoo&amp;utm_medium=rss&amp;utm_campaign=news_feed&amp;utm_content=in_article_link\" rel=\"nofollow noopener\" target=\"_blank\" data-ylk=\"slk:Strasbourg;cpos:1;pos:1;elm:context_link;itc:0;sec:content-canvas\" class=\"link \">Strasbourg<\/a>, vous risquez de faire une rencontre extravagante. Parmi les plus de 800 singes abrit\u00e9s dans un centre recherche de l\u2019Unistra, douze ouistitis ont disparu, a rapport\u00e9 l\u2019universit\u00e9 vendredi.<\/p>\n<p class=\"mb-4 text-lg md:leading-8 break-words\">Si l\u2019\u00e9tablissement ne sait pas combien d\u2019individus se sont introduits dans le centre situ\u00e9 dans une forteresse du XIXe si\u00e8cle \u00e0 Niederhausbergen (<a data-i13n=\"cpos:2;pos:1\" href=\"https:\/\/www.20minutes.fr\/dossier\/bas_rhin?at_medium=RSS%20feed&amp;at_campaign=ynews&amp;utm_source=yahoo&amp;utm_medium=rss&amp;utm_campaign=news_feed&amp;utm_content=in_article_link\" rel=\"nofollow noopener\" target=\"_blank\" data-ylk=\"slk:Bas-Rhin;cpos:2;pos:1;elm:context_link;itc:0;sec:content-canvas\" class=\"link \">Bas-Rhin<\/a>), \u00ab trois combinaisons \u00bb int\u00e9grales ont \u00e9t\u00e9 retrouv\u00e9es.<\/p>\n<p class=\"mb-4 text-lg md:leading-8 break-words\">Depuis des ann\u00e9es, des associations militent pour la fermeture du centre, telle Pro Anima, qui d\u00e9fend une recherche scientifique sans recours aux <a data-i13n=\"cpos:3;pos:1\" href=\"https:\/\/www.20minutes.fr\/planete\/animaux\/?at_medium=RSS%20feed&amp;at_campaign=ynews&amp;utm_source=yahoo&amp;utm_medium=rss&amp;utm_campaign=news_feed&amp;utm_content=in_article_link\" rel=\"nofollow noopener\" target=\"_blank\" data-ylk=\"slk:animaux;cpos:3;pos:1;elm:context_link;itc:0;sec:content-canvas\" class=\"link \">animaux<\/a>.<\/p>\n<p class=\"mb-4 text-lg md:leading-8 break-words\">Vendredi, en plus des 12 ouistitis manquant \u00ab trois bo\u00eetes \u00e0 nid \u00bb sont recherch\u00e9es. \u00ab Nous supposons que certains animaux ont \u00e9t\u00e9 vol\u00e9s, sans exclure que certains puissent \u00eatre aux abords du site \u00bb, pr\u00e9cise l\u2019Unistra. Deux animaux ont d\u00e9j\u00e0 \u00e9t\u00e9 r\u00e9cup\u00e9r\u00e9s \u00ab et sont en bonne sant\u00e9 \u00bb.<\/p>\n<p>Des risques pour leur survie<\/p>\n<p class=\"mb-4 text-lg md:leading-8 break-words\">Des zootechniciens et des responsables du bien-\u00eatre animal sont charg\u00e9s des recherches des ouistitis susceptibles d\u2019\u00eatre encore aux abords ou sur le site, selon l\u2019Unistra. Les ouistitis p\u00e8sent entre 300 et 500 grammes \u00e0 l\u2019\u00e2ge adulte, et ne repr\u00e9sentent \u00ab aucun risque pour les populations locales \u00bb, a tenu \u00e0 rassurer l\u2019Unistra.<\/p>\n<p class=\"mb-4 text-lg md:leading-8 break-words\">A contrario, cet animal est \u00ab plut\u00f4t stress\u00e9 de se retrouver en dehors de son environnement et de ses cong\u00e9n\u00e8res \u00bb et ses chances de survie \u00e0 l\u2019ext\u00e9rieur \u00ab sont tr\u00e8s faibles \u00bb : le ouistiti vit dans une animalerie reproduisant les conditions de la for\u00eat amazonienne, avec (&#8230;)<\/p>\n<p class=\"mb-4 text-lg md:leading-8 break-words\"><a data-i13n=\"cpos:4;pos:1\" href=\"https:\/\/www.20minutes.fr\/societe\/4172830-20250912-strasbourg-douze-ouistitis-baladent-nature-apres-intrusion-labo-universite?at_medium=RSS%20feed&amp;at_campaign=ynews&amp;utm_source=yahoo&amp;utm_medium=rss&amp;utm_campaign=news_feed&amp;utm_content=read_more_link%22\" rel=\"nofollow noopener\" target=\"_blank\" data-ylk=\"slk:Lire la suite sur 20minutes;cpos:4;pos:1;elm:context_link;itc:0;sec:content-canvas\" class=\"link \">Lire la suite sur 20minutes<\/a><\/p>\n<p>\u00c0 lire aussi :<br \/><a data-i13n=\"cpos:5;pos:1\" href=\"https:\/\/www.20minutes.fr\/justice\/4171028-20250903-nord-douze-militants-greenpeace-condamnes-intrusion-centrale-nucleaire-gravelines?at_medium=RSS%20feed&amp;at_campaign=ynews&amp;utm_source=yahoo&amp;utm_medium=rss&amp;utm_campaign=news_feed&amp;utm_content=related_content_link\" rel=\"nofollow noopener\" target=\"_blank\" data-ylk=\"slk:Nord : Douze militants de Greenpeace condamn\u00e9s pour intrusion dans la centrale nucl\u00e9aire de Gravelines;cpos:5;pos:1;elm:context_link;itc:0;sec:content-canvas\" class=\"link \">Nord : Douze militants de Greenpeace condamn\u00e9s pour intrusion dans la centrale nucl\u00e9aire de Gravelines<\/a><br \/><a data-i13n=\"cpos:6;pos:1\" href=\"https:\/\/www.20minutes.fr\/lille\/4164603-20250721-nord-deux-wallabies-fuite-baladent-entre-france-belgique?at_medium=RSS%20feed&amp;at_campaign=ynews&amp;utm_source=yahoo&amp;utm_medium=rss&amp;utm_campaign=news_feed&amp;utm_content=related_content_link\" rel=\"nofollow noopener\" target=\"_blank\" data-ylk=\"slk:Nord : Deux wallabies en fuite se baladent entre la France et la Belgique;cpos:6;pos:1;elm:context_link;itc:0;sec:content-canvas\" class=\"link \">Nord : Deux wallabies en fuite se baladent entre la France et la Belgique<\/a><\/p>\n","protected":false},"excerpt":{"rendered":"Si vous habitez Strasbourg, vous risquez de faire une rencontre extravagante. Parmi les plus de 800 singes abrit\u00e9s&hellip;\n","protected":false},"author":2,"featured_media":386702,"comment_status":"","ping_status":"","sticky":false,"template":"","format":"standard","meta":{"footnotes":""},"categories":[2820],"tags":[1111,11,20460,51930,1777,674,1011,27,775,12,25,640,44693],"class_list":{"0":"post-386701","1":"post","2":"type-post","3":"status-publish","4":"format-standard","5":"has-post-thumbnail","7":"category-strasbourg","8":"tag-actu","9":"tag-actualites","10":"tag-bien-etre-animal","11":"tag-chances-de-survie","12":"tag-eu","13":"tag-europe","14":"tag-fr","15":"tag-france","16":"tag-grand-est","17":"tag-news","18":"tag-republique-francaise","19":"tag-strasbourg","20":"tag-une-rencontre"},"share_on_mastodon":{"url":"https:\/\/pubeurope.com\/@fr\/115194471621558527","error":""},"_links":{"self":[{"href":"https:\/\/www.europesays.com\/fr\/wp-json\/wp\/v2\/posts\/386701","targetHints":{"allow":["GET"]}}],"collection":[{"href":"https:\/\/www.europesays.com\/fr\/wp-json\/wp\/v2\/posts"}],"about":[{"href":"https:\/\/www.europesays.com\/fr\/wp-json\/wp\/v2\/types\/post"}],"author":[{"embeddable":true,"href":"https:\/\/www.europesays.com\/fr\/wp-json\/wp\/v2\/users\/2"}],"replies":[{"embeddable":true,"href":"https:\/\/www.europesays.com\/fr\/wp-json\/wp\/v2\/comments?post=386701"}],"version-history":[{"count":0,"href":"https:\/\/www.europesays.com\/fr\/wp-json\/wp\/v2\/posts\/386701\/revisions"}],"wp:featuredmedia":[{"embeddable":true,"href":"https:\/\/www.europesays.com\/fr\/wp-json\/wp\/v2\/media\/386702"}],"wp:attachment":[{"href":"https:\/\/www.europesays.com\/fr\/wp-json\/wp\/v2\/media?parent=386701"}],"wp:term":[{"taxonomy":"category","embeddable":true,"href":"https:\/\/www.europesays.com\/fr\/wp-json\/wp\/v2\/categories?post=386701"},{"taxonomy":"post_tag","embeddable":true,"href":"https:\/\/www.europesays.com\/fr\/wp-json\/wp\/v2\/tags?post=386701"}],"curies":[{"name":"wp","href":"https:\/\/api.w.org\/{rel}","templated":true}]}}