{"id":386707,"date":"2025-09-13T01:50:15","date_gmt":"2025-09-13T01:50:15","guid":{"rendered":"https:\/\/www.europesays.com\/fr\/386707\/"},"modified":"2025-09-13T01:50:15","modified_gmt":"2025-09-13T01:50:15","slug":"a-savenau-dans-terremer-yemanja-evoque-sa-toscane-natale","status":"publish","type":"post","link":"https:\/\/www.europesays.com\/fr\/386707\/","title":{"rendered":"\u00c0 Savenau, dans Terremer, Yemanja \u00e9voque sa Toscane natale"},"content":{"rendered":"<p>Elle expose douze toiles de grande taille (la plus grande mesure 2,23\u00a0m x 1,65\u00a0m), fourmillant de d\u00e9tails, affichant du texte pour certaines. \u00a0Je travaille toutes mes toiles au sol et en \u00e9coutant toujours les m\u00eames artistes, Meta and the Cornerstones, c\u2019est du reggae\u00a0, livre-t-elle.<\/p>\n<p>\u00a0Cette exposition est nouvelle, m\u00eame si elle int\u00e8gre quelques toiles anciennes.\u00a0 Pourquoi Terremer\u00a0? \u00a0Je suis originaire de Maremme, en Toscane, une r\u00e9gion mar\u00e9cageuse au bord de la mer Tyrrh\u00e9nienne. Je suis passionn\u00e9e par l\u2019eau et le m\u00e9lange entre la terre et la mer, mes racines.\u00a0 Ses th\u00e8mes sont\u00a0: \u00a0l\u2019union des hommes et des femmes\u00a0 (des toiles o\u00f9 les stylisations des corps s\u2019entrecroisent), ainsi que \u00a0l\u2019eau, les racines terrestres et les corps humains\u00a0\u00bb.<\/p>\n<p>Yemanja touche \u00e0 tout\u00a0: acrylique, feutres, addition de lainages. Elle cr\u00e9e aussi des mobiles en papier, des objets h\u00e9t\u00e9roclites, po\u00e9tise, joue de ses \u00e9motions.<\/p>\n<p>L\u2019exposition ouvre ce samedi, avec, \u00e0 15\u00a0h pr\u00e9cises, une performance de l\u2019artiste lors du vernissage\u00a0: \u00a0j\u2019ach\u00e8verai une toile en pr\u00e9sence des visiteurs. J\u2019ai envie de susciter le dialogue avec les gens.\u00a0<\/p>\n<p><strong>Du samedi 13\u00a0septembre au samedi 27\u00a0septembre,<\/strong> exposition Terremer, de Yemanja, 15, boulevard de la Loire. Ouverte le mercredi, de 10\u00a0h \u00e0 13\u00a0h et de 15\u00a0h \u00e0 19\u00a0h\u00a0; le vendredi, de 15\u00a0h \u00e0 19\u00a0h\u00a0; le samedi, de 10\u00a0h \u00e0 13\u00a0h et de 15\u00a0h \u00e0 19\u00a0h\u00a0; le dimanche, de 10\u00a0h \u00e0 13\u00a0h et de 15\u00a0h \u00e0 17\u00a0h. Entr\u00e9e libre.<\/p>\n<p>\u00a0<\/p>\n","protected":false},"excerpt":{"rendered":"Elle expose douze toiles de grande taille (la plus grande mesure 2,23\u00a0m x 1,65\u00a0m), fourmillant de d\u00e9tails, affichant&hellip;\n","protected":false},"author":2,"featured_media":386708,"comment_status":"","ping_status":"","sticky":false,"template":"","format":"standard","meta":{"footnotes":""},"categories":[2818],"tags":[1111,11,1777,674,3394,1011,27,766,12825,12,2636,25,51931,51932,51934,51933],"class_list":{"0":"post-386707","1":"post","2":"type-post","3":"status-publish","4":"format-standard","5":"has-post-thumbnail","7":"category-nantes","8":"tag-actu","9":"tag-actualites","10":"tag-eu","11":"tag-europe","12":"tag-evoque","13":"tag-fr","14":"tag-france","15":"tag-nantes","16":"tag-natale","17":"tag-news","18":"tag-pays-de-la-loire","19":"tag-republique-francaise","20":"tag-savenau","21":"tag-terremer","22":"tag-toscane","23":"tag-yemanja"},"share_on_mastodon":{"url":"https:\/\/pubeurope.com\/@fr\/115194483409497357","error":""},"_links":{"self":[{"href":"https:\/\/www.europesays.com\/fr\/wp-json\/wp\/v2\/posts\/386707","targetHints":{"allow":["GET"]}}],"collection":[{"href":"https:\/\/www.europesays.com\/fr\/wp-json\/wp\/v2\/posts"}],"about":[{"href":"https:\/\/www.europesays.com\/fr\/wp-json\/wp\/v2\/types\/post"}],"author":[{"embeddable":true,"href":"https:\/\/www.europesays.com\/fr\/wp-json\/wp\/v2\/users\/2"}],"replies":[{"embeddable":true,"href":"https:\/\/www.europesays.com\/fr\/wp-json\/wp\/v2\/comments?post=386707"}],"version-history":[{"count":0,"href":"https:\/\/www.europesays.com\/fr\/wp-json\/wp\/v2\/posts\/386707\/revisions"}],"wp:featuredmedia":[{"embeddable":true,"href":"https:\/\/www.europesays.com\/fr\/wp-json\/wp\/v2\/media\/386708"}],"wp:attachment":[{"href":"https:\/\/www.europesays.com\/fr\/wp-json\/wp\/v2\/media?parent=386707"}],"wp:term":[{"taxonomy":"category","embeddable":true,"href":"https:\/\/www.europesays.com\/fr\/wp-json\/wp\/v2\/categories?post=386707"},{"taxonomy":"post_tag","embeddable":true,"href":"https:\/\/www.europesays.com\/fr\/wp-json\/wp\/v2\/tags?post=386707"}],"curies":[{"name":"wp","href":"https:\/\/api.w.org\/{rel}","templated":true}]}}