{"id":386709,"date":"2025-09-13T01:51:29","date_gmt":"2025-09-13T01:51:29","guid":{"rendered":"https:\/\/www.europesays.com\/fr\/386709\/"},"modified":"2025-09-13T01:51:29","modified_gmt":"2025-09-13T01:51:29","slug":"face-a-nantes-les-remparts-de-tours-vont-pouvoir-affiner-leur-preparation-et-leurs-systemes-de-jeu","status":"publish","type":"post","link":"https:\/\/www.europesays.com\/fr\/386709\/","title":{"rendered":"Face \u00e0 Nantes, les Remparts de Tours vont pouvoir affiner leur pr\u00e9paration et leurs \u00ab\u00a0syst\u00e8mes de jeu\u00a0\u00bb"},"content":{"rendered":"<p><strong>Remparts de Tours\u00a0&#8211; Corsaires de Nantes<\/strong><\/p>\n<p>Petit \u00e0 petit, les Remparts de Tours reprennent leurs habitudes. Et avant le championnat de D1 qui reprendra le 4\u00a0octobre \u00e0 Chamb\u00e9ry, les joueurs de St\u00e9phane Gros commencent \u00e0 retrouver leur rythme sur la glace avec des matchs de pr\u00e9paration, <a target=\"_self\" href=\"https:\/\/www.lanouvellerepublique.fr\/tours\/division-1-un-premier-test-perdu-mais-interessant-pour-les-remparts-a-cholet-1757539375\" rel=\"noopener\">le premier perdu \u00e0 Cholet<\/a> le 10\u00a0septembre (6-4)&#8230;. <\/p>\n<p>    Cet article a \u00e9t\u00e9 tronqu\u00e9. Abonnez-vous pour lire l&rsquo;article complet sur notre site.<\/p>\n<p style=\"margin: 0 !important; padding: 0 !important; font-size: 12px !important;\">Cet article a \u00e9t\u00e9 tronqu\u00e9. Abonnez-vous pour lire l&rsquo;article complet.<\/p>\n<p>    <a href=\"https:\/\/www.lanouvellerepublique.fr\/abonnements\" style=\"display: inline-block; margin-top: 5px !important; padding: 6px 12px !important; background: #cb1c27; color: white; text-decoration: none; border-radius: 4px; font-size: 12px !important;\" target=\"_blank\" rel=\"noopener\"><br \/>\n      S&rsquo;abonner<br \/>\n    <\/a><\/p>\n","protected":false},"excerpt":{"rendered":"Remparts de Tours\u00a0&#8211; Corsaires de Nantes Petit \u00e0 petit, les Remparts de Tours reprennent leurs habitudes. Et avant&hellip;\n","protected":false},"author":2,"featured_media":386710,"comment_status":"","ping_status":"","sticky":false,"template":"","format":"standard","meta":{"footnotes":""},"categories":[2818],"tags":[1111,11,1777,674,1011,27,4133,1387,766,12,2636,51935,25,60,1390],"class_list":{"0":"post-386709","1":"post","2":"type-post","3":"status-publish","4":"format-standard","5":"has-post-thumbnail","7":"category-nantes","8":"tag-actu","9":"tag-actualites","10":"tag-eu","11":"tag-europe","12":"tag-fr","13":"tag-france","14":"tag-hockey-sur-glace","15":"tag-indre-et-loire","16":"tag-nantes","17":"tag-news","18":"tag-pays-de-la-loire","19":"tag-remparts-de-tours","20":"tag-republique-francaise","21":"tag-sports","22":"tag-tours"},"share_on_mastodon":{"url":"https:\/\/pubeurope.com\/@fr\/115194487352982354","error":""},"_links":{"self":[{"href":"https:\/\/www.europesays.com\/fr\/wp-json\/wp\/v2\/posts\/386709","targetHints":{"allow":["GET"]}}],"collection":[{"href":"https:\/\/www.europesays.com\/fr\/wp-json\/wp\/v2\/posts"}],"about":[{"href":"https:\/\/www.europesays.com\/fr\/wp-json\/wp\/v2\/types\/post"}],"author":[{"embeddable":true,"href":"https:\/\/www.europesays.com\/fr\/wp-json\/wp\/v2\/users\/2"}],"replies":[{"embeddable":true,"href":"https:\/\/www.europesays.com\/fr\/wp-json\/wp\/v2\/comments?post=386709"}],"version-history":[{"count":0,"href":"https:\/\/www.europesays.com\/fr\/wp-json\/wp\/v2\/posts\/386709\/revisions"}],"wp:featuredmedia":[{"embeddable":true,"href":"https:\/\/www.europesays.com\/fr\/wp-json\/wp\/v2\/media\/386710"}],"wp:attachment":[{"href":"https:\/\/www.europesays.com\/fr\/wp-json\/wp\/v2\/media?parent=386709"}],"wp:term":[{"taxonomy":"category","embeddable":true,"href":"https:\/\/www.europesays.com\/fr\/wp-json\/wp\/v2\/categories?post=386709"},{"taxonomy":"post_tag","embeddable":true,"href":"https:\/\/www.europesays.com\/fr\/wp-json\/wp\/v2\/tags?post=386709"}],"curies":[{"name":"wp","href":"https:\/\/api.w.org\/{rel}","templated":true}]}}