{"id":386711,"date":"2025-09-13T01:52:12","date_gmt":"2025-09-13T01:52:12","guid":{"rendered":"https:\/\/www.europesays.com\/fr\/386711\/"},"modified":"2025-09-13T01:52:12","modified_gmt":"2025-09-13T01:52:12","slug":"pourquoi-iqspot-a-decide-de-sadosser-a-citron","status":"publish","type":"post","link":"https:\/\/www.europesays.com\/fr\/386711\/","title":{"rendered":"pourquoi iQspot a d\u00e9cid\u00e9 de s\u2019adosser \u00e0 Citron ?"},"content":{"rendered":"<p>Strat\u00e9gie<\/p>\n<p>vendredi 12 septembre  2025<\/p>\n<p class=\"legende\">\n\t\t\t\t\t\t\t\t\tOutre l&rsquo;\u00e9quipe bordelaise, iQspot dispose d&rsquo;un bureau parisien. Cr\u00e9dit : iQspot\n\t\t\t\t\t\t\t\t<\/p>\n<p class=\"excerpt\">P\u00e9pite bordelaise de la Smart City, iQspot passe dans le giron de Citron. L\u2019un apporte un immense volume de client\u00e8le, l\u2019autre une solution connect\u00e9e et un envol international d\u00e9j\u00e0 enclench\u00e9.<\/p>\n<p>Cet article premium vous int\u00e9resse ?<\/p>\n<p>Rejoignez nos 1000 adh\u00e9rents<\/p>\n<p>\n\t\t\t\t\t\t\t\t\t\t\t\t\t\tGagnez en visibilit\u00e9 et profitez d\u2019un r\u00e9seau de plusieurs centaines d\u2019adh\u00e9rents.\n\t\t\t\t\t\t\t\t\t\t\t\t\t<\/p>\n","protected":false},"excerpt":{"rendered":"Strat\u00e9gie vendredi 12 septembre 2025 Outre l&rsquo;\u00e9quipe bordelaise, iQspot dispose d&rsquo;un bureau parisien. Cr\u00e9dit : iQspot P\u00e9pite bordelaise&hellip;\n","protected":false},"author":2,"featured_media":386712,"comment_status":"","ping_status":"","sticky":false,"template":"","format":"standard","meta":{"footnotes":""},"categories":[2817],"tags":[1111,11,1997,1777,674,1011,27,12,2219,5645,25],"class_list":{"0":"post-386711","1":"post","2":"type-post","3":"status-publish","4":"format-standard","5":"has-post-thumbnail","7":"category-bordeaux","8":"tag-actu","9":"tag-actualites","10":"tag-bordeaux","11":"tag-eu","12":"tag-europe","13":"tag-fr","14":"tag-france","15":"tag-news","16":"tag-nouvelle-aquitaine","17":"tag-placco-placeco","18":"tag-republique-francaise"},"share_on_mastodon":{"url":"https:\/\/pubeurope.com\/@fr\/115194491245859934","error":""},"_links":{"self":[{"href":"https:\/\/www.europesays.com\/fr\/wp-json\/wp\/v2\/posts\/386711","targetHints":{"allow":["GET"]}}],"collection":[{"href":"https:\/\/www.europesays.com\/fr\/wp-json\/wp\/v2\/posts"}],"about":[{"href":"https:\/\/www.europesays.com\/fr\/wp-json\/wp\/v2\/types\/post"}],"author":[{"embeddable":true,"href":"https:\/\/www.europesays.com\/fr\/wp-json\/wp\/v2\/users\/2"}],"replies":[{"embeddable":true,"href":"https:\/\/www.europesays.com\/fr\/wp-json\/wp\/v2\/comments?post=386711"}],"version-history":[{"count":0,"href":"https:\/\/www.europesays.com\/fr\/wp-json\/wp\/v2\/posts\/386711\/revisions"}],"wp:featuredmedia":[{"embeddable":true,"href":"https:\/\/www.europesays.com\/fr\/wp-json\/wp\/v2\/media\/386712"}],"wp:attachment":[{"href":"https:\/\/www.europesays.com\/fr\/wp-json\/wp\/v2\/media?parent=386711"}],"wp:term":[{"taxonomy":"category","embeddable":true,"href":"https:\/\/www.europesays.com\/fr\/wp-json\/wp\/v2\/categories?post=386711"},{"taxonomy":"post_tag","embeddable":true,"href":"https:\/\/www.europesays.com\/fr\/wp-json\/wp\/v2\/tags?post=386711"}],"curies":[{"name":"wp","href":"https:\/\/api.w.org\/{rel}","templated":true}]}}