{"id":386717,"date":"2025-09-13T01:55:16","date_gmt":"2025-09-13T01:55:16","guid":{"rendered":"https:\/\/www.europesays.com\/fr\/386717\/"},"modified":"2025-09-13T01:55:16","modified_gmt":"2025-09-13T01:55:16","slug":"brennan-prolonge-a-toulouse-jusquen-2030","status":"publish","type":"post","link":"https:\/\/www.europesays.com\/fr\/386717\/","title":{"rendered":"Brennan prolonge \u00e0 Toulouse jusqu\u2019en 2030"},"content":{"rendered":"<p class=\"mb-4 text-lg md:leading-8 break-words\">Joshua Brennan continue son bel \u00e9t\u00e9, durant lequel il est devenu international en disputant deux des trois tests du Quinze de France en Nouvelle-Z\u00e9lande, au sortir de la finale disput\u00e9e et gagn\u00e9e avec le Stade Toulousain face \u00e0 l\u2019Union Bordeaux-B\u00e8gles.<\/p>\n<p class=\"mb-4 text-lg md:leading-8 break-words\">L\u2019avant polyvalent, qui peut \u00e9voluer 3e ligne, a pass\u00e9 un cap au sein de l\u2019effectif toulousain. La saison pass\u00e9e, il a disput\u00e9 27 matchs avec son club, dont 14 comme titulaire, incluant la demi-finale et la finale du Top 14, associ\u00e9 \u00e0 Thibaud Flament et rel\u00e9guant Emmanuel Meafou sur le banc.<\/p>\n<p>Flament pourrait aussi rapidement prolonger<\/p>\n<p class=\"mb-4 text-lg md:leading-8 break-words\">Mobile, adroit ballon en main, depuis 5 ans qu\u2019il est apparu \u00e0 ce niveau, il a aussi progress\u00e9 dans les t\u00e2ches obscures. Ce qui lui a valu de partir en Nouvelle-Z\u00e9lande, alors qu\u2019il \u00e9tait d\u00e9j\u00e0 r\u00e9guli\u00e8rement appel\u00e9 par le s\u00e9lectionneur Fabien Galthi\u00e9 au sein du groupe \u00e9largi des 42, comme lors du dernier Tournoi des 6 Nations.<\/p>\n<p class=\"mb-4 text-lg md:leading-8 break-words\">En toute logique, il s\u2019est donc vu proposer une prolongation de contrat de la part du Stade Toulousain et, a bient\u00f4t 24 ans, signe pour quatre saisons suppl\u00e9mentaires, jusqu\u2019en 2030. Il devrait rapidement \u00eatre imit\u00e9 par son comp\u00e8re de la 2e ligne Thibaud Flament, \u00e9galement en passe de prolonger.<\/p>\n<p class=\"mb-4 text-lg md:leading-8 break-words\"><a href=\"https:\/\/rmcsport.bfmtv.com\/rugby\/brennan-prolonge-a-toulouse-jusqu-en-2030_AN-202509120697.html#xtor=AL-68\" rel=\"nofollow noopener\" target=\"_blank\" data-ylk=\"slk:Article original publi\u00e9 sur RMC Sport;elm:context_link;itc:0;sec:content-canvas\" class=\"link \">Article original publi\u00e9 sur RMC Sport<\/a><\/p>\n","protected":false},"excerpt":{"rendered":"Joshua Brennan continue son bel \u00e9t\u00e9, durant lequel il est devenu international en disputant deux des trois tests&hellip;\n","protected":false},"author":2,"featured_media":386718,"comment_status":"","ping_status":"","sticky":false,"template":"","format":"standard","meta":{"footnotes":""},"categories":[2816],"tags":[1111,11,51936,1777,674,1011,27,12,13071,2680,25,476,26631,2312,7072],"class_list":{"0":"post-386717","1":"post","2":"type-post","3":"status-publish","4":"format-standard","5":"has-post-thumbnail","7":"category-toulouse","8":"tag-actu","9":"tag-actualites","10":"tag-emmanuel-meafou","11":"tag-eu","12":"tag-europe","13":"tag-fr","14":"tag-france","15":"tag-news","16":"tag-nouvelle-zelande","17":"tag-occitanie","18":"tag-republique-francaise","19":"tag-stade-toulousain","20":"tag-thibaud-flament","21":"tag-toulouse","22":"tag-tournoi-des-6-nations"},"share_on_mastodon":{"url":"https:\/\/pubeurope.com\/@fr\/115194502987627575","error":""},"_links":{"self":[{"href":"https:\/\/www.europesays.com\/fr\/wp-json\/wp\/v2\/posts\/386717","targetHints":{"allow":["GET"]}}],"collection":[{"href":"https:\/\/www.europesays.com\/fr\/wp-json\/wp\/v2\/posts"}],"about":[{"href":"https:\/\/www.europesays.com\/fr\/wp-json\/wp\/v2\/types\/post"}],"author":[{"embeddable":true,"href":"https:\/\/www.europesays.com\/fr\/wp-json\/wp\/v2\/users\/2"}],"replies":[{"embeddable":true,"href":"https:\/\/www.europesays.com\/fr\/wp-json\/wp\/v2\/comments?post=386717"}],"version-history":[{"count":0,"href":"https:\/\/www.europesays.com\/fr\/wp-json\/wp\/v2\/posts\/386717\/revisions"}],"wp:featuredmedia":[{"embeddable":true,"href":"https:\/\/www.europesays.com\/fr\/wp-json\/wp\/v2\/media\/386718"}],"wp:attachment":[{"href":"https:\/\/www.europesays.com\/fr\/wp-json\/wp\/v2\/media?parent=386717"}],"wp:term":[{"taxonomy":"category","embeddable":true,"href":"https:\/\/www.europesays.com\/fr\/wp-json\/wp\/v2\/categories?post=386717"},{"taxonomy":"post_tag","embeddable":true,"href":"https:\/\/www.europesays.com\/fr\/wp-json\/wp\/v2\/tags?post=386717"}],"curies":[{"name":"wp","href":"https:\/\/api.w.org\/{rel}","templated":true}]}}