{"id":386721,"date":"2025-09-13T01:58:12","date_gmt":"2025-09-13T01:58:12","guid":{"rendered":"https:\/\/www.europesays.com\/fr\/386721\/"},"modified":"2025-09-13T01:58:12","modified_gmt":"2025-09-13T01:58:12","slug":"des-capteurs-places-chez-les-habitants-pendant-le-chantier","status":"publish","type":"post","link":"https:\/\/www.europesays.com\/fr\/386721\/","title":{"rendered":"des capteurs plac\u00e9s chez les habitants pendant le chantier"},"content":{"rendered":"<p>Officiellement, ils n\u2019existent pas. Le bureau d\u2019\u00e9tudes Antea Group, qui a plac\u00e9 depuis un an plusieurs appareils dans quatre maisons situ\u00e9es le long de la route des calanques, \u00ab\u00a0ne confirme ni n\u2019infirme\u00a0\u00bb leur existence, et renvoie vers l\u2019\u00c9tat et la pr\u00e9fecture des Bouches-du-Rh\u00f4ne, \u00ab\u00a0qui ont la comp\u00e9tence sur le sujet\u00a0\u00bb.<\/p>\n<p>Pourtant, au regard de la technicit\u00e9 de l\u2019installation, et de l\u2019insistance aupr\u00e8s des habitants choisis pour accueillir un tel mat\u00e9riel de garder leur nom et leur localisation secrets, cette campagne de mesure semble au c\u0153ur du <a href=\"https:\/\/www.laprovence.com\/article\/region\/4384848705240514\/la-depollution-des-calanques-au-sud-de-marseille-un-chantier-sous-tres-haute-surveillance\" target=\"_blank\" rel=\"noopener\">chantier de d\u00e9pollution des calanques, entre le Mont Rose et Callelongue (8e)<\/a>. Ce sont ces machines, grandes comme une machine \u00e0 laver, qui sont cens\u00e9es tirer la sonnette d\u2019alarme en cas de nuages toxiques durant les travaux.<\/p>\n<p>\u00ab\u00a0Ces capteurs vont nous r\u00e9v\u00e9ler si j\u2019avais raison d\u2019avoir peur\u00a0\u00bb<\/p>\n<p>Plac\u00e9s en ext\u00e9rieur face au vent, trois appareils mesurent trois indices de concentration dans l\u2019air\u00a0: celui de la poussi\u00e8re, des <a href=\"https:\/\/www.laprovence.com\/article\/sante\/5367547741144\/les-particules-ultrafines-une-menace-sanitaire-invisible\" target=\"_blank\" rel=\"noopener\">particules fines<\/a>, et des m\u00e9taux lourds. \u00ab\u00a0D\u00e9j\u00e0 avant la condamnation de l\u2019\u00c9tat pour &lsquo;carence fautive&rsquo;, je faisais attention \u00e0 ne pas manger mes tomates du jardin ou \u00e0 faire du sport en ext\u00e9rieur et en plein vent, car je craignais les nua&#8230;<\/p>\n","protected":false},"excerpt":{"rendered":"Officiellement, ils n\u2019existent pas. Le bureau d\u2019\u00e9tudes Antea Group, qui a plac\u00e9 depuis un an plusieurs appareils dans&hellip;\n","protected":false},"author":2,"featured_media":386722,"comment_status":"","ping_status":"","sticky":false,"template":"","format":"standard","meta":{"footnotes":""},"categories":[2814],"tags":[17,1111,11,33634,36778,154,1777,674,1011,27,3135,884,12,18433,882,16,25,7053],"class_list":{"0":"post-386721","1":"post","2":"type-post","3":"status-publish","4":"format-standard","5":"has-post-thumbnail","7":"category-marseille","8":"tag-17","9":"tag-actu","10":"tag-actualites","11":"tag-capteurs","12":"tag-depollution","13":"tag-des","14":"tag-eu","15":"tag-europe","16":"tag-fr","17":"tag-france","18":"tag-littoral","19":"tag-marseille","20":"tag-news","21":"tag-places","22":"tag-provence-alpes-cote-dazur","23":"tag-region","24":"tag-republique-francaise","25":"tag-sud"},"share_on_mastodon":{"url":"https:\/\/pubeurope.com\/@fr\/115194514867528843","error":""},"_links":{"self":[{"href":"https:\/\/www.europesays.com\/fr\/wp-json\/wp\/v2\/posts\/386721","targetHints":{"allow":["GET"]}}],"collection":[{"href":"https:\/\/www.europesays.com\/fr\/wp-json\/wp\/v2\/posts"}],"about":[{"href":"https:\/\/www.europesays.com\/fr\/wp-json\/wp\/v2\/types\/post"}],"author":[{"embeddable":true,"href":"https:\/\/www.europesays.com\/fr\/wp-json\/wp\/v2\/users\/2"}],"replies":[{"embeddable":true,"href":"https:\/\/www.europesays.com\/fr\/wp-json\/wp\/v2\/comments?post=386721"}],"version-history":[{"count":0,"href":"https:\/\/www.europesays.com\/fr\/wp-json\/wp\/v2\/posts\/386721\/revisions"}],"wp:featuredmedia":[{"embeddable":true,"href":"https:\/\/www.europesays.com\/fr\/wp-json\/wp\/v2\/media\/386722"}],"wp:attachment":[{"href":"https:\/\/www.europesays.com\/fr\/wp-json\/wp\/v2\/media?parent=386721"}],"wp:term":[{"taxonomy":"category","embeddable":true,"href":"https:\/\/www.europesays.com\/fr\/wp-json\/wp\/v2\/categories?post=386721"},{"taxonomy":"post_tag","embeddable":true,"href":"https:\/\/www.europesays.com\/fr\/wp-json\/wp\/v2\/tags?post=386721"}],"curies":[{"name":"wp","href":"https:\/\/api.w.org\/{rel}","templated":true}]}}