{"id":386736,"date":"2025-09-13T02:06:14","date_gmt":"2025-09-13T02:06:14","guid":{"rendered":"https:\/\/www.europesays.com\/fr\/386736\/"},"modified":"2025-09-13T02:06:14","modified_gmt":"2025-09-13T02:06:14","slug":"notre-dame-de-paris-les-reservations-en-ligne-debutent-lundi-pour-la-visite-des-tours-2","status":"publish","type":"post","link":"https:\/\/www.europesays.com\/fr\/386736\/","title":{"rendered":"Notre-Dame de Paris : les r\u00e9servations en ligne d\u00e9butent lundi pour la visite des tours"},"content":{"rendered":"<p>Cette r\u00e9ouverture \u00e0 la visite est tr\u00e8s attendue. Le public pourra de nouveau grimper dans les tours de <a href=\"https:\/\/www.ouest-france.fr\/culture\/patrimoine\/notre-dame-de-paris\/\" target=\"_self\" rel=\"noopener\">Notre-Dame de Paris<\/a> \u00e0 partir du samedi 20\u00a0septembre, lors des <a href=\"https:\/\/rennes.maville.com\/actu\/actudet_-notre-dame-de-paris.-aux-journees-du-patrimoine-un-village-du-chantier-au-sein-de-la-base-vie-_53511-6972683_actu.Htm\" target=\"_self\" rel=\"noopener\">Journ\u00e9es du patrimoine<\/a>. Elles seront ouvertes gratuitement durant le week-end, de 9\u00a0h \u00e0 23\u00a0h, mais uniquement sur r\u00e9servation. La billetterie en ligne sera lanc\u00e9e lundi 15\u00a0septembre sur le site www.tours-notre-dame-de-paris.fr,<\/p>\n<p>Cette r\u00e9ouverture intervient dix mois apr\u00e8s celle de l\u2019int\u00e9rieur de la cath\u00e9drale aux fid\u00e8les et au culte, en raison de consolidations structurelles d\u00e9couvertes tardivement \u00e0 la base du beffroi dans la tour Sud, qui supporte les deux bourdons Emmanuel (13,3 tonnes) et Marie (6,2 tonnes). Des travaux ont \u00e9t\u00e9 r\u00e9alis\u00e9s avant le r\u00e9am\u00e9nagement du parcours de visite.<\/p>\n<p>Un parcours renouvel\u00e9<\/p>\n<p>\t<img decoding=\"async\" src=\"https:\/\/www.europesays.com\/fr\/wp-content\/uploads\/2025\/09\/P35458850D6973052G_px_640_.jpg\" alt=\"photo la salle des deux bourdons, emmanuel et marie, dans la tour sud, lors d\u2019un essai de mise en vol\u00e9e en juillet dernier.  \u00a9  philippe mirkovic \/ ouest-france\" width=\"640\" title=\" La salle des deux bourdons, Emmanuel et Marie, dans la tour Sud, lors d\u2019un essai de mise en vol\u00e9e en juillet dernier.   Philippe Mirkovic \/ Ouest-France \"\/><\/p>\n<p class=\"elmt-legende\"> La salle des deux bourdons, Emmanuel et Marie, dans la tour Sud, lors d\u2019un essai de mise en vol\u00e9e en juillet dernier.   Philippe Mirkovic \/ Ouest-France <\/p>\n<p>C\u2019est par cette tour d\u00e9sormais qu\u2019entreront les visiteurs. Apr\u00e8s un passage dans une salle pr\u00e9sentant des maquettes de la cath\u00e9drale et deux chim\u00e8res originales, ils acc\u00e9deront \u00e0 une autre, \u00e0 l\u2019\u00e9tage sup\u00e9rieur, puis monteront dans un nouvel escalier en bois \u00e0 double r\u00e9volution qui traverse les poutres du beffroi. Avant de poursuivre l\u2019ascension dans un escalier en pierre pour atteindre (apr\u00e8s 424\u00a0marches au total\u00a0!) le sommet de la tour qui offre un panorama exceptionnel sur Paris.<\/p>\n<p>En redescendant, ils emprunteront une passerelle donnant acc\u00e8s aux bourdons, puis rejoindront la \u00ab\u00a0cour des citernes\u00a0\u00bb qui relie les deux tours. Un cheminement leur permettra de passer devant des ouvertures vitr\u00e9es dans le pignon de la nef, pour voir la charpente restitu\u00e9e. Le parcours se terminant ensuite par la tour nord, accompagn\u00e9 d\u2019une cr\u00e9ation sonore in\u00e9dite.<\/p>\n<p>Un circuit <strong>\u00ab\u00a0renouvel\u00e9 pour \u00eatre plus fluide, enrichi et aux normes de s\u00e9curit\u00e9\u00a0\u00bb,<\/strong> pr\u00e9cisait cet \u00e9t\u00e9 \u00e0 Ouest-France  <a href=\"https:\/\/vannes.maville.com\/actu\/actudet_-exclusif.-les-tours-de-notre-dame-de-paris-rouvriront-le-20-septembre-dans-un-parcours-renouvele-_12-6878608_actu.Htm\" target=\"_self\" rel=\"noopener\">Marie Lavandier<\/a>, la pr\u00e9sidente du Centre des monuments nationaux. <strong>\u00ab\u00a0Il propose une immersion d\u2019une cinquantaine de minutes dans l\u2019architecture gothique, avec une m\u00e9diation accessible \u00e0 une tr\u00e8s large diversit\u00e9 de publics, favorisant l\u2019exp\u00e9rience directe et l\u2019\u00e9merveillement.\u00a0\u00bb<\/strong><\/p>\n<p>La r\u00e9ouverture des tours sera c\u00e9l\u00e9br\u00e9e \u00e0 l\u2019occasion des Journ\u00e9es du patrimoine avec une programmation culturelle d\u00e9di\u00e9e \u00e0 la Sainte-Chapelle et \u00e0 la Conciergerie, situ\u00e9es \u00e0 proximit\u00e9 du joyau gothique, sur l\u2019\u00eele de la Cit\u00e9, et entretenant avec lui des liens historiques et patrimoniaux.<\/p>\n<p>\u00a0<\/p>\n","protected":false},"excerpt":{"rendered":"Cette r\u00e9ouverture \u00e0 la visite est tr\u00e8s attendue. Le public pourra de nouveau grimper dans les tours de&hellip;\n","protected":false},"author":2,"featured_media":386120,"comment_status":"","ping_status":"","sticky":false,"template":"","format":"standard","meta":{"footnotes":""},"categories":[1888],"tags":[11,10809,40313,1777,674,1011,27,3052,9865,12,1049,626,25,27384,1390,510],"class_list":{"0":"post-386736","1":"post","2":"type-post","3":"status-publish","4":"format-standard","5":"has-post-thumbnail","7":"category-paris","8":"tag-actualites","9":"tag-brignoles","10":"tag-debutent","11":"tag-eu","12":"tag-europe","13":"tag-fr","14":"tag-france","15":"tag-ligne","16":"tag-lundi","17":"tag-news","18":"tag-notre-dame","19":"tag-paris","20":"tag-republique-francaise","21":"tag-reservations","22":"tag-tours","23":"tag-visite"},"share_on_mastodon":{"url":"https:\/\/pubeurope.com\/@fr\/115194546376180403","error":""},"_links":{"self":[{"href":"https:\/\/www.europesays.com\/fr\/wp-json\/wp\/v2\/posts\/386736","targetHints":{"allow":["GET"]}}],"collection":[{"href":"https:\/\/www.europesays.com\/fr\/wp-json\/wp\/v2\/posts"}],"about":[{"href":"https:\/\/www.europesays.com\/fr\/wp-json\/wp\/v2\/types\/post"}],"author":[{"embeddable":true,"href":"https:\/\/www.europesays.com\/fr\/wp-json\/wp\/v2\/users\/2"}],"replies":[{"embeddable":true,"href":"https:\/\/www.europesays.com\/fr\/wp-json\/wp\/v2\/comments?post=386736"}],"version-history":[{"count":0,"href":"https:\/\/www.europesays.com\/fr\/wp-json\/wp\/v2\/posts\/386736\/revisions"}],"wp:featuredmedia":[{"embeddable":true,"href":"https:\/\/www.europesays.com\/fr\/wp-json\/wp\/v2\/media\/386120"}],"wp:attachment":[{"href":"https:\/\/www.europesays.com\/fr\/wp-json\/wp\/v2\/media?parent=386736"}],"wp:term":[{"taxonomy":"category","embeddable":true,"href":"https:\/\/www.europesays.com\/fr\/wp-json\/wp\/v2\/categories?post=386736"},{"taxonomy":"post_tag","embeddable":true,"href":"https:\/\/www.europesays.com\/fr\/wp-json\/wp\/v2\/tags?post=386736"}],"curies":[{"name":"wp","href":"https:\/\/api.w.org\/{rel}","templated":true}]}}