{"id":386746,"date":"2025-09-13T02:12:29","date_gmt":"2025-09-13T02:12:29","guid":{"rendered":"https:\/\/www.europesays.com\/fr\/386746\/"},"modified":"2025-09-13T02:12:29","modified_gmt":"2025-09-13T02:12:29","slug":"friedrich-merz-rencontre-le-corps-diplomatique","status":"publish","type":"post","link":"https:\/\/www.europesays.com\/fr\/386746\/","title":{"rendered":"Friedrich Merz rencontre le corps diplomatique"},"content":{"rendered":"<p class=\"mb-4 text-lg md:leading-8 break-words\">La derni\u00e8re fois qu\u2019un chancelier f\u00e9d\u00e9ral a ouvert en personne la rencontre avec le corps diplomatique, c&rsquo;\u00e9tait en 2000, sous <a href=\"https:\/\/www.dw.com\/fr\/les-m\u00e9moires-de-gerhard-schr\u00f6der\/a-2870645\" rel=\"nofollow noopener\" target=\"_blank\" data-ylk=\"slk:l&#039;ancien chancelier Gerhard Schr\u00f6der;elm:context_link;itc:0;sec:content-canvas\" class=\"link \">l&rsquo;ancien chancelier Gerhard Schr\u00f6der<\/a>.<\/p>\n<p class=\"mb-4 text-lg md:leading-8 break-words\"> Et maintenant, c&rsquo;est au tour de Friedrich Merz. 25 ans plus tard. Car le monde a radicalement chang\u00e9. En effet, lundi, au d\u00e9but de la conf\u00e9rence de plusieurs jours au minist\u00e8re f\u00e9d\u00e9ral des Affaires \u00e9trang\u00e8res \u00e0 Berlin, le chancelier f\u00e9d\u00e9ral a prononc\u00e9 un discours presque programmatique sur l&rsquo;importance future de la politique \u00e9trang\u00e8re allemande. Il a \u00e9galement rencontr\u00e9 les ambassadeurs r\u00e9unis pour une discussion de fond, ce qui est \u00e9galement plut\u00f4t inhabituel.<\/p>\n<p>Nouveau conflit syst\u00e9mique<\/p>\n<p class=\"mb-4 text-lg md:leading-8 break-words\">Dans son discours, Friedrich Merz a bross\u00e9 le tableau d&rsquo;un ordre mondial dans lequel des convictions autrefois bien ancr\u00e9es changent presque quotidiennement : \u00ab\u00a0Ce que nous avons appel\u00e9 l&rsquo;ordre mondial lib\u00e9ral est aujourd&rsquo;hui soumis \u00e0 de nombreuses pressions, y compris au sein m\u00eame de l&rsquo;Occident politique. Un nouveau conflit syst\u00e9mique a d\u00e9j\u00e0 \u00e9clat\u00e9 entre les d\u00e9mocraties lib\u00e9rales et un axe des autocraties qui cherche ouvertement \u00e0 concurrencer notre d\u00e9mocratie.\u00a0\u00bb <\/p>\n<p class=\"mb-4 text-lg md:leading-8 break-words\">Selon l&rsquo;interpr\u00e9tation du chancelier allemand, cet <a href=\"https:\/\/www.dw.com\/fr\/vladimir-poutine-et-xi-jinping-les-empires-contre-attaquent\/a-66966636\" rel=\"nofollow noopener\" target=\"_blank\" data-ylk=\"slk:axe des autocraties est principalement constitu\u00e9 de la Chine et de la Russie;elm:context_link;itc:0;sec:content-canvas\" class=\"link \">axe des autocraties est principalement constitu\u00e9 de la Chine et de la Russie<\/a>. L&rsquo;Allemagne s&rsquo;est longtemps sentie en s\u00e9curit\u00e9 dans l&rsquo;illusion que les bouleversements mondiaux ne pouvaient pas vraiment l&rsquo;affecter. Cela a conduit \u00e0 une attitude selon laquelle \u00ab\u00a0il ne fallait pas se soucier des guerres qui se d\u00e9roulent ailleurs, des agresseurs, de ceux qui enfreignent les r\u00e8gles. Elle r\u00e9pond \u00e0 un besoin quasi isolationniste de notre population. Mais l&rsquo;Allemagne n&rsquo;est pas une \u00eele, m\u00eame si nous et notre pays sommes entour\u00e9s d&rsquo;amis, comme nous le disons si bien\u00a0\u00bb.<\/p>\n<p><img alt=\"lPus de politique ext\u00e9rieure que de politique int\u00e9rieure ? Le chancelier Friedrich Merz, en fonction depuis moins de 100 jours, avec ses partenaires europ\u00e9ens chez le pr\u00e9sident am\u00e9ricain Donald Trump \u00e0 Washington&lt;span class=&quot;copyright&quot;&gt;picture alliance\/Newscom\/DANIEL TOROK&lt;\/span&gt;\" loading=\"lazy\" width=\"960\" height=\"540\" decoding=\"async\" data-nimg=\"1\" class=\"rounded-lg\" style=\"color:transparent\" src=\"https:\/\/www.europesays.com\/fr\/wp-content\/uploads\/2025\/09\/c1a44c738975f77a1697c99f543eee41.jpeg\"\/><\/p>\n<p>lPus de politique ext\u00e9rieure que de politique int\u00e9rieure ? Le chancelier Friedrich Merz, en fonction depuis moins de 100 jours, avec ses partenaires europ\u00e9ens chez le pr\u00e9sident am\u00e9ricain Donald Trump \u00e0 Washingtonpicture alliance\/Newscom\/DANIEL TOROK<\/p>\n<p>La politique \u00e9trang\u00e8re est une politique d&rsquo;int\u00e9r\u00eats<\/p>\n<p class=\"mb-4 text-lg md:leading-8 break-words\">Pour le chancelier f\u00e9d\u00e9ral, cela signifie que la politique \u00e9trang\u00e8re n&rsquo;est plus, comme cela a \u00e9t\u00e9 le cas pendant de nombreuses ann\u00e9es en Allemagne, le cheval de bataille de quelques acteurs politiques sp\u00e9cialis\u00e9s. Elle constitue d\u00e9sormais la base de tous les domaines politiques, en particulier de la politique \u00e9conomique. Et il s&rsquo;agit avant tout d&rsquo;une politique d&rsquo;int\u00e9r\u00eats : sur la sc\u00e8ne internationale, l&rsquo;Allemagne adopte des positions qui profitent avant tout aux march\u00e9s de l&rsquo;\u00e9conomie allemande orient\u00e9e vers l&rsquo;exportation. <\/p>\n<p class=\"mb-4 text-lg md:leading-8 break-words\">Selon Friedrich Merz, l&rsquo;Allemagne doit \u00eatre plus pr\u00e9sente et jouer un r\u00f4le plus important : \u00ab\u00a0C&rsquo;est une responsabilit\u00e9 qui nous incombe en tant que pays le plus puissant \u00e9conomiquement de ce continent, non pas parce que nous sommes arrogants ou pr\u00e9tentieux, mais parce que la situation g\u00e9ostrat\u00e9gique de notre pays nous y oblige et que nous devons l&rsquo;assumer, dans notre propre int\u00e9r\u00eat, mais aussi dans l&rsquo;int\u00e9r\u00eat de nos voisins europ\u00e9ens et de l&rsquo;ensemble de l&rsquo;Union europ\u00e9enne.\u00a0\u00bb<\/p>\n<p>Le SPD soutient la ligne du chancelier<\/p>\n<p class=\"mb-4 text-lg md:leading-8 break-words\">Depuis son entr\u00e9e en fonction, nombreux sont les observateurs qui qualifient le nouveau chancelier de \u00ab\u00a0chancelier des Affaires \u00e9trang\u00e8res\u00a0\u00bb : Friedrich Merz \u00e9tait en effet pr\u00e9sent sur pratiquement toutes les sc\u00e8nes internationales, aupr\u00e8s du pr\u00e9sident am\u00e9ricain Donald Trump \u00e0 Washington, lors de nombreuses rencontres avec le pr\u00e9sident fran\u00e7ais Emmanuel Macron, lors du sommet des pays de l&rsquo;Otan. Et ces m\u00eames observateurs lui ont reproch\u00e9 de n\u00e9gliger la politique int\u00e9rieure. Mais chez les sociaux-d\u00e9mocrates, partenaires de la coalition, l&rsquo;accent mis sur la politique \u00e9trang\u00e8re par le nouveau chef du gouvernement est bien accueilli.<\/p>\n<p class=\"mb-4 text-lg md:leading-8 break-words\">Sur la DW, Adis Ahmetovic, porte-parole pour la politique \u00e9trang\u00e8res du groupe parlementaire des socio-d\u00e9mocrates estime qu\u2019\u201dil n&rsquo;y a pas trop peu de conflits dans le monde et c&rsquo;est pourquoi il est bon que le Parlement ait un lien direct avec le chancelier f\u00e9d\u00e9ral afin de d\u00e9finir ensemble les grandes lignes, le gouvernement et le Parlement. Et je dois dire que cela fonctionne tr\u00e8s bien actuellement au sein du gouvernement\u00a0\u00bb.<\/p>\n<p class=\"mb-4 text-lg md:leading-8 break-words\">Et que signifie cette nouvelle approche pour les quelque 230 ambassadeurs et ambassadrices du pays ? Comment sera per\u00e7ue une Allemagne qui s&rsquo;implique davantage, qui est plus pr\u00e9sente, qui n&rsquo;est plus une \u00eele, comme le dit Friedrich Merz ?<\/p>\n<p class=\"mb-4 text-lg md:leading-8 break-words\">Selon Wolfgang Ischinger, ancien ambassadeur aux Etats-Unis et au Royaume-Uni,\u00a0\u00bbil se peut que l&rsquo;Allemagne se per\u00e7oive souvent comme un pays en crise. Cependant, cette image ne correspond pas n\u00e9cessairement \u00e0 la perception que le monde a de l&rsquo;Allemagne\u00a0\u00bb.<\/p>\n<p class=\"mb-4 text-lg md:leading-8 break-words\">\u00ab\u00a0Du point de vue ext\u00e9rieur, nous sommes un pays extr\u00eamement stable et prosp\u00e8re. Ce qui est toutefois de plus en plus per\u00e7u n\u00e9gativement \u00e0 l&rsquo;\u00e9tranger, c&rsquo;est le manque de courage et d&rsquo;esprit d&rsquo;innovation en Allemagne. Cela ternit notre r\u00e9putation, et nous en sommes nous-m\u00eames responsables\u00a0\u00bb, dit encore sur la DW celui qui a dirig\u00e9 pendant de nombreuses ann\u00e9es la Conf\u00e9rence de Munich sur la s\u00e9curit\u00e9 (MSC).<\/p>\n","protected":false},"excerpt":{"rendered":"La derni\u00e8re fois qu\u2019un chancelier f\u00e9d\u00e9ral a ouvert en personne la rencontre avec le corps diplomatique, c&rsquo;\u00e9tait en&hellip;\n","protected":false},"author":2,"featured_media":386747,"comment_status":"","ping_status":"","sticky":false,"template":"","format":"standard","meta":{"footnotes":""},"categories":[1587],"tags":[11,672,1804,45925,51939,1805,1803,1777,674,4710,1801,3442,7243,12,262,51938,1802],"class_list":{"0":"post-386746","1":"post","2":"type-post","3":"status-publish","4":"format-standard","5":"has-post-thumbnail","7":"category-allemagne","8":"tag-actualites","9":"tag-allemagne","10":"tag-bundesrepublik-deutschland","11":"tag-chancelier-federal","12":"tag-corps-diplomatique","13":"tag-de","14":"tag-deutschland","15":"tag-eu","16":"tag-europe","17":"tag-friedrich-merz","18":"tag-germany","19":"tag-lallemagne","20":"tag-le-monde","21":"tag-news","22":"tag-politique-etrangere","23":"tag-politique-interieure","24":"tag-republique-federale-dallemagne"},"share_on_mastodon":{"url":"https:\/\/pubeurope.com\/@fr\/115194570019629964","error":""},"_links":{"self":[{"href":"https:\/\/www.europesays.com\/fr\/wp-json\/wp\/v2\/posts\/386746","targetHints":{"allow":["GET"]}}],"collection":[{"href":"https:\/\/www.europesays.com\/fr\/wp-json\/wp\/v2\/posts"}],"about":[{"href":"https:\/\/www.europesays.com\/fr\/wp-json\/wp\/v2\/types\/post"}],"author":[{"embeddable":true,"href":"https:\/\/www.europesays.com\/fr\/wp-json\/wp\/v2\/users\/2"}],"replies":[{"embeddable":true,"href":"https:\/\/www.europesays.com\/fr\/wp-json\/wp\/v2\/comments?post=386746"}],"version-history":[{"count":0,"href":"https:\/\/www.europesays.com\/fr\/wp-json\/wp\/v2\/posts\/386746\/revisions"}],"wp:featuredmedia":[{"embeddable":true,"href":"https:\/\/www.europesays.com\/fr\/wp-json\/wp\/v2\/media\/386747"}],"wp:attachment":[{"href":"https:\/\/www.europesays.com\/fr\/wp-json\/wp\/v2\/media?parent=386746"}],"wp:term":[{"taxonomy":"category","embeddable":true,"href":"https:\/\/www.europesays.com\/fr\/wp-json\/wp\/v2\/categories?post=386746"},{"taxonomy":"post_tag","embeddable":true,"href":"https:\/\/www.europesays.com\/fr\/wp-json\/wp\/v2\/tags?post=386746"}],"curies":[{"name":"wp","href":"https:\/\/api.w.org\/{rel}","templated":true}]}}