{"id":386750,"date":"2025-09-13T02:14:21","date_gmt":"2025-09-13T02:14:21","guid":{"rendered":"https:\/\/www.europesays.com\/fr\/386750\/"},"modified":"2025-09-13T02:14:21","modified_gmt":"2025-09-13T02:14:21","slug":"dans-quel-pays-de-lue-y-a-t-il-le-plus-de-jeunes-adultes-titulaires-dun-diplome-universitaire","status":"publish","type":"post","link":"https:\/\/www.europesays.com\/fr\/386750\/","title":{"rendered":"Dans quel pays de l&rsquo;UE y a-t-il le plus de jeunes adultes titulaires d&rsquo;un dipl\u00f4me universitaire ?"},"content":{"rendered":"<p class=\"mb-4 text-lg md:leading-8 break-words\">En Irlande, 66 % des personnes \u00e2g\u00e9es de 25 \u00e0 34 ans sont titulaires d&rsquo;un dipl\u00f4me universitaire en 2024. Viennent ensuite le Luxembourg, avec 65 %, et la Lituanie, avec 58 %.<\/p>\n<p class=\"mb-4 text-lg md:leading-8 break-words\">En revanche, les pourcentages les plus faibles de jeunes adultes titulaires d&rsquo;un dipl\u00f4me universitaire, licence, master ou doctorat, ont \u00e9t\u00e9 enregistr\u00e9s en R\u00e9publique tch\u00e8que avec 33 %, en Hongrie avec 32 %, et en Italie avec 32 % \u00e9galement.<\/p>\n<p class=\"mb-4 text-lg md:leading-8 break-words\">C&rsquo;est ce que montre le dernier rapport \u00ab\u00a0Education at a glance\u00a0\u00bb de l&rsquo;Organisation de coop\u00e9ration et de d\u00e9veloppement \u00e9conomiques (OCDE).<\/p>\n<p class=\"mb-4 text-lg md:leading-8 break-words\">Le rapport souligne \u00e9galement que le niveau d&rsquo;\u00e9ducation des jeunes reste \u00e9troitement li\u00e9 \u00e0 celui de leurs parents.<\/p>\n<p class=\"mb-4 text-lg md:leading-8 break-words\">Dans tous les pays, les enfants issus de milieux d\u00e9favoris\u00e9s ont beaucoup moins de chances d&rsquo;aller \u00e0 l&rsquo;universit\u00e9 ou dans un \u00e9tablissement d&rsquo;enseignement sup\u00e9rieur que ceux issus de milieux plus favoris\u00e9s.<\/p>\n<p class=\"mb-4 text-lg md:leading-8 break-words\">C&rsquo;est au Danemark que l&rsquo;\u00e9cart entre la proportion de jeunes adultes dont les parents sont titulaires d&rsquo;un dipl\u00f4me universitaire (70 %) et celle des jeunes adultes dont les parents n&rsquo;en ont pas (49 %) est le plus faible.<\/p>\n<p class=\"mb-4 text-lg md:leading-8 break-words\">En revanche, c&rsquo;est en Pologne que cet \u00e9cart est le plus important (79 % chez les jeunes adultes dont les parents sont dipl\u00f4m\u00e9s et 11 % chez ceux dont les parents ne le sont pas).<\/p>\n<p class=\"mb-4 text-lg md:leading-8 break-words\">Des niveaux d&rsquo;\u00e9ducation plus \u00e9lev\u00e9s sont \u00e9troitement li\u00e9s \u00e0 des taux d&#8217;emploi plus importants, \u00e0 des revenus plus \u00e9lev\u00e9s et \u00e0 une meilleure sant\u00e9.<\/p>\n","protected":false},"excerpt":{"rendered":"En Irlande, 66 % des personnes \u00e2g\u00e9es de 25 \u00e0 34 ans sont titulaires d&rsquo;un dipl\u00f4me universitaire en&hellip;\n","protected":false},"author":2,"featured_media":386751,"comment_status":"","ping_status":"","sticky":false,"template":"","format":"standard","meta":{"footnotes":""},"categories":[1586],"tags":[11,1777,674,1779,1011,27,24963,30994,12,2571,25,1778,364],"class_list":{"0":"post-386750","1":"post","2":"type-post","3":"status-publish","4":"format-standard","5":"has-post-thumbnail","7":"category-europe","8":"tag-actualites","9":"tag-eu","10":"tag-europe","11":"tag-european-union","12":"tag-fr","13":"tag-france","14":"tag-jeunes-adultes","15":"tag-le-luxembourg","16":"tag-news","17":"tag-personnes-agees","18":"tag-republique-francaise","19":"tag-ue","20":"tag-union-europeenne"},"share_on_mastodon":{"url":"https:\/\/pubeurope.com\/@fr\/115194577789705241","error":""},"_links":{"self":[{"href":"https:\/\/www.europesays.com\/fr\/wp-json\/wp\/v2\/posts\/386750","targetHints":{"allow":["GET"]}}],"collection":[{"href":"https:\/\/www.europesays.com\/fr\/wp-json\/wp\/v2\/posts"}],"about":[{"href":"https:\/\/www.europesays.com\/fr\/wp-json\/wp\/v2\/types\/post"}],"author":[{"embeddable":true,"href":"https:\/\/www.europesays.com\/fr\/wp-json\/wp\/v2\/users\/2"}],"replies":[{"embeddable":true,"href":"https:\/\/www.europesays.com\/fr\/wp-json\/wp\/v2\/comments?post=386750"}],"version-history":[{"count":0,"href":"https:\/\/www.europesays.com\/fr\/wp-json\/wp\/v2\/posts\/386750\/revisions"}],"wp:featuredmedia":[{"embeddable":true,"href":"https:\/\/www.europesays.com\/fr\/wp-json\/wp\/v2\/media\/386751"}],"wp:attachment":[{"href":"https:\/\/www.europesays.com\/fr\/wp-json\/wp\/v2\/media?parent=386750"}],"wp:term":[{"taxonomy":"category","embeddable":true,"href":"https:\/\/www.europesays.com\/fr\/wp-json\/wp\/v2\/categories?post=386750"},{"taxonomy":"post_tag","embeddable":true,"href":"https:\/\/www.europesays.com\/fr\/wp-json\/wp\/v2\/tags?post=386750"}],"curies":[{"name":"wp","href":"https:\/\/api.w.org\/{rel}","templated":true}]}}