{"id":386763,"date":"2025-09-13T02:24:21","date_gmt":"2025-09-13T02:24:21","guid":{"rendered":"https:\/\/www.europesays.com\/fr\/386763\/"},"modified":"2025-09-13T02:24:21","modified_gmt":"2025-09-13T02:24:21","slug":"f1-divorce-avec-verstappen-la-clause-secrete-qui-chamboule-tout","status":"publish","type":"post","link":"https:\/\/www.europesays.com\/fr\/386763\/","title":{"rendered":"F1 : Divorce avec Verstappen, la clause secr\u00e8te qui chamboule tout !"},"content":{"rendered":"<p>                    Benjamin Labrousse<br \/>\n                        &#8211;<\/p>\n<p>R\u00e9dacteur<\/p>\n<p>Malgr\u00e9 un double cursus Espagnol\/Communication, j\u2019ai d\u00e9cid\u00e9 de prendre en main mes r\u00eaves en me dirigeant vers le journalisme. Dipl\u00f4m\u00e9 d\u2019un master en journalisme de sport, je couvre l\u2019actualit\u00e9 sportive et footballistique avec toujours autant d\u2019admiration pour les p\u00e9riode de mercato, o\u00f9 un club se doit de faire des choix cruciaux pour la saison prochaine.<\/p>\n<p class=\"heading\">Apr\u00e8s vingt ans \u00e0 diriger l\u2019\u00e9quipe Red Bull, Christian Horner a finalement \u00e9t\u00e9 remplac\u00e9 il y a quelques semaines par le Fran\u00e7ais Laurent Mekies. Si le Britannique avait connu une ann\u00e9e compliqu\u00e9e, Juan Pablo Montoya estime qu\u2019une potentielle clause dans son licenciement emp\u00eacherait l\u2019ancien directeur de Max Verstappen de faire son retour en Formule 1.<\/p>\n<p>Au d\u00e9but du mois de juillet, <strong>Red Bull <\/strong>provoquait un s\u00e9isme dans le monde de la Formule 1. L\u2019\u00e9curie autrichienne o\u00f9 officie <a href=\"https:\/\/le10sport.com\/formule1\/f1-un-nouveau-pilote-avec-verstappen-red-bull-valide-757729\" target=\"_blank\" rel=\"noopener\"><strong>Max Verstappen<\/strong><\/a>, d\u00e9cidait de se s\u00e9parer de son directeur <strong>Christian Horner<\/strong>, pourtant \u00e0 la t\u00eate de l\u2019\u00e9quipe depuis vingt ans. \u00ab\u00a0Apr\u00e8s un incroyable voyage de vingt ans ensemble, c&rsquo;est avec le coeur lourd que je dis aujourd&rsquo;hui au revoir \u00e0 l&rsquo;\u00e9quipe que j&rsquo;ai aim\u00e9e d&rsquo;un amour absolu. Chacun d&rsquo;entre vous, ces magnifiques personnes \u00e0 l&rsquo;usine, vous avez \u00e9t\u00e9 le coeur et l&rsquo;\u00e2me de tout ce que nous avons accompli. Victoire ou d\u00e9faite, \u00e0 chaque \u00e9tape de cette aventure, nous sommes rest\u00e9s unis et je n&rsquo;oublierai jamais \u00e7a. Ce fut un privil\u00e8ge de faire partie de cette \u00e9quipe, de la mener, et je suis tr\u00e8s fier de tout ce que nous avons accompli, et de vous\u00a0\u00bb, confiait avec \u00e9motion l\u2019ing\u00e9nieur britannique au moment de son d\u00e9part.<\/p>\n<p>                                            Horner ne reprend pas de service<\/p>\n<p>Avec une telle exp\u00e9rience, nul doute que <strong>Christian Horner<\/strong> aurait pu rapidement retrouver un poste en Formule 1. Remplac\u00e9 par <strong>Laurent Mekies<\/strong> chez <strong>Red Bull<\/strong>, <strong>Horner <\/strong>n\u2019a toujours pas repris de service, mais pourquoi\u00a0? L\u2019ancien pilote <strong>Juan Pablo Montoya<\/strong> s\u2019est pench\u00e9 sur la question et selon lui, deux options existent\u00a0: la premi\u00e8re serait tout simplement d\u2019ordre financier, tandis que la seconde serait l\u2019existence d\u2019une clause secr\u00e8te.<\/p>\n<p>                                            \u00ab\u00a0Peut-\u00eatre qu&rsquo;une clause de non-concurrence de l\u2019accord stipule qu\u2019il ne peut plus travailler en F1\u00a0\u00bb<\/p>\n<p>\u00ab\u00a0Si Christian en a l\u2019occasion, il reviendra.\u00a0On ne sait pas s\u2019il le souhaite ou non. Avec tout ce qui s\u2019est pass\u00e9, et la somme que Red Bull a d\u00fb lui verser, il est \u00e0 l\u2019abri financi\u00e8rement. Peut-\u00eatre qu&rsquo;une clause de non-concurrence de l\u2019accord stipule qu\u2019il ne peut plus travailler en F1 ? C\u2019est la seule chose qui pourrait l\u2019en emp\u00eacher\u00a0\u00bb, a ainsi confi\u00e9 <strong>Montoya<\/strong>, relay\u00e9 par Next-Gen Auto. <\/p>\n","protected":false},"excerpt":{"rendered":"Benjamin Labrousse &#8211; R\u00e9dacteur Malgr\u00e9 un double cursus Espagnol\/Communication, j\u2019ai d\u00e9cid\u00e9 de prendre en main mes r\u00eaves en&hellip;\n","protected":false},"author":2,"featured_media":386764,"comment_status":"","ping_status":"","sticky":false,"template":"","format":"standard","meta":{"footnotes":""},"categories":[1412],"tags":[1451,1452,1453,1454,1455,1011,27,60],"class_list":{"0":"post-386763","1":"post","2":"type-post","3":"status-publish","4":"format-standard","5":"has-post-thumbnail","7":"category-f1","8":"tag-f1","9":"tag-formula-1","10":"tag-formula1","11":"tag-formule-1","12":"tag-formule1","13":"tag-fr","14":"tag-france","15":"tag-sports"},"share_on_mastodon":{"url":"https:\/\/pubeurope.com\/@fr\/115194617112231205","error":""},"_links":{"self":[{"href":"https:\/\/www.europesays.com\/fr\/wp-json\/wp\/v2\/posts\/386763","targetHints":{"allow":["GET"]}}],"collection":[{"href":"https:\/\/www.europesays.com\/fr\/wp-json\/wp\/v2\/posts"}],"about":[{"href":"https:\/\/www.europesays.com\/fr\/wp-json\/wp\/v2\/types\/post"}],"author":[{"embeddable":true,"href":"https:\/\/www.europesays.com\/fr\/wp-json\/wp\/v2\/users\/2"}],"replies":[{"embeddable":true,"href":"https:\/\/www.europesays.com\/fr\/wp-json\/wp\/v2\/comments?post=386763"}],"version-history":[{"count":0,"href":"https:\/\/www.europesays.com\/fr\/wp-json\/wp\/v2\/posts\/386763\/revisions"}],"wp:featuredmedia":[{"embeddable":true,"href":"https:\/\/www.europesays.com\/fr\/wp-json\/wp\/v2\/media\/386764"}],"wp:attachment":[{"href":"https:\/\/www.europesays.com\/fr\/wp-json\/wp\/v2\/media?parent=386763"}],"wp:term":[{"taxonomy":"category","embeddable":true,"href":"https:\/\/www.europesays.com\/fr\/wp-json\/wp\/v2\/categories?post=386763"},{"taxonomy":"post_tag","embeddable":true,"href":"https:\/\/www.europesays.com\/fr\/wp-json\/wp\/v2\/tags?post=386763"}],"curies":[{"name":"wp","href":"https:\/\/api.w.org\/{rel}","templated":true}]}}