{"id":386766,"date":"2025-09-13T02:26:12","date_gmt":"2025-09-13T02:26:12","guid":{"rendered":"https:\/\/www.europesays.com\/fr\/386766\/"},"modified":"2025-09-13T02:26:12","modified_gmt":"2025-09-13T02:26:12","slug":"ligue-1-samuel-umtiti-est-a-lyon","status":"publish","type":"post","link":"https:\/\/www.europesays.com\/fr\/386766\/","title":{"rendered":"Ligue 1, Samuel Umtiti est \u00e0 Lyon"},"content":{"rendered":"<p data-testid=\"article-teaser\">Sans club depuis son d\u00e9part de Lille, Samuel Umtiti a \u00e9t\u00e9 aper\u00e7u \u00e0 Lyon, vendredi.<\/p>\n<p>Le football r\u00e9serve toujours des retours inattendus. <a href=\"https:\/\/www.goal.com\/fr\/listes\/samuel-umtiti-de-retour-a-l-ol-le-pari-tres-ose\/blt5071e7fdfa1622ac\" target=\"_self\" rel=\"noopener\">Alors que certains r\u00eavaient de voir Samuel Umtiti rechausser les crampons sous le maillot lyonnais<\/a>, la r\u00e9alit\u00e9 est tout autre. Pr\u00e9sent entre Rh\u00f4ne et Sa\u00f4ne ce vendredi, le champion du monde 2018 n\u2019a pas sign\u00e9 de come-back sportif avec l\u2019Olympique Lyonnais. Pourtant, sa pr\u00e9sence \u00e0 D\u00e9cines, valise \u00e0 la main, a raviv\u00e9 les souvenirs d\u2019un d\u00e9fenseur form\u00e9 Lyon et qui fut l\u2019un des artisans de l\u2019\u00e9pop\u00e9e des Bleus en 2018. Mais \u00e0 31 ans, son avenir semble plus incertain que jamais.<\/p>\n<p>Samuel Umtiti, un retour symbolique \u00e0 Lyon\u00a0\u00a0<\/p>\n<p><a href=\"https:\/\/www.goal.com\/fr\/listes\/mercato-l-ol-rapatrie-un-ancien-cadre-de-son-effectif\/blta11e2b415ecac39c\" target=\"_self\" rel=\"noopener\">Contrairement \u00e0 Rachid Ghezzal, r\u00e9cemment revenu \u00e0 l\u2019OL pour encadrer la jeunesse,<\/a> Samuel Umtiti ne devrait pas endosser de nouveau le maillot de son club formateur. Comme l\u2019a pr\u00e9cis\u00e9 Foot Mercato, le d\u00e9fenseur central a profit\u00e9 de son passage pour saluer ses anciennes connaissances et red\u00e9couvrir les installations lyonnaises. Ce retour, plus sentimental que professionnel, rappelle le lien fort qui unit le joueur \u00e0 la capitale des Gaules. Mais il laisse aussi planer des interrogations sur sa carri\u00e8re, lui qui peine \u00e0 retrouver la pleine possession de ses moyens physiques.<\/p>\n<p>Min\u00e9 depuis 2018 par une blessure persistante au genou, Samuel Umtiti n\u2019a jamais vraiment retrouv\u00e9 son niveau apr\u00e8s avoir contribu\u00e9 au sacre mondial des Bleus. Apr\u00e8s une parenth\u00e8se compliqu\u00e9e \u00e0 Lille &#8211; seulement 13 matchs disput\u00e9s en deux saisons &#8211; <a href=\"https:\/\/www.goal.com\/fr\/listes\/mercato-la-decision-fracassante-de-samuel-umtiti-pour-son-avenir\/blt07c914db3e37c57f\" target=\"_self\" rel=\"noopener\">le d\u00e9fenseur de 31 ans envisage d\u00e9sormais s\u00e9rieusement la retraite.<\/a><a href=\"https:\/\/www.goal.com\/fr\/news\/umtiti-a-l-ol-le-transfert-que-personne-n-attendait\/bltdd9a9d777a29f84a\" target=\"_self\" rel=\"noopener\">\u00a0Lyon a donc assist\u00e9 \u00e0 une visite plus humaine que sportive, laissant ses supporters nostalgiques mais conscients de la fin de parcours qui se profile pour l\u2019enfant du club.<\/a><\/p>\n","protected":false},"excerpt":{"rendered":"Sans club depuis son d\u00e9part de Lille, Samuel Umtiti a \u00e9t\u00e9 aper\u00e7u \u00e0 Lyon, vendredi. Le football r\u00e9serve&hellip;\n","protected":false},"author":2,"featured_media":386767,"comment_status":"","ping_status":"","sticky":false,"template":"","format":"standard","meta":{"footnotes":""},"categories":[1410],"tags":[63,1011,27,66,2428,584,50764,51940,60],"class_list":{"0":"post-386766","1":"post","2":"type-post","3":"status-publish","4":"format-standard","5":"has-post-thumbnail","7":"category-football","8":"tag-football","9":"tag-fr","10":"tag-france","11":"tag-ligue-1","12":"tag-lyon","13":"tag-rennes","14":"tag-rennes-vs-lyon","15":"tag-s-umtiti","16":"tag-sports"},"share_on_mastodon":{"url":"https:\/\/pubeurope.com\/@fr\/115194624998057735","error":""},"_links":{"self":[{"href":"https:\/\/www.europesays.com\/fr\/wp-json\/wp\/v2\/posts\/386766","targetHints":{"allow":["GET"]}}],"collection":[{"href":"https:\/\/www.europesays.com\/fr\/wp-json\/wp\/v2\/posts"}],"about":[{"href":"https:\/\/www.europesays.com\/fr\/wp-json\/wp\/v2\/types\/post"}],"author":[{"embeddable":true,"href":"https:\/\/www.europesays.com\/fr\/wp-json\/wp\/v2\/users\/2"}],"replies":[{"embeddable":true,"href":"https:\/\/www.europesays.com\/fr\/wp-json\/wp\/v2\/comments?post=386766"}],"version-history":[{"count":0,"href":"https:\/\/www.europesays.com\/fr\/wp-json\/wp\/v2\/posts\/386766\/revisions"}],"wp:featuredmedia":[{"embeddable":true,"href":"https:\/\/www.europesays.com\/fr\/wp-json\/wp\/v2\/media\/386767"}],"wp:attachment":[{"href":"https:\/\/www.europesays.com\/fr\/wp-json\/wp\/v2\/media?parent=386766"}],"wp:term":[{"taxonomy":"category","embeddable":true,"href":"https:\/\/www.europesays.com\/fr\/wp-json\/wp\/v2\/categories?post=386766"},{"taxonomy":"post_tag","embeddable":true,"href":"https:\/\/www.europesays.com\/fr\/wp-json\/wp\/v2\/tags?post=386766"}],"curies":[{"name":"wp","href":"https:\/\/api.w.org\/{rel}","templated":true}]}}