{"id":386768,"date":"2025-09-13T02:27:13","date_gmt":"2025-09-13T02:27:13","guid":{"rendered":"https:\/\/www.europesays.com\/fr\/386768\/"},"modified":"2025-09-13T02:27:13","modified_gmt":"2025-09-13T02:27:13","slug":"on-a-travaille-ensemble-laventure-sarrete-deja-ici-pour-le-plancton-dans-mask-singer-8-michael-youn-la-vite-reconnu","status":"publish","type":"post","link":"https:\/\/www.europesays.com\/fr\/386768\/","title":{"rendered":"\u00ab\u00a0On a travaill\u00e9 ensemble\u00a0\u00bb : L&rsquo;aventure s&rsquo;arr\u00eate d\u00e9j\u00e0 ici pour le Plancton dans Mask Singer 8, Micha\u00ebl Youn l&rsquo;a vite reconnu"},"content":{"rendered":"<p>            <img loading=\"lazy\" decoding=\"async\" src=\"https:\/\/www.europesays.com\/fr\/wp-content\/uploads\/2025\/04\/121-62909a850c1a7-35x35-1.jpg\" class=\"author-article-picture\" width=\"35\" height=\"35\"\/><\/p>\n<p>                Par<br \/>\n                                    <a class=\"author-article-bio-link\" href=\"https:\/\/www.purepeople.com\/auteur\/bertrand-bielle_a121\" rel=\"nofollow noopener\" target=\"_blank\">Bertrand Bielle<\/a><br \/>\n                                                    | Journaliste<\/p>\n<p>\n                Curieux de nature, Bertrand est toujours \u00e0 l\u2019affut du moindre petit scoop. Passionn\u00e9 par le football, il n\u2019est jamais bien loin du ballon rond et de toutes les actualit\u00e9s qui en d\u00e9coulent. Toutefois, l\u2019\u00e9v\u00e8nementiel du showbiz ou de la politique fait \u00e9galement partie de ses recherches journalistiques privil\u00e9gi\u00e9es.\n            <\/p>\n<p>\n    Ce vendredi 12 septembre, Mask Singer \u00e9tait de retour sur TF1, pour une huiti\u00e8me saison marqu\u00e9e par de nouveaux changements comme l&rsquo;arriv\u00e9e de Michael Youn parmi les enqu\u00eateurs ou encore le fait que le public d\u00e9couvre pour la premi\u00e8re fois l&rsquo;identit\u00e9 d&rsquo;une des c\u00e9l\u00e9brit\u00e9s avant m\u00eame que celle-ci ne soit d\u00e9masqu\u00e9e. En fin d&rsquo;\u00e9mission, deux premi\u00e8res stars ont retir\u00e9 leurs costumes. Qui est la premi\u00e8re ?\n<\/p>\n<p>                            <img loading=\"lazy\" decoding=\"async\" class=\"player-thumbnail\" src=\"https:\/\/www.europesays.com\/fr\/wp-content\/uploads\/2025\/09\/afd4437f3a7349a5-580x326-1.png\" width=\"580\" height=\"326\"\/><\/p>\n<p>                    \u00ab\u00a0On a travaill\u00e9 ensemble\u00a0\u00bb : L&rsquo;aventure s&rsquo;arr\u00eate d\u00e9j\u00e0 ici pour le Plancton dans Mask Singer 8, Micha\u00ebl Youn l&rsquo;a vite reconnu<\/p>\n<p>La suite apr\u00e8s la publicit\u00e9<\/p>\n<p>Le 27 juin dernier, la saison 7 de Mask Singer s&rsquo;achevait sur TF1 par <a href=\"https:\/\/www.purepeople.com\/article\/exclu-apres-avoir-remporte-mask-singer-lola-dubini-rejoint-le-casting-de-demain-nous-appartient-je-netais-pas-prete-a-tout-ca_a540462\/1\" rel=\"nofollow noopener\" target=\"_blank\">le sacre de Lola Dubini<\/a>, dissimul\u00e9e sous le costume de la Girafe. Ce vendredi 12 septembre 2025, la c\u00e9l\u00e8bre \u00e9mission \u00e9tait d\u00e9j\u00e0 <a href=\"https:\/\/www.purepeople.com\/article\/mask-singer-deja-de-retour-avec-une-8e-saison-enqueteurs-nouveaux-costumes-stars-internationales-tout-ce-qu-il-faut-savoir_a541616\/1\" rel=\"nofollow noopener\" target=\"_blank\">de retour<\/a> sur la premi\u00e8re cha\u00eene. Avec toujours Camille Combal \u00e0 la pr\u00e9sentation, ainsi que Kev Adams, Chantal Ladesou et Laurent Ruquier pour enqu\u00eater. En revanche, Elodie Poux a laiss\u00e9 sa place \u00e0 Micha\u00ebl Youn.<\/p>\n<p>\u201cJe serai en vacances (pendant le tournage, ndlr) et je n\u2019ai pas du tout envie de les annuler. J\u2019ai une enfant de 4 ans et j\u2019ai envie d\u2019en profiter\u201d, avait-elle expliqu\u00e9 aupr\u00e8s de Diverto. Dans une vid\u00e9o post\u00e9e sur X, on apprenait que parmi les 15 c\u00e9l\u00e9brit\u00e9s pr\u00eates \u00e0 jouer le jeu pour cette 8e saison, on retrouve des stars mondialement connues, aux dizaines de millions d&rsquo;abonn\u00e9s et vues par des milliards de t\u00e9l\u00e9spectateurs. Pour la premi\u00e8re fois dans l&rsquo;histoire de l&rsquo;\u00e9mission, les t\u00e9l\u00e9spectateurs ont \u00e9galement eu le privil\u00e8ge <a href=\"https:\/\/www.purepeople.com\/article\/mask-singer-de-retour-sur-tf1-on-sait-qui-est-la-personnalite-sous-le-costume-du-dj_a542368\/1\" rel=\"nofollow noopener\" target=\"_blank\">de conna\u00eetre l\u2019identit\u00e9 d\u2019une des personnalit\u00e9s masqu\u00e9es<\/a> avant m\u00eame le lancement de la saison.<\/p>\n<p>Ces stars d\u00e9tiennent notamment \u00ab\u00a0les plus gros records du box-office, de la musique et du sport. Autres nouveaut\u00e9s, l&rsquo;utilisation de technologies de pointe telles que la r\u00e9alit\u00e9 augment\u00e9e et le mapping vid\u00e9o. Vous aurez \u00e9galement le droit \u00e0 des tableaux chor\u00e9graphi\u00e9s avec jusqu\u2019\u00e0 trente danseurs, des acrobates, des cracheurs de feu et des voltigeurs a\u00e9riens.<\/p>\n<p>Le Plancton \u00e9limin\u00e9 d\u00e8s le lancement de Mask Singer 8<\/p>\n<p>Et n&rsquo;oublions pas non plus le retour des \u00e9missions th\u00e9matiques. Pour cette premi\u00e8re, les personnages de cette saison in\u00e9dite se sont pr\u00e9sent\u00e9s (un gladiateur, un lynx, un lapin, un castor, un doudou, une taupe, un scarab\u00e9e, un plancton, un DJ robot&#8230;)<strong> <\/strong>et deux c\u00e9l\u00e9brit\u00e9s ont \u00e9t\u00e9 d\u00e9masqu\u00e9es. <strong>Et c&rsquo;est le Plancton qui a \u00e9t\u00e9 contraint de se d\u00e9masquer en premier, au cours de la soir\u00e9e. Michael Youn avait d\u00e9couvert son identit\u00e9 juste apr\u00e8s sa prestation (il a repris <\/strong><strong>Pas de Boogie Woogie<\/strong><strong> d&rsquo;Eddy Mitchell). Il s&rsquo;agit de&#8230;.Vincent Moscato, l&rsquo;ex-rugbyman, reconverti en tant qu&rsquo;animateur t\u00e9l\u00e9 et radio.<\/strong>\u00a0<\/p>\n<p>Un grand bravo \u00e0 Michael Youn pour l&rsquo;avoir d\u00e9masqu\u00e9, lui qui a d\u00e9j\u00e0 \u00e9t\u00e9 amen\u00e9 \u00e0 collaborer avec Vincent Moscato \u00e0 plusieurs reprises. Ce dernier a notamment \u00a0jou\u00e9 dans le film Vive la France (2013), r\u00e9alis\u00e9 par le papa de Stellar et Seven, et ils se sont \u00e9galement d\u00e9j\u00e0 retrouv\u00e9s sur le plateau du Super Moscato Show sur RMC.<\/p>\n<p>\u00ab\u00a0On a travaill\u00e9 ensemble\u00a0\u00bb, a expliqu\u00e9 Michael Youn, en pr\u00e9cisant toutefois que ce n&rsquo;est pas vraiment cela qui lui a permis de le d\u00e9masqu\u00e9. \u00a0Il a indiqu\u00e9 l&rsquo;avoir reconnu gr\u00e2ce \u00e0 sa voix unique !<\/p>\n<p>\u00a0<\/p>\n","protected":false},"excerpt":{"rendered":"Par Bertrand Bielle | Journaliste Curieux de nature, Bertrand est toujours \u00e0 l\u2019affut du moindre petit scoop. Passionn\u00e9&hellip;\n","protected":false},"author":2,"featured_media":386769,"comment_status":"","ping_status":"","sticky":false,"template":"","format":"standard","meta":{"footnotes":""},"categories":[1359],"tags":[58,59,1011,27,973],"class_list":{"0":"post-386768","1":"post","2":"type-post","3":"status-publish","4":"format-standard","5":"has-post-thumbnail","7":"category-people","8":"tag-divertissement","9":"tag-entertainment","10":"tag-fr","11":"tag-france","12":"tag-people"},"share_on_mastodon":{"url":"https:\/\/pubeurope.com\/@fr\/115194629362271293","error":""},"_links":{"self":[{"href":"https:\/\/www.europesays.com\/fr\/wp-json\/wp\/v2\/posts\/386768","targetHints":{"allow":["GET"]}}],"collection":[{"href":"https:\/\/www.europesays.com\/fr\/wp-json\/wp\/v2\/posts"}],"about":[{"href":"https:\/\/www.europesays.com\/fr\/wp-json\/wp\/v2\/types\/post"}],"author":[{"embeddable":true,"href":"https:\/\/www.europesays.com\/fr\/wp-json\/wp\/v2\/users\/2"}],"replies":[{"embeddable":true,"href":"https:\/\/www.europesays.com\/fr\/wp-json\/wp\/v2\/comments?post=386768"}],"version-history":[{"count":0,"href":"https:\/\/www.europesays.com\/fr\/wp-json\/wp\/v2\/posts\/386768\/revisions"}],"wp:featuredmedia":[{"embeddable":true,"href":"https:\/\/www.europesays.com\/fr\/wp-json\/wp\/v2\/media\/386769"}],"wp:attachment":[{"href":"https:\/\/www.europesays.com\/fr\/wp-json\/wp\/v2\/media?parent=386768"}],"wp:term":[{"taxonomy":"category","embeddable":true,"href":"https:\/\/www.europesays.com\/fr\/wp-json\/wp\/v2\/categories?post=386768"},{"taxonomy":"post_tag","embeddable":true,"href":"https:\/\/www.europesays.com\/fr\/wp-json\/wp\/v2\/tags?post=386768"}],"curies":[{"name":"wp","href":"https:\/\/api.w.org\/{rel}","templated":true}]}}