{"id":386770,"date":"2025-09-13T02:28:21","date_gmt":"2025-09-13T02:28:21","guid":{"rendered":"https:\/\/www.europesays.com\/fr\/386770\/"},"modified":"2025-09-13T02:28:21","modified_gmt":"2025-09-13T02:28:21","slug":"christian-gardair-le-peintre-qui-regarde-en-filigrane-lestuaire-de-la-gironde","status":"publish","type":"post","link":"https:\/\/www.europesays.com\/fr\/386770\/","title":{"rendered":"Christian Gardair, le peintre qui regarde en filigrane l\u2019estuaire de la Gironde"},"content":{"rendered":"<p>\u00ab\u00a0Laisser le motif s\u2019emparer de soi et non le contraire\u00a0\u00bb\u00a0: tel est le credo de Christian Gardair. Pour C\u00e9zanne, ce fut la montagne Sainte-Victoire\u00a0; pour Alfred Manessier, la baie de Somme\u00a0; pour Olivier Debr\u00e9, la Loire. Chez ce natif de Brest (n\u00e9 en 1938), c\u2019est l\u2019estuaire de la Gironde, vaste \u00e9tendue mouvante n\u00e9e au bec d\u2019Amb\u00e8s et qui s\u2019\u00e9tire sur quelque 70\u00a0kilom\u00e8tres jusqu\u2019\u00e0 l\u2019Atlantique, \u00e0 hauteur de Royan.<\/p>\n<p>        <img decoding=\"async\" id=\"25826525\" src=\"https:\/\/www.europesays.com\/fr\/wp-content\/uploads\/2025\/09\/1757730501_104_20250906-104913.jpg\" alt=\"Le peintre Christian Gardair avec Fausto Mata au Centre d\u2019arts plastiques de Royan.\" itemprop=\"contentURL\"\/><\/p>\n<p>    Le peintre Christian Gardair avec Fausto Mata au Centre d\u2019arts plastiques de Royan.<\/p>\n<p>St\u00e9phane Durand<\/p>\n<p>Il n\u2019est donc gu\u00e8re surprenant que Fausto Mata, fra\u00eechement nomm\u00e9 \u00e0 la t\u00eate du Centre d\u2019arts plastiques (CAP) Royan, consacre sa premi\u00e8re exposition \u00e0 cet artiste qu\u2019il a accompagn\u00e9 trois d\u00e9cennies durant comme collaborateur d\u2019Anne-Marie Marquette \u00e0 la galerie Le Troisi\u00e8me \u0152il, \u00e0 Bordeaux. \u00c0 son sujet, il confie\u00a0: \u00ab\u00a0Son travail me touche infiniment, par sa lumi\u00e8re et sa dimension intellectuelle. C\u2019est un homme estuaire, un peintre estuaire.\u00a0\u00bb<\/p>\n<p>C\u2019est au bord de ce paysage fluvial que <a href=\"https:\/\/www.sudouest.fr\/charente-maritime\/royan\/le-peintre-de-l-estuaire-christian-gardair-expose-au-centre-d-arts-plastiques-de-royan-25825342.php\" target=\"_blank\" rel=\"follow nofollow noopener\">Christian Gardair<\/a> installe son atelier en 1967. Ce territoire, o\u00f9 tout se r\u00e9p\u00e8te tout en \u00e9voluant sans cesse, nourrit une \u0153uvre habit\u00e9e par les cycles des mar\u00e9es et des saisons, les reflets de l\u2019eau et les nuances atmosph\u00e9riques. Les formes s\u2019y d\u00e9ploient en se modulant subtilement, \u00e0 l\u2019image de la musique r\u00e9p\u00e9titive de Terry Riley, Philip Glass ou Steve Reich.<\/p>\n<p>80 \u0153uvres<\/p>\n<p>La r\u00e9trospective pr\u00e9sent\u00e9e \u00e0 Royan rassemble quelque quatre-vingt-dix \u0153uvres dat\u00e9es des ann\u00e9es 1970 \u00e0 aujourd\u2019hui, sous le titre \u00ab\u00a0Reflets d\u2019estuaire. Elle offre en contrepoint, \u00e0 l\u2019\u00e9tage, un ensemble de pi\u00e8ces de ses ma\u00eetres spirituels \u2013 Victoire-Elisabeth Calcagni, Roger Bissi\u00e8re, Henriette Lambert. Et met en lumi\u00e8re le fil estuarien qui traverse l\u2019ensemble du parcours d\u2019un peintre ouvert aussi \u00e0 d\u2019autres \u00e9vocations \u2013 Paris, la Seine, la tour Montparnasse, le pont des Arts \u2013 et dont les \u0153uvres figurent dans les collections du Centre national des arts plastiques, du mus\u00e9e Bonnat \u00e0 Bayonne, du centre culturel Van Gogh \u00e0 Saint-R\u00e9my-de-Provence, du mus\u00e9e des Beaux-Arts de Bordeaux ou encore du mus\u00e9e Hyacinthe-Rigaud de Perpignan, entre autres.<\/p>\n<p>Royan (17). Jusqu\u2019au 16\u00a0novembre. Centre d\u2019arts plastiques, Espace d\u2019art contemporain. Du mardi au dimanche, de 14\u00a0h\u00a030 \u00e0 18\u00a0h\u00a030 y compris jours f\u00e9ri\u00e9s. Gratuit. <a href=\"https:\/\/www.royanatlantique.fr\/agenda\/exposition-christian-gardair-reflets-destuaire-royan\/\" target=\"_blank\" rel=\"nofollow noopener\">www.cap-royan.com<\/a><\/p>\n","protected":false},"excerpt":{"rendered":"\u00ab\u00a0Laisser le motif s\u2019emparer de soi et non le contraire\u00a0\u00bb\u00a0: tel est le credo de Christian Gardair. Pour&hellip;\n","protected":false},"author":2,"featured_media":386771,"comment_status":"","ping_status":"","sticky":false,"template":"","format":"standard","meta":{"footnotes":""},"categories":[1358],"tags":[1348,1384,1385,1386,58,59,1011,27],"class_list":{"0":"post-386770","1":"post","2":"type-post","3":"status-publish","4":"format-standard","5":"has-post-thumbnail","7":"category-arts-et-design","8":"tag-arts","9":"tag-arts-and-design","10":"tag-arts-et-design","11":"tag-design","12":"tag-divertissement","13":"tag-entertainment","14":"tag-fr","15":"tag-france"},"share_on_mastodon":{"url":"https:\/\/pubeurope.com\/@fr\/115194632856439831","error":""},"_links":{"self":[{"href":"https:\/\/www.europesays.com\/fr\/wp-json\/wp\/v2\/posts\/386770","targetHints":{"allow":["GET"]}}],"collection":[{"href":"https:\/\/www.europesays.com\/fr\/wp-json\/wp\/v2\/posts"}],"about":[{"href":"https:\/\/www.europesays.com\/fr\/wp-json\/wp\/v2\/types\/post"}],"author":[{"embeddable":true,"href":"https:\/\/www.europesays.com\/fr\/wp-json\/wp\/v2\/users\/2"}],"replies":[{"embeddable":true,"href":"https:\/\/www.europesays.com\/fr\/wp-json\/wp\/v2\/comments?post=386770"}],"version-history":[{"count":0,"href":"https:\/\/www.europesays.com\/fr\/wp-json\/wp\/v2\/posts\/386770\/revisions"}],"wp:featuredmedia":[{"embeddable":true,"href":"https:\/\/www.europesays.com\/fr\/wp-json\/wp\/v2\/media\/386771"}],"wp:attachment":[{"href":"https:\/\/www.europesays.com\/fr\/wp-json\/wp\/v2\/media?parent=386770"}],"wp:term":[{"taxonomy":"category","embeddable":true,"href":"https:\/\/www.europesays.com\/fr\/wp-json\/wp\/v2\/categories?post=386770"},{"taxonomy":"post_tag","embeddable":true,"href":"https:\/\/www.europesays.com\/fr\/wp-json\/wp\/v2\/tags?post=386770"}],"curies":[{"name":"wp","href":"https:\/\/api.w.org\/{rel}","templated":true}]}}