{"id":386772,"date":"2025-09-13T02:29:09","date_gmt":"2025-09-13T02:29:09","guid":{"rendered":"https:\/\/www.europesays.com\/fr\/386772\/"},"modified":"2025-09-13T02:29:09","modified_gmt":"2025-09-13T02:29:09","slug":"lascension-le-nouveau-livre-de-lalpiniste-mathis-dumas-co-edite-par-michel-lafon-et-webedia-webedia-france","status":"publish","type":"post","link":"https:\/\/www.europesays.com\/fr\/386772\/","title":{"rendered":"\u201cL\u2019ASCENSION\u201d, LE NOUVEAU LIVRE DE L\u2019ALPINISTE MATHIS DUMAS CO-\u00c9DIT\u00c9 PAR MICHEL LAFON ET WEBEDIA \u2022 Webedia France"},"content":{"rendered":"<p>De la Dent du G\u00e9ant \u00e0 l\u2019Everest, en passant par le Cervin et l\u2019Ama Dablam, Mathis Dumas a initi\u00e9 Inoxtag, cr\u00e9ateur de contenu Webedia, aux lois de la montagne et l\u2019a entra\u00een\u00e9 dans des d\u00e9fis extr\u00eames \u00e0 travers des paysages \u00e0 couper le souffle.<\/p>\n<p>Il partage ici son parcours hors du commun et nous plonge dans son univers : lignes de cr\u00eates vertigineuses, lumi\u00e8res irr\u00e9elles au sommet du monde, d\u00e9cisions o\u00f9 chaque instant compte.<\/p>\n<p>Mais derri\u00e8re la beaut\u00e9 brute des sommets, il y a l\u2019exigence : l\u2019entra\u00eenement physique et mental, la pr\u00e9paration minutieuse, la gestion du risque et de la peur, l\u2019humilit\u00e9 face \u00e0 la nature.<\/p>\n<p>Un r\u00e9cit illustr\u00e9 et inspirant<\/p>\n<p>Richement illustr\u00e9 de photographies prises par Mathis lui-m\u00eame, \u201cL\u2019Ascension\u201d t\u00e9moigne de ce double regard d\u2019artiste et d\u2019alpiniste. Dans son ouvrage, Mathis Dumas s\u2019adresse aussi \u00e0 la jeune g\u00e9n\u00e9ration : comment se lancer dans une ascension, au sens propre, comme au sens figur\u00e9. Pour lui, la montagne est avant tout l\u2019\u00e9cole de la vie.<\/p>\n<p>Mathis Dumas, guide de haute montagne, photographe hors pair<\/p>\n<p>Guide de haute montagne, photographe et aventurier, Mathis Dumas incarne la nouvelle g\u00e9n\u00e9ration d\u2019explorateurs qui partage sur ses r\u00e9seaux ses exp\u00e9ditions extraordinaires.<\/p>\n<p>Un partenariat \u00e9ditorial solide<\/p>\n<p>Le partenariat entre ces deux \u00e9diteurs a permis depuis 2016 de publier des \u0153uvres litt\u00e9raires (BD, livres, mangas) de top talents &amp; cr\u00e9ateurs de contenu, parmi lesquelles \u00ab\u00a0Ki &amp; Hi\u00a0\u00bb de Kevin Tran, les livres \u00ab\u00a0Histoires de guerre\u00a0\u00bb de Mamytwink, \u201cR\u00e9ussir mon ann\u00e9e avec Shayvise\u201d, la BD \u00ab\u00a0Tim\u00e9o\u00a0\u00bb de Batzair, ou encore le manga \u201cInstinct\u201d d\u2019Inoxtag, Charles Compain et Basile Monnot.<\/p>\n","protected":false},"excerpt":{"rendered":"De la Dent du G\u00e9ant \u00e0 l\u2019Everest, en passant par le Cervin et l\u2019Ama Dablam, Mathis Dumas a&hellip;\n","protected":false},"author":2,"featured_media":386773,"comment_status":"","ping_status":"","sticky":false,"template":"","format":"standard","meta":{"footnotes":""},"categories":[1357],"tags":[1379,58,59,1011,27,1380],"class_list":{"0":"post-386772","1":"post","2":"type-post","3":"status-publish","4":"format-standard","5":"has-post-thumbnail","7":"category-livres","8":"tag-books","9":"tag-divertissement","10":"tag-entertainment","11":"tag-fr","12":"tag-france","13":"tag-livres"},"share_on_mastodon":{"url":"https:\/\/pubeurope.com\/@fr\/115194636844486880","error":""},"_links":{"self":[{"href":"https:\/\/www.europesays.com\/fr\/wp-json\/wp\/v2\/posts\/386772","targetHints":{"allow":["GET"]}}],"collection":[{"href":"https:\/\/www.europesays.com\/fr\/wp-json\/wp\/v2\/posts"}],"about":[{"href":"https:\/\/www.europesays.com\/fr\/wp-json\/wp\/v2\/types\/post"}],"author":[{"embeddable":true,"href":"https:\/\/www.europesays.com\/fr\/wp-json\/wp\/v2\/users\/2"}],"replies":[{"embeddable":true,"href":"https:\/\/www.europesays.com\/fr\/wp-json\/wp\/v2\/comments?post=386772"}],"version-history":[{"count":0,"href":"https:\/\/www.europesays.com\/fr\/wp-json\/wp\/v2\/posts\/386772\/revisions"}],"wp:featuredmedia":[{"embeddable":true,"href":"https:\/\/www.europesays.com\/fr\/wp-json\/wp\/v2\/media\/386773"}],"wp:attachment":[{"href":"https:\/\/www.europesays.com\/fr\/wp-json\/wp\/v2\/media?parent=386772"}],"wp:term":[{"taxonomy":"category","embeddable":true,"href":"https:\/\/www.europesays.com\/fr\/wp-json\/wp\/v2\/categories?post=386772"},{"taxonomy":"post_tag","embeddable":true,"href":"https:\/\/www.europesays.com\/fr\/wp-json\/wp\/v2\/tags?post=386772"}],"curies":[{"name":"wp","href":"https:\/\/api.w.org\/{rel}","templated":true}]}}