{"id":38678,"date":"2025-04-20T10:45:08","date_gmt":"2025-04-20T10:45:08","guid":{"rendered":"https:\/\/www.europesays.com\/fr\/38678\/"},"modified":"2025-04-20T10:45:08","modified_gmt":"2025-04-20T10:45:08","slug":"son-avenir-est-entre-vos-mains","status":"publish","type":"post","link":"https:\/\/www.europesays.com\/fr\/38678\/","title":{"rendered":"son avenir est entre vos mains"},"content":{"rendered":"<p itemprop=\"description\"><strong>Deux mois apr\u00e8s un avis favorable \u00e0 sa r\u00e9gularisation, K\u00e9l\u00e9 attend toujours.<\/strong><\/p>\n<p>Deux mois apr\u00e8s<a href=\"https:\/\/www.lyonmag.com\/article\/142205\/lyon-un-premier-pas-vers-la-regularisation-pour-kele-la-prefecture-doit-trancher\" target=\"_blank\" rel=\"nofollow noopener\"> l\u2019avis favorable<\/a> de la commission du titre de s\u00e9jour, les soutiens de K\u00e9l\u00e9 relancent la pr\u00e9fecture. Ce 18 avril, 23 collectifs, associations et syndicats ont envoy\u00e9 une lettre ouverte \u00e0 Fabienne Buccio, pr\u00e9f\u00e8te du Rh\u00f4ne et de la r\u00e9gion Auvergne-Rh\u00f4ne-Alpes.<\/p>\n<p>Dans ce courrier, les signataires appellent \u00e0 la d\u00e9livrance d\u2019une carte de s\u00e9jour \u00e0 titre exceptionnel pour Keletigui Sylla, dit K\u00e9l\u00e9, un jeune Guin\u00e9en de 25 ans, install\u00e9 \u00e0 Lyon depuis 11 ans.<\/p>\n<p>\u201cVous avez entre vos mains, au regard des pouvoirs de r\u00e9gularisation exceptionnels qui vous sont conf\u00e9r\u00e9s, l&rsquo;avenir d&rsquo;un jeune homme de 25 ans\u201d, \u00e9crivent-ils. Les soutiens de K\u00e9l\u00e9 rappellent son parcours d\u2019int\u00e9gration \u201cexemplaire\u201d, marqu\u00e9 notamment par \u201cun grave accident du travail durant sa scolarit\u00e9 dont il gardera des s\u00e9quelles toute sa vie\u201d.<\/p>\n<p>Ils \u00e9voquent \u00e9galement \u201cles amiti\u00e9s fortes qu&rsquo;il a construites\u201d, \u201cl&rsquo;appartenance \u00e0 sa famille d&rsquo;adoption\u201d, les liens tiss\u00e9s \u201cavec ses 4 parrains et marraines r\u00e9publicains \u00e0 la Mairie du 1er arrondissement\u201d, ou encore ses engagements \u201cdans le milieu artistique et associatif\u201d.<\/p>\n<p>La lettre rappelle que la Commission du titre de s\u00e9jour a rendu, le 6 f\u00e9vrier dernier, \u201cun avis favorable \u00e0 la d\u00e9livrance d&rsquo;une carte de s\u00e9jour \u2018admission exceptionnelle au s\u00e9jour\u2019\u201d.<\/p>\n<p>Mais l\u2019avis est consultatif et seule la pr\u00e9f\u00e8te peut statuer sur sa r\u00e9gularisation.<\/p>\n<p>\u201cC\u2019est bien vous Madame la Pr\u00e9f\u00e8te qui avez l\u2019avenir de ce jeune homme entre vos mains\u201d, concluent les signataires. K\u00e9l\u00e9, lui, reste dans l\u2019attente d\u2019une d\u00e9cision.<\/p>\n","protected":false},"excerpt":{"rendered":"Deux mois apr\u00e8s un avis favorable \u00e0 sa r\u00e9gularisation, K\u00e9l\u00e9 attend toujours. Deux mois apr\u00e8s l\u2019avis favorable de&hellip;\n","protected":false},"author":2,"featured_media":38679,"comment_status":"","ping_status":"","sticky":false,"template":"","format":"standard","meta":{"footnotes":""},"categories":[1889],"tags":[1111,11,2813,2190,2430,1109,251,1112,2811,1777,674,118,1011,27,1922,1110,1114,2428,2810,12,241,316,25,2812,517,800],"class_list":{"0":"post-38678","1":"post","2":"type-post","3":"status-publish","4":"format-standard","5":"has-post-thumbnail","7":"category-lyon","8":"tag-actu","9":"tag-actualites","10":"tag-article","11":"tag-asvel","12":"tag-auvergne-rhone-alpes","13":"tag-breves","14":"tag-culture","15":"tag-depeches","16":"tag-economique","17":"tag-eu","18":"tag-europe","19":"tag-faits-divers","20":"tag-fr","21":"tag-france","22":"tag-info","23":"tag-informations","24":"tag-infos","25":"tag-lyon","26":"tag-lyonmag","27":"tag-news","28":"tag-ol","29":"tag-politique","30":"tag-republique-francaise","31":"tag-sociale","32":"tag-sport","33":"tag-transports"},"share_on_mastodon":{"url":"https:\/\/pubeurope.com\/@fr\/114369889750945315","error":""},"_links":{"self":[{"href":"https:\/\/www.europesays.com\/fr\/wp-json\/wp\/v2\/posts\/38678","targetHints":{"allow":["GET"]}}],"collection":[{"href":"https:\/\/www.europesays.com\/fr\/wp-json\/wp\/v2\/posts"}],"about":[{"href":"https:\/\/www.europesays.com\/fr\/wp-json\/wp\/v2\/types\/post"}],"author":[{"embeddable":true,"href":"https:\/\/www.europesays.com\/fr\/wp-json\/wp\/v2\/users\/2"}],"replies":[{"embeddable":true,"href":"https:\/\/www.europesays.com\/fr\/wp-json\/wp\/v2\/comments?post=38678"}],"version-history":[{"count":0,"href":"https:\/\/www.europesays.com\/fr\/wp-json\/wp\/v2\/posts\/38678\/revisions"}],"wp:featuredmedia":[{"embeddable":true,"href":"https:\/\/www.europesays.com\/fr\/wp-json\/wp\/v2\/media\/38679"}],"wp:attachment":[{"href":"https:\/\/www.europesays.com\/fr\/wp-json\/wp\/v2\/media?parent=38678"}],"wp:term":[{"taxonomy":"category","embeddable":true,"href":"https:\/\/www.europesays.com\/fr\/wp-json\/wp\/v2\/categories?post=38678"},{"taxonomy":"post_tag","embeddable":true,"href":"https:\/\/www.europesays.com\/fr\/wp-json\/wp\/v2\/tags?post=38678"}],"curies":[{"name":"wp","href":"https:\/\/api.w.org\/{rel}","templated":true}]}}