{"id":386784,"date":"2025-09-13T02:35:13","date_gmt":"2025-09-13T02:35:13","guid":{"rendered":"https:\/\/www.europesays.com\/fr\/386784\/"},"modified":"2025-09-13T02:35:13","modified_gmt":"2025-09-13T02:35:13","slug":"leurovision-respectera-le-retrait-des-pays-qui-boycotteront-le-concours-en-cas-de-participation-disrael","status":"publish","type":"post","link":"https:\/\/www.europesays.com\/fr\/386784\/","title":{"rendered":"L&rsquo;Eurovision respectera le retrait des pays qui boycotteront le concours en cas de participation d&rsquo;Isra\u00ebl"},"content":{"rendered":"<p>Chaque membre de l&rsquo;Eurovision peut librement choisir d&rsquo;y concourir ou pas et leur d\u00e9cision sera respect\u00e9e, a assur\u00e9 son directeur, apr\u00e8s des menaces de boycott en cas de participation d&rsquo;Isra\u00ebl.<\/p>\n<p>Trois pays ont d\u00e9j\u00e0 annonc\u00e9 leur possible retrait si Isra\u00ebl se maintenait \u00e0 l&rsquo;Eurovision. D&rsquo;apr\u00e8s la direction du concours, chaque membre peut librement choisir d&rsquo;y concourir ou pas et leur d\u00e9cision sera respect\u00e9e, apr\u00e8s ces menaces de boycott \u00e0 la prochaine \u00e9dition du t\u00e9l\u00e9-crochet le plus suivi au monde.<\/p>\n<p>La radio-t\u00e9l\u00e9vision n\u00e9erlandaise Avrotros a annonc\u00e9 vendredi vouloir<a href=\"https:\/\/www.bfmtv.com\/people\/musique\/les-pays-bas-boycotteront-l-eurovision-2026-si-israel-participe_AD-202509120528.html\" title=\"Les Pays-Bas boycotteront l&#039;Eurovision 2026 si Isra\u00ebl participe\" class=\"internal_link\" rel=\"nofollow noopener\" target=\"_blank\"> boycotter le concours de chansons en raison de la guerre \u00e0 Gaza<\/a>, s&rsquo;ajoutant \u00e0 une liste de pays qui menacent de se retirer de la comp\u00e9tition l&rsquo;an prochain, pr\u00e9vue \u00e0 Vienne en Autriche, pays victorieux cette ann\u00e9e.<\/p>\n<p>Jeudi, <a href=\"https:\/\/www.bfmtv.com\/people\/musique\/des-pertes-humaines-effroyables-et-persistantes-a-gaza-l-irlande-menace-de-se-retirer-de-l-eurovision-2026-si-israel-participe_AD-202509110620.html\" title=\"&quot;Des pertes humaines effroyables et persistantes \u00e0 Gaza&quot;, L&#039;Irlande menace de se retirer de l&#039;Eurovision 2026 si Isra\u00ebl participe\" class=\"internal_link\" rel=\"nofollow noopener\" target=\"_blank\">l&rsquo;Irlande<\/a>, sept fois vainqueur \u00e0 l&rsquo;Eurovision, a fait part de son intention de ne pas concourir au c\u00f4t\u00e9 d&rsquo;Isra\u00ebl. En mai, <a href=\"https:\/\/www.bfmtv.com\/people\/musique\/eurovision-2026-l-espagne-demande-l-exclusion-d-israel-et-envisage-de-se-retirer-du-concours_AN-202509100485.html\" title=\"Eurovision 2026: l&#039;Espagne demande l&#039;exclusion d&#039;Isra\u00ebl et envisage de se retirer du concours\" class=\"internal_link\" rel=\"nofollow noopener\" target=\"_blank\">le Premier ministre espagnol Pedro Sanchez<\/a> avait d\u00e9j\u00e0 estim\u00e9 qu&rsquo;Isra\u00ebl devait \u00eatre exclu de la comp\u00e9tition \u00e0 l&rsquo;avenir.<\/p>\n<blockquote class=\"embed embed_quote\"><p>\u00ab\u00a0Nous comprenons les inqui\u00e9tudes et les opinions (&#8230;) concernant le conflit en cours au Moyen-Orient\u00a0\u00bb, a indiqu\u00e9 \u00e0 l&rsquo;AFP le directeur du concours, Martin Green.<\/p><\/blockquote>\n<p>\u00ab\u00a0Les diffuseurs ont jusqu&rsquo;\u00e0 mi-d\u00e9cembre pour confirmer leur participation \u00e0 l&rsquo;\u00e9dition de l&rsquo;ann\u00e9e prochaine \u00e0 Vienne. Il appartient \u00e0 chaque membre de d\u00e9cider s&rsquo;il souhaite participer au concours et nous respecterons toute d\u00e9cision des diffuseurs\u00a0\u00bb, a-t-il ajout\u00e9.<\/p>\n<p>Le concours est organis\u00e9 par l&rsquo;Union europ\u00e9enne de radio-t\u00e9l\u00e9vision (UER), la premi\u00e8re alliance mondiale de m\u00e9dias de service public, fond\u00e9e en 1950, en coop\u00e9ration avec ses membres dans plus de 35 pays.<\/p>\n<p>Un \u00ab\u00a0dialogue\u00a0\u00bb interne<\/p>\n<p>Lors de la derni\u00e8re assembl\u00e9e g\u00e9n\u00e9rale l&rsquo;UER en juillet \u00e0 Londres, ses membres ont \u00ab\u00a0discut\u00e9 des \u00ab\u00a0pressions\u00a0\u00bb li\u00e9es \u00e0 la politique et aux conflits dans le monde, y compris \u00e0 Gaza, et d\u00e9cid\u00e9 de lancer un \u00ab\u00a0dialogue\u00a0\u00bb interne \u00e0 ce sujet.<\/p>\n<p>Des recommandations sont attendues d&rsquo;ici la fin de l&rsquo;ann\u00e9e.<\/p>\n<p>\u00ab\u00a0Nous continuons de consulter tous les membres de l&rsquo;UER afin de recueillir leurs avis sur la mani\u00e8re de g\u00e9rer la participation et les tensions g\u00e9opolitiques\u00a0\u00bb, a confirm\u00e9 vendredi M. Green.<\/p>\n<p>Des pays ont d\u00e9j\u00e0 \u00e9t\u00e9 exclus de l&rsquo;Eurovision, \u00e0 l&rsquo;instar du Belarus en 2021 apr\u00e8s la r\u00e9\u00e9lection contest\u00e9e du pr\u00e9sident Alexandre Loukachenko. La Russie l&rsquo;a \u00e9t\u00e9 un an plus tard, apr\u00e8s avoir envahi l&rsquo;Ukraine.<\/p>\n<p>\u00ab\u00a0S\u00e9rieuses violations de la libert\u00e9 de la presse\u00a0\u00bb<\/p>\n<p>L&rsquo;association de l&rsquo;audiovisuel public n\u00e9erlandaise Avrotros a elle affirm\u00e9 vendredi que sa \u00ab\u00a0participation \u00e0 l&rsquo;Eurovision 2026 ne sera pas possible aussi longtemps qu&rsquo;Isra\u00ebl restera au sein de l&rsquo;UER (l&rsquo;Union europ\u00e9enne de radio-t\u00e9l\u00e9vision)\u00a0\u00bb.<\/p>\n<p>Au contraire, \u00ab\u00a0si l&rsquo;UER d\u00e9cide de ne pas admettre Isra\u00ebl, Avrotros sera heureux de participer l&rsquo;an prochain\u00a0\u00bb, a ajout\u00e9 le communiqu\u00e9 de l&rsquo;audiovisuel public n\u00e9erlandais.<\/p>\n<p>Avrotros a justifi\u00e9 sa d\u00e9cision par les \u00ab\u00a0s\u00e9rieuses violations de la libert\u00e9 de la presse\u00a0\u00bb commises par les Isra\u00e9liens \u00e0 Gaza, selon son communiqu\u00e9. Elle accuse aussi Isra\u00ebl d&rsquo;avoir commis \u00ab\u00a0des interf\u00e9rences prouv\u00e9es lors de la derni\u00e8re \u00e9dition, se livrant \u00e0 une instrumentalisation politique de l&rsquo;\u00e9v\u00e9nement\u00a0\u00bb.<\/p>\n<p>La chanteuse isra\u00e9lienne et survivante de l&rsquo;attaque du 7 octobre, Yuval Raphael, qui interpr\u00e9tait \u00ab\u00a0New Day Will Rise\u00a0\u00bb (Un jour nouveau se l\u00e8vera) est arriv\u00e9e seconde au concours cette ann\u00e9e en Suisse, port\u00e9e par le vote du public.<\/p>\n","protected":false},"excerpt":{"rendered":"Chaque membre de l&rsquo;Eurovision peut librement choisir d&rsquo;y concourir ou pas et leur d\u00e9cision sera respect\u00e9e, a assur\u00e9&hellip;\n","protected":false},"author":2,"featured_media":103639,"comment_status":"","ping_status":"","sticky":false,"template":"","format":"standard","meta":{"footnotes":""},"categories":[8],"tags":[58,59,1011,27],"class_list":{"0":"post-386784","1":"post","2":"type-post","3":"status-publish","4":"format-standard","5":"has-post-thumbnail","7":"category-divertissement","8":"tag-divertissement","9":"tag-entertainment","10":"tag-fr","11":"tag-france"},"share_on_mastodon":{"url":"https:\/\/pubeurope.com\/@fr\/115194660489226565","error":""},"_links":{"self":[{"href":"https:\/\/www.europesays.com\/fr\/wp-json\/wp\/v2\/posts\/386784","targetHints":{"allow":["GET"]}}],"collection":[{"href":"https:\/\/www.europesays.com\/fr\/wp-json\/wp\/v2\/posts"}],"about":[{"href":"https:\/\/www.europesays.com\/fr\/wp-json\/wp\/v2\/types\/post"}],"author":[{"embeddable":true,"href":"https:\/\/www.europesays.com\/fr\/wp-json\/wp\/v2\/users\/2"}],"replies":[{"embeddable":true,"href":"https:\/\/www.europesays.com\/fr\/wp-json\/wp\/v2\/comments?post=386784"}],"version-history":[{"count":0,"href":"https:\/\/www.europesays.com\/fr\/wp-json\/wp\/v2\/posts\/386784\/revisions"}],"wp:featuredmedia":[{"embeddable":true,"href":"https:\/\/www.europesays.com\/fr\/wp-json\/wp\/v2\/media\/103639"}],"wp:attachment":[{"href":"https:\/\/www.europesays.com\/fr\/wp-json\/wp\/v2\/media?parent=386784"}],"wp:term":[{"taxonomy":"category","embeddable":true,"href":"https:\/\/www.europesays.com\/fr\/wp-json\/wp\/v2\/categories?post=386784"},{"taxonomy":"post_tag","embeddable":true,"href":"https:\/\/www.europesays.com\/fr\/wp-json\/wp\/v2\/tags?post=386784"}],"curies":[{"name":"wp","href":"https:\/\/api.w.org\/{rel}","templated":true}]}}