{"id":386787,"date":"2025-09-13T02:37:21","date_gmt":"2025-09-13T02:37:21","guid":{"rendered":"https:\/\/www.europesays.com\/fr\/386787\/"},"modified":"2025-09-13T02:37:21","modified_gmt":"2025-09-13T02:37:21","slug":"dans-les-deux-sevres-elle-perd-le-controle-de-sa-voiture-et-fonce-dans-une-ecole-primaire","status":"publish","type":"post","link":"https:\/\/www.europesays.com\/fr\/386787\/","title":{"rendered":"dans les Deux-S\u00e8vres, elle perd le contr\u00f4le de sa voiture et fonce dans une \u00e9cole primaire"},"content":{"rendered":"<p>De l\u2019aveu m\u00eame des gendarmes, \u00ab\u00a0on n\u2019est pas pass\u00e9 loin d\u2019un drame\u00a0\u00bb. Le pire a en effet \u00e9t\u00e9 \u00e9vit\u00e9 ce vendredi 12\u00a0septembre 2025, peu avant 15\u00a0h \u00e0 <a title=\"Lien vers les actualit\u00e9s de Celles-sur-Belle\" target=\"_self\" href=\"https:\/\/www.lanouvellerepublique.fr\/deux-sevres\/commune\/celles-sur-belle\" rel=\"noopener\">Celles-sur-Belle<\/a>, dans les Deux-S\u00e8vres. Une femme de 74\u00a0ans, qui circulait dans le centre-ville de la commune au volant de sa Citro\u00ebn C2, a perdu le contr\u00f4le de sa voiture pour des raisons inconnues.<\/p>\n<p>La septuag\u00e9naire a alors compl\u00e8tement paniqu\u00e9, et a laiss\u00e9 son pied sur la p\u00e9dale d\u2019acc\u00e9l\u00e9ration. \u00c0 pleine vitesse, la citadine a alors d\u00e9fonc\u00e9 le portail de l\u2019\u00e9cole primaire, avant de finir sa course folle contre un arbre, situ\u00e9 dans la cour de r\u00e9cr\u00e9ation. \u00c0 quelques dizaines de m\u00e8tres de l\u00e0, dix-neuf \u00e9l\u00e8ves de CM1-CM2 \u00e9taient en train de faire du sport.<\/p>\n<p><img alt=\"La voiture a fonc\u00e9 sur plusieurs m\u00e8tres aux abords de l\u2019\u00e9cole, avant de percuter un arbre.\" loading=\"lazy\" width=\"980\" height=\"573\" decoding=\"async\" data-nimg=\"1\" class=\"img-responsive spinner-show\" style=\"color:transparent;background-size:cover;background-position:50% 50%;background-repeat:no-repeat;background-image:url(&quot;data:image\/svg+xml;charset=utf-8,%3Csvg xmlns='http:\/\/www.w3.org\/2000\/svg' viewBox='0 0 980 573'%3E%3Cfilter id='b' color-interpolation-filters='sRGB'%3E%3CfeGaussianBlur stdDeviation='20'\/%3E%3CfeColorMatrix values='1 0 0 0 0 0 1 0 0 0 0 0 1 0 0 0 0 0 100 -1' result='s'\/%3E%3CfeFlood x='0' y='0' width='100%25' height='100%25'\/%3E%3CfeComposite operator='out' in='s'\/%3E%3CfeComposite in2='SourceGraphic'\/%3E%3CfeGaussianBlur stdDeviation='20'\/%3E%3C\/filter%3E%3Cimage width='100%25' height='100%25' x='0' y='0' preserveAspectRatio='none' style='filter: url(%23b);' href='https:\/\/images.lanouvellerepublique.fr\/image\/upload\/t_88w\/f_auto\/68c448c203d9b3454b8b45a5.jpg'\/%3E%3C\/svg%3E&quot;)\"   src=\"https:\/\/www.europesays.com\/fr\/wp-content\/uploads\/2025\/09\/68c448c203d9b3454b8b45a5.jpg\"\/><\/p>\n<p style=\"background-color:#F2F2F2;padding:5px;margin-top:0px;margin-bottom:10px\">La voiture a fonc\u00e9 sur plusieurs m\u00e8tres aux abords de l\u2019\u00e9cole, avant de percuter un arbre.<br \/> \u00a9 (Photo gendarmerie des Deux-S\u00e8vres)<\/p>\n<p>L\u2019accident n\u2019a fait aucun bless\u00e9<\/p>\n<p>Plus de peur que de mal puisque personne, ni la conductrice ni les \u00e9l\u00e8ves, n\u2019a \u00e9t\u00e9 bless\u00e9 dans l\u2019accident. \u00ab\u00a0Les \u00e9l\u00e8ves ont aussit\u00f4t \u00e9t\u00e9 mis en s\u00e9curit\u00e9 et le directeur de l\u2019\u00e9tablissement a alert\u00e9 les parents via l\u2019application Educartable, pr\u00e9cise Rodolophe Malochet, commandant de la compagnie de gendarmerie de Niort. L\u2019inspection acad\u00e9mique, le maire et la pr\u00e9fecture ont \u00e9galement \u00e9t\u00e9 pr\u00e9venus.\u00a0\u00bb<\/p>\n<p>La voiture a rapidement \u00e9t\u00e9 retir\u00e9e, tandis que les services techniques de la municipalit\u00e9 proc\u00e9daient \u00e0 la r\u00e9paration du portail de l\u2019\u00e9cole.<\/p>\n","protected":false},"excerpt":{"rendered":"De l\u2019aveu m\u00eame des gendarmes, \u00ab\u00a0on n\u2019est pas pass\u00e9 loin d\u2019un drame\u00a0\u00bb. Le pire a en effet \u00e9t\u00e9&hellip;\n","protected":false},"author":2,"featured_media":386788,"comment_status":"","ping_status":"","sticky":false,"template":"","format":"standard","meta":{"footnotes":""},"categories":[6],"tags":[1392,35,19724,2545,33,34,274,1011,27],"class_list":{"0":"post-386787","1":"post","2":"type-post","3":"status-publish","4":"format-standard","5":"has-post-thumbnail","7":"category-economie","8":"tag-a-la-une-local","9":"tag-business","10":"tag-celles-sur-belle","11":"tag-deux-sevres","12":"tag-economie","13":"tag-economy","14":"tag-faits-divers-justice","15":"tag-fr","16":"tag-france"},"share_on_mastodon":{"url":"https:\/\/pubeurope.com\/@fr\/115194668289487348","error":""},"_links":{"self":[{"href":"https:\/\/www.europesays.com\/fr\/wp-json\/wp\/v2\/posts\/386787","targetHints":{"allow":["GET"]}}],"collection":[{"href":"https:\/\/www.europesays.com\/fr\/wp-json\/wp\/v2\/posts"}],"about":[{"href":"https:\/\/www.europesays.com\/fr\/wp-json\/wp\/v2\/types\/post"}],"author":[{"embeddable":true,"href":"https:\/\/www.europesays.com\/fr\/wp-json\/wp\/v2\/users\/2"}],"replies":[{"embeddable":true,"href":"https:\/\/www.europesays.com\/fr\/wp-json\/wp\/v2\/comments?post=386787"}],"version-history":[{"count":0,"href":"https:\/\/www.europesays.com\/fr\/wp-json\/wp\/v2\/posts\/386787\/revisions"}],"wp:featuredmedia":[{"embeddable":true,"href":"https:\/\/www.europesays.com\/fr\/wp-json\/wp\/v2\/media\/386788"}],"wp:attachment":[{"href":"https:\/\/www.europesays.com\/fr\/wp-json\/wp\/v2\/media?parent=386787"}],"wp:term":[{"taxonomy":"category","embeddable":true,"href":"https:\/\/www.europesays.com\/fr\/wp-json\/wp\/v2\/categories?post=386787"},{"taxonomy":"post_tag","embeddable":true,"href":"https:\/\/www.europesays.com\/fr\/wp-json\/wp\/v2\/tags?post=386787"}],"curies":[{"name":"wp","href":"https:\/\/api.w.org\/{rel}","templated":true}]}}