{"id":386791,"date":"2025-09-13T02:39:16","date_gmt":"2025-09-13T02:39:16","guid":{"rendered":"https:\/\/www.europesays.com\/fr\/386791\/"},"modified":"2025-09-13T02:39:16","modified_gmt":"2025-09-13T02:39:16","slug":"on-prend-les-ronds-points-en-ille-et-vilaine-de-nouvelles-actions-du-mouvement-bloquons-tout-ce-samedi","status":"publish","type":"post","link":"https:\/\/www.europesays.com\/fr\/386791\/","title":{"rendered":"\u00ab\u00a0On prend les ronds-points\u00a0\u00bb\u00a0: en Ille-et-Vilaine, de nouvelles actions du mouvement Bloquons Tout ce samedi"},"content":{"rendered":"<p>\u00ab Ce n\u2019est qu\u2019un d\u00e9but \u00bb. Sur les r\u00e9seaux sociaux, le message a \u00e9t\u00e9 martel\u00e9 en boucle sur les comptes affili\u00e9s au mouvement \u00ab Bloquons Tout \u00bb en Ille-et-Vilaine. Apr\u00e8s <a href=\"https:\/\/www.letelegramme.fr\/ille-et-vilaine\/rennes-35000\/direct-10-septembre-suivez-les-blocages-a-rennes-et-en-ille-et-vilaine-6885744.php\" target=\"_blank\" rel=\"noopener\">un premier rendez-vous<\/a>, mercredi 10 septembre, qui a \u00ab largement \u00bb d\u00e9pass\u00e9 les attentes des participants, la mobilisation pourrait bien s\u2019inscrire dans la dur\u00e9e.<\/p>\n<p>R\u00e9unies en assembl\u00e9e g\u00e9n\u00e9rale mercredi soir, dans le quartier de Cleunay, \u00e0 Rennes, plusieurs centaines de personnes ont vot\u00e9 la poursuite du mouvement en d\u00e9cr\u00e9tant une nouvelle journ\u00e9e d\u2019action ce samedi en amont du grand raout syndical du 18 septembre.<\/p>\n<p>Des centres commerciaux vis\u00e9s<\/p>\n<p>Sur les groupes de discussions d\u00e9di\u00e9s \u00e0 la mobilisation des applications de messageries crypt\u00e9es, plusieurs appels \u00e0 \u00ab prendre des ronds-points \u00bb sont relay\u00e9s ces derni\u00e8res heures. Les manifestants se sont donn\u00e9 trois points de rendez-vous ce samedi 13 septembre \u00e0 11 h : au rond-point de Cleunay, au rond-point d\u2019Alma et au rond-point du McDonald\u2019s du centre commercial Grand-Quartier, \u00e0 Saint-Gr\u00e9goire.<\/p>\n<p>En fonction de l\u2019ampleur de la mobilisation sur chaque point, des blocages ou barrages filtrants seront mis en place afin de perturber la circulation et impacter l\u2019\u00e9conomie des grandes enseignes commerciales situ\u00e9es \u00e0 proximit\u00e9. En toute fin de journ\u00e9e, une nouvelle assembl\u00e9e g\u00e9n\u00e9rale est pr\u00e9vue au B\u00e2timent \u00e0 Modeler, \u00e0 Cleunay, afin de dresser un premier bilan et \u00e9voquer les perspectives \u00e0 venir.<\/p>\n<p>Des blocages \u00e0 Redon, Guichen et Pac\u00e9<\/p>\n<p>En dehors de Rennes, plusieurs actions sont \u00e9galement pr\u00e9vues ce samedi. \u00c0 Redon, Pac\u00e9, ou encore Guichen, des manifestants pr\u00e9voient d\u2019effectuer des barrages filtrants sur des ronds-points \u00e0 l\u2019aube. Du c\u00f4t\u00e9 de Ch\u00e2teaugiron, un village des indign\u00e9s est m\u00eame sorti de terre au bord de la RD463 sous l\u2018impulsion de plusieurs militants locaux. Des assembl\u00e9es g\u00e9n\u00e9rales et des d\u00e9bats y sont organis\u00e9s tous les jours.<\/p>\n<blockquote><p>On sent qu\u2019il se passe quelque chose<\/p><\/blockquote>\n<p>\u00ab C\u2019est un mouvement qui est encore naissant \u00bb, analyse Arnaud Bordier, proche du mouvement et secr\u00e9taire d\u00e9partemental du syndicat Sud PTT. \u00ab C\u2019est int\u00e9ressant de se rassembler chaque samedi sur les ronds-points \u00e0 la fa\u00e7on des Gilets Jaunes. \u00c7a peut vite devenir une habitude. L\u2019int\u00e9r\u00eat de cibler ces lieux, c\u2019est aussi de pouvoir discuter avec les automobilistes qui seront nombreux\u2026 et essayer de les convaincre de rejoindre le mouvement. Surtout que le ras-le-bol est largement partag\u00e9 par la population. Le gouvernement doit comprendre que, s\u2019il faut prendre de l\u2019argent, ce n\u2019est pas chez les travailleurs. \u00c7a ne passera plus. Il y a de plus en plus de salari\u00e9s, qui ne sont pas habitu\u00e9s \u00e0 faire gr\u00e8ve, qui nous contactent ces derniers jours. On sent qu\u2019il se passe quelque chose \u00bb.<\/p>\n<p>Lors du premier acte de \u00ab Bloquons Tout \u00bb, mercredi 10 septembre, plusieurs centaines de manifestants avaient r\u00e9ussi \u00e0 paralyser la rocade sud de la capitale bretonne pendant pr\u00e8s de quatre heures. Un peu plus tard, une grande manifestation avait r\u00e9uni plus de 10 000 personnes dans le centre-ville autour de la place de la R\u00e9publique. Un coup de force pour un mouvement n\u00e9 sur Internet et hors du cadre des syndicats et des partis politiques.<\/p>\n","protected":false},"excerpt":{"rendered":"\u00ab Ce n\u2019est qu\u2019un d\u00e9but \u00bb. Sur les r\u00e9seaux sociaux, le message a \u00e9t\u00e9 martel\u00e9 en boucle sur&hellip;\n","protected":false},"author":2,"featured_media":386792,"comment_status":"","ping_status":"","sticky":false,"template":"","format":"standard","meta":{"footnotes":""},"categories":[4],"tags":[11,829,765,1011,27,848,50747,12,50972,584,25],"class_list":{"0":"post-386791","1":"post","2":"type-post","3":"status-publish","4":"format-standard","5":"has-post-thumbnail","7":"category-france","8":"tag-actualites","9":"tag-bretagne","10":"tag-en-continu","11":"tag-fr","12":"tag-france","13":"tag-ille-et-vilaine","14":"tag-mobilisation-du-10-septembre-2025","15":"tag-news","16":"tag-newsletter-la-rennes-quotidienne","17":"tag-rennes","18":"tag-republique-francaise"},"share_on_mastodon":{"url":"https:\/\/pubeurope.com\/@fr\/115194676132200119","error":""},"_links":{"self":[{"href":"https:\/\/www.europesays.com\/fr\/wp-json\/wp\/v2\/posts\/386791","targetHints":{"allow":["GET"]}}],"collection":[{"href":"https:\/\/www.europesays.com\/fr\/wp-json\/wp\/v2\/posts"}],"about":[{"href":"https:\/\/www.europesays.com\/fr\/wp-json\/wp\/v2\/types\/post"}],"author":[{"embeddable":true,"href":"https:\/\/www.europesays.com\/fr\/wp-json\/wp\/v2\/users\/2"}],"replies":[{"embeddable":true,"href":"https:\/\/www.europesays.com\/fr\/wp-json\/wp\/v2\/comments?post=386791"}],"version-history":[{"count":0,"href":"https:\/\/www.europesays.com\/fr\/wp-json\/wp\/v2\/posts\/386791\/revisions"}],"wp:featuredmedia":[{"embeddable":true,"href":"https:\/\/www.europesays.com\/fr\/wp-json\/wp\/v2\/media\/386792"}],"wp:attachment":[{"href":"https:\/\/www.europesays.com\/fr\/wp-json\/wp\/v2\/media?parent=386791"}],"wp:term":[{"taxonomy":"category","embeddable":true,"href":"https:\/\/www.europesays.com\/fr\/wp-json\/wp\/v2\/categories?post=386791"},{"taxonomy":"post_tag","embeddable":true,"href":"https:\/\/www.europesays.com\/fr\/wp-json\/wp\/v2\/tags?post=386791"}],"curies":[{"name":"wp","href":"https:\/\/api.w.org\/{rel}","templated":true}]}}