{"id":386795,"date":"2025-09-13T02:41:44","date_gmt":"2025-09-13T02:41:44","guid":{"rendered":"https:\/\/www.europesays.com\/fr\/386795\/"},"modified":"2025-09-13T02:41:44","modified_gmt":"2025-09-13T02:41:44","slug":"manifestations-blocages-a-quoi-sattendre-pour-la-suite","status":"publish","type":"post","link":"https:\/\/www.europesays.com\/fr\/386795\/","title":{"rendered":"manifestations, blocages&#8230; \u00e0 quoi s&rsquo;attendre pour la suite\u00a0?"},"content":{"rendered":"<p>            Par<br \/>\n        <strong><br \/>\n            <a href=\"https:\/\/actu.fr\/auteur\/julien-sournies\" title=\"Consulter tous les articles de Julien Sournies\" target=\"_blank\" rel=\"noopener\">Julien Sournies<\/a><br \/>\n        <\/strong><\/p>\n<p>        Publi\u00e9 le<\/p>\n<p>            11 sept. 2025 \u00e0 15h31        <\/p>\n<p>\u00c0 quoi faut-il s\u2019attendre pour la suite\u2009? Alors que le mouvement <a href=\"https:\/\/actu.fr\/auvergne-rhone-alpes\/saint-etienne_42218\/bloquons-tout-a-saint-etienne-plus-de-5-000-personnes-dans-la-rue-des-perturbations-en-cours_63144716.html\" target=\"_blank\" rel=\"noopener\">\u00ab\u2009Bloquons tout\u2009\u00bb a r\u00e9uni pr\u00e8s de 5\u2009000\u00a0personnes<\/a> tout au long de la journ\u00e9e \u00e0 <a href=\"https:\/\/actu.fr\/saint-etienne\/\" target=\"_blank\" rel=\"noopener\">Saint-\u00c9tienne<\/a> ce mercredi 10\u00a0septembre, d\u2019autres rassemblements sont d\u2019ores et d\u00e9j\u00e0 pr\u00e9vus\u00a0dans la capitale de la Loire au cours des prochains jours. On fait le point.<\/p>\n<p class=\" wall-content\">Lors de l\u2019ultime point de rendez-vous mercredi apr\u00e8s-midi, le cort\u00e8ge a boucl\u00e9 sa marche sur le parvis de la gare de Saint-\u00c9tienne-Chateaucreux pour prendre part \u00e0 une assembl\u00e9e g\u00e9n\u00e9rale visant \u00e0 d\u00e9cider de la suite des \u00e9v\u00e9nements.<\/p>\n<p>Un \u00ab\u2009gros rendez-vous\u2009\u00bb devant la mairie ce jeudi<\/p>\n<p class=\" wall-content\">Au cours de cette agora populaire, les militants ont d\u00e9cid\u00e9 d\u2019organiser un nouveau rassemblement sur le parvis de l\u2019h\u00f4tel de ville d\u00e8s ce jeudi 11\u00a0septembre sur les coups de 18\u00a0heures. Pour l\u2019heure, les actions pr\u00e9vues par les manifestants restent encore floues, mais il s\u2019agira d\u2019un \u00ab\u2009gros rendez-vous\u2009\u00bb, pr\u00e9vient l\u2019un des organisateurs dans les fils de discussion.<\/p>\n<p class=\" wall-content\">Car, pour rappel, d\u2019autres actions moins \u00ab\u2009massives\u2009\u00bb ont \u00e9t\u00e9 men\u00e9es t\u00f4t ce jeudi matin, avec notamment la <a href=\"https:\/\/actu.fr\/auvergne-rhone-alpes\/saint-etienne_42218\/saint-etienne-panique-a-la-radio-ici-loire-des-manifestants-debarquent-en-force_63146704.html\" target=\"_blank\" rel=\"noopener\">tentative d\u2019intrusion des locaux d\u2019Ici Loire<\/a> par une vingtaine d\u2019individus ou encore le rassemblement d\u2019une petite dizaine de personnes sur le rond-point de Monthieu, lesquelles ont rapidement \u00e9t\u00e9 invit\u00e9es \u00e0 quitter les lieux sur ordre de la police.<\/p>\n<p class=\" wall-content\">Selon nos confr\u00e8res du <a href=\"https:\/\/www.leprogres.fr\/social\/2025\/09\/11\/mobilisation-du-10-septembre-quelques-actions-encore-aujourd-hui-dans-la-loire\" target=\"_blank\" rel=\"noopener\">Progr\u00e8s<\/a>, une tentative d\u2019intrusion par une dizaine de personnes dans <strong>l\u2019\u00e9cole maternelle priv\u00e9e Saint-Paul<\/strong> aurait par ailleurs eu lieu ce jeudi matin.<\/p>\n<p>Une nouvelle gr\u00e8ve le 18\u00a0septembre<\/p>\n<p class=\" wall-content\">Si, pour l\u2019heure, aucune action concr\u00e8te n\u2019a encore \u00e9t\u00e9 \u00e9tablie d\u2019ici \u00e0 la fin de la semaine, une nouvelle journ\u00e9e de mobilisation est, en tout cas, pr\u00e9vue la semaine prochaine, \u00e0 en croire les syndicats.<\/p>\n<p class=\" wall-content\">L\u2019intersyndicale de la Loire a en effet appel\u00e9 \u00e0 une nouvelle gr\u00e8ve le <strong>jeudi 18\u00a0septembre<\/strong> pour \u00ab\u00a0obtenir l\u2019enterrement du projet de budget Bayrou\u00a0\u00bb et \u00ab\u00a0gagner la r\u00e9ponse aux exigences sociales\u00a0\u00bb.<\/p>\n<p>Votre r\u00e9gion, votre actu !<\/p>\n<p>Recevez chaque jour les infos qui comptent pour vous.<\/p>\n<p>\t<a href=\"https:\/\/actu.fr\/newsletter\" class=\"ac-btn ac-btn--corner ac-btn--medium ac-btn--blue800\" target=\"_blank\" rel=\"noopener\">S&rsquo;incrire<\/a><\/p>\n<p class=\" wall-content\">Reste donc \u00e0 voir quelles seront les prochaines actions pr\u00e9vues, \u00e0 l\u2019issue de la mobilisation de ce jeudi soir sur le parvis de la mairie st\u00e9phanoise.<\/p>\n<p class=\" wall-content\">Personnalisez votre actualit\u00e9 en ajoutant vos villes et m\u00e9dias en favori avec <a href=\"https:\/\/moncompte.actu.fr\" title=\"D\u00e9couvez Mon Actu\" rel=\"nofollow noopener\" data-trk=\"{&quot;cta&quot;:{&quot;action&quot;:&quot;https:\\\/\\\/moncompte.actu.fr&quot;,&quot;category&quot;:&quot;mon compte&quot;,&quot;from&quot;:&quot;article footer&quot;,&quot;name&quot;:&quot;Mon actu&quot;,&quot;type&quot;:&quot;cta&quot;}}\" target=\"_blank\">Mon Actu<\/a>.<\/p>\n","protected":false},"excerpt":{"rendered":"Par Julien Sournies Publi\u00e9 le 11 sept. 2025 \u00e0 15h31 \u00c0 quoi faut-il s\u2019attendre pour la suite\u2009? Alors&hellip;\n","protected":false},"author":2,"featured_media":380610,"comment_status":"","ping_status":"","sticky":false,"template":"","format":"standard","meta":{"footnotes":""},"categories":[9653],"tags":[1111,11,2430,47212,1777,674,1011,27,1272,50957,12,25,4001,104],"class_list":{"0":"post-386795","1":"post","2":"type-post","3":"status-publish","4":"format-standard","5":"has-post-thumbnail","7":"category-saint-etienne","8":"tag-actu","9":"tag-actualites","10":"tag-auvergne-rhone-alpes","11":"tag-bloquons-tout","12":"tag-eu","13":"tag-europe","14":"tag-fr","15":"tag-france","16":"tag-manifestations","17":"tag-mouvement-du-10-septembre","18":"tag-news","19":"tag-republique-francaise","20":"tag-saint-etienne","21":"tag-societe"},"share_on_mastodon":{"url":"https:\/\/pubeurope.com\/@fr\/115194684035099779","error":""},"_links":{"self":[{"href":"https:\/\/www.europesays.com\/fr\/wp-json\/wp\/v2\/posts\/386795","targetHints":{"allow":["GET"]}}],"collection":[{"href":"https:\/\/www.europesays.com\/fr\/wp-json\/wp\/v2\/posts"}],"about":[{"href":"https:\/\/www.europesays.com\/fr\/wp-json\/wp\/v2\/types\/post"}],"author":[{"embeddable":true,"href":"https:\/\/www.europesays.com\/fr\/wp-json\/wp\/v2\/users\/2"}],"replies":[{"embeddable":true,"href":"https:\/\/www.europesays.com\/fr\/wp-json\/wp\/v2\/comments?post=386795"}],"version-history":[{"count":0,"href":"https:\/\/www.europesays.com\/fr\/wp-json\/wp\/v2\/posts\/386795\/revisions"}],"wp:featuredmedia":[{"embeddable":true,"href":"https:\/\/www.europesays.com\/fr\/wp-json\/wp\/v2\/media\/380610"}],"wp:attachment":[{"href":"https:\/\/www.europesays.com\/fr\/wp-json\/wp\/v2\/media?parent=386795"}],"wp:term":[{"taxonomy":"category","embeddable":true,"href":"https:\/\/www.europesays.com\/fr\/wp-json\/wp\/v2\/categories?post=386795"},{"taxonomy":"post_tag","embeddable":true,"href":"https:\/\/www.europesays.com\/fr\/wp-json\/wp\/v2\/tags?post=386795"}],"curies":[{"name":"wp","href":"https:\/\/api.w.org\/{rel}","templated":true}]}}