{"id":386800,"date":"2025-09-13T02:44:33","date_gmt":"2025-09-13T02:44:33","guid":{"rendered":"https:\/\/www.europesays.com\/fr\/386800\/"},"modified":"2025-09-13T02:44:33","modified_gmt":"2025-09-13T02:44:33","slug":"le-livre-sur-la-place-guillaume-gallienne-a-lopera-deja-foule-sous-le-chapiteau-revivez-cette-premiere-journee-de-salon-a-nancy","status":"publish","type":"post","link":"https:\/\/www.europesays.com\/fr\/386800\/","title":{"rendered":"Le Livre sur la Place. Guillaume Gallienne \u00e0 l&rsquo;Op\u00e9ra, d\u00e9j\u00e0 foule sous le chapiteau&#8230; Revivez cette premi\u00e8re journ\u00e9e de salon \u00e0 Nancy"},"content":{"rendered":"<p>Le grand <strong>Javier Cercas<\/strong> peut-\u00eatre le plus grand \u00e9crivain espagnol contemporain est \u00e0 Nancy, dans les salons de l&rsquo;h\u00f4tel de ville depuis 15 h 30\u00a0\u00a0: 200 personnes refus\u00e9es \u00e0 l&rsquo;entr\u00e9e, un raz de mar\u00e9e pour ce grand d\u2019Espagne qui parle un fran\u00e7ais remarquable\u2026<\/p>\n<p>Une grosse file d&rsquo;attente s&rsquo;est cr\u00e9\u00e9e sur le stand de la librairie Didier. Mathias Malzieu d\u00e9dicace son dernier livre L&rsquo;homme qui \u00e9coutait battre le c\u0153ur des chats (ed. Albin Michel).\u00a0<\/p>\n<p class=\"txt\">Ces lectures communes nourrissent nos \u00e9changes.\u00a0Elles sont\u00a0 un\u00a0excellent moyen de rester en contact\u00a0\u00a0avec nos ados. <\/p>\n<p class=\"nom\">Une lectrice de Manon Forgetton<\/p>\n<p>Sous le chapiteau, ses fid\u00e8les retrouvent Manon Forgetton au rayon \u00ab\u00a0 litt\u00e9rature adulte\u00a0\u00bb cette fois. Son dernier ouvrage \u00ab Ce que la mer prend, s&rsquo;adresse \u00e0 un public plus mature que celui qu&rsquo;elle pr\u00e9sentait il y a 2 ans. Mais peu importe \u00ab\u00a0 Mes lecteurs jeunesse savent me trouver ici et inversement.\u00a0<\/p>\n<p>Pourquoi ne conseille t-elle pas son dernier roman aux moins de 15 ans\u00a0 \u00a0? \u00ab\u00a0 Parce que je place le lecteur dans la peau de pr\u00e9dateurs et cela demande un peu de recul \u00bb explique Manon les th\u00e9matiques \u00e9galement qui traite de qu\u00eate identitaire, du rapport aux parents malades, au d\u00e9sir de maternit\u00e9.\u00a0\u00bb \u00ab\u00a0 Il y a beaucoup de profondeur dans ce\u00a0r\u00e9cit \u00bb, confirme une lectrice venue faire signer le livre qu&rsquo;elle a d\u00e9j\u00e0 fini \u00a0! \u00ab\u00a0 Il y en a aussi beaucoup dans les livres jeunesse. C&rsquo;est par les lectures de ma fille que j&rsquo;ai d\u00e9couvert Manon, et aujourd&rsquo;hui encore on se les passe. Ces lectures communes nourrissent nos \u00e9changes.\u00a0Elles sont\u00a0 un\u00a0excellent moyen de rester en contact\u00a0\u00a0avec nos ados.\u00a0\u00bb<\/p>\n<p class=\"description\">Sorj Chalandon a ouvert la s\u00e9rie des d\u00e9dicaces du Livre de Kells et de L&rsquo;Enrag\u00e9 sur le stand de L&rsquo;Autre Rive<\/p>\n<p>            &#13;<br \/>\n    &#13;<br \/>\n    &#13;<br \/>\n    <a href=\"https:\/\/cdn-s-www.estrepublicain.fr\/images\/4c1b4d50-f88d-44fd-88bc-5a9785eabdc1\/NW_raw\/sorj-chalandon-signe-son-livre-quot-l-enrage-quot-(ed-poche)-1757681818.jpg\" title=\"Sorj Chalandon signe son livre &quot; L&#039;Enrag\u00e9 &quot; (\u00e9d. Poche)\" class=\"chocolat-image GA-tracking\" data-ga_type=\"click\" data-ga_category=\"D\u00e9tail\" data-ga_action=\"zoomer\" data-ga_label=\"aggrandir image\" target=\"_blank\" rel=\"noopener\">&#13;<br \/>\n        <img src=\"https:\/\/www.europesays.com\/fr\/wp-content\/uploads\/2025\/09\/sorj-chalandon-signe-son-livre-quot-l-enrage-quot-(ed-poche)-1757681818.jpg\"   alt=\"Sorj Chalandon signe son livre &quot; L'Enrag\u00e9 &quot; (\u00e9d. Poche)\" fetchpriority=\"high\" decoding=\"async\" data-mobile=\"NW_listA_M|1757681818\" data-base=\"NW_listA|1757681818\"\/>&#13;<br \/>\n    <\/a>&#13;<br \/>\n    Sorj Chalandon signe son livre \u00a0\u00bb L&rsquo;Enrag\u00e9 \u00a0\u00bb (\u00e9d. Poche)<\/p>\n<p>Parmi les trois bonnes raisons de venir au Livre sur le Place, d\u00e8s ce vendredi, figurent \u00a0:<\/p>\n<p><strong>1.-\u00a0Guillaume Gallienne<\/strong> \u00a0: une grande rencontre vendredi 12 septembre \u00e0 18 h15 l\u2019Op\u00e9ra, une lecture d\u2019extraits de textes de Victor Hugo, Proust, Duras ou Garcia Marquez \u00a0: le com\u00e9dien sera au rendez-vous d\u2019un public qui buvait comme du petit-lait ses chroniques de l\u2019\u00e9t\u00e9 sur Inter. Pr\u00e9sident de l\u2019\u00e9dition 2025, mais aussi romancier, Gallienne signe chez Stock, \u2018\u2019Le buveur de brume\u2019\u2019, dont il lira quelques pages. Avec un Moli\u00e8re en 2010 et pas moins de cinq C\u00e9sars en 2014 pour son film\u00a0<a href=\"https:\/\/www.estrepublicain.fr\/art-et-culture\/2014\/01\/30\/les-garcons-et-guillaume-a-table\" target=\"_blank\" rel=\"noopener\">Les gar\u00e7ons et Guillaume, \u00e0 table\u00a0!<\/a>\u00a0Le passeur de litt\u00e9rature \u00e0 la radio est aussi un \u00e9crivain et une sacr\u00e9e plume.<\/p>\n<p><strong>2.- Anne Sinclair \u00a0<\/strong>: elle a pr\u00e9sent\u00e9 7\/7 durant plus de dix ans, au point d\u2019en faire une star cathodique et l\u2019une des journalistes les plus respect\u00e9es dans ce pays.\u00a0<a href=\"https:\/\/www.estrepublicain.fr\/societe\/2021\/05\/24\/anne-sinclair-s-exprime-pour-la-premiere-fois-dix-ans-apres-l-affaire-dsk\" target=\"_blank\" rel=\"noopener\">Anne Sinclair<\/a>\u00a0\u00e9tait\u00a0\u00e0 Nancy \u00e0 l\u2019H\u00f4tel de ville vendredi 12 septembre, de 11\u00a0h \u00e0 12 h. Passionn\u00e9e d\u2019art, de litt\u00e9rature et de philosophie, elle est aussi celle qui parle mieux de Pierre Nora, l\u2019acad\u00e9micien et historien avec lequel elle partageait tellement et qui s\u2019est \u00e9teint le 2 juin dernier. Son amour avec Nora, elle en parle merveilleusement dans \u2018\u2019Pass\u00e9 compos\u00e9\u2019\u2019, paru chez Grasset.<\/p>\n<p class=\"point\"><strong>\u00a03.<\/strong> &#8211; <strong>Zoum zoum Zem<\/strong> \u00a0: r\u00e9unir Laurent Gaud\u00e9 et Florence Loiret-Caille qui fut pr\u00e9sidente du prix Ginkgo, c\u2019est un pari os\u00e9 dont on raffole au Livre sur la Place. Avec\u00a0Zem\u00a0Laurent Gaud\u00e9 propose une suite politique \u00e0\u00a0Chien 51.\u00a0Tous les ingr\u00e9dients sont l\u00e0, \u00e0 commencer par les personnages de Zem Sparak et Salia Malberg. Pouvoir, identit\u00e9, appartenance \u00e0 une classe sociale\u2026 Sans compter l\u2019interpr\u00e9tation toujours tr\u00e8s inspir\u00e9e, voire habit\u00e9e de Florence Loiret-Caille (\u00a0Seule, Trouble every day\u00a0de Claire Denis et la bande-son hypnotique des Tindersticks,\u00a0Le bureau des l\u00e9gendes\u00a0\u2026). Laurent Gaud\u00e9 et Florence Loiret-Caille proposeront une lecture in\u00e9dite \u00e0 la salle Poirel de 19 h 30 \u00e0 20 h 30, ce vendredi. Ils d\u00e9dicaceront leurs ouvrages sur place.<\/p>\n<p class=\"point\">&gt; <a href=\"https:\/\/www.estrepublicain.fr\/culture-loisirs\/2025\/09\/10\/dix-bonnes-raisons-d-aller-au-livre-sur-la-place\" target=\"_blank\" rel=\"noopener\">Retrouvez toutes les bonnes raisons de venir ce week-end<\/a><\/p>\n<p class=\"componentDescription\">Bertrand Munier communique sur sa venue au salon du livre nanc\u00e9ien<\/p>\n<p>        <img class=\"placeholder-svg\" loading=\"lazy\" decoding=\"async\" src=\"https:\/\/cdn-files.prsmedia.fr\/files\/REDAC\/images\/svg\/placeholders\/facebook.svg\" alt=\"Facebook PlaceHolder\"\/><\/p>\n","protected":false},"excerpt":{"rendered":"Le grand Javier Cercas peut-\u00eatre le plus grand \u00e9crivain espagnol contemporain est \u00e0 Nancy, dans les salons de&hellip;\n","protected":false},"author":2,"featured_media":386801,"comment_status":"","ping_status":"","sticky":false,"template":"","format":"standard","meta":{"footnotes":""},"categories":[9635],"tags":[1111,11,1687,12255,1704,1777,674,1011,27,775,22382,3457,1702,12,3456,25,273,104],"class_list":{"0":"post-386800","1":"post","2":"type-post","3":"status-publish","4":"format-standard","5":"has-post-thumbnail","7":"category-nancy","8":"tag-actu","9":"tag-actualites","10":"tag-culture-loisirs","11":"tag-direct-actualite","12":"tag-edition-nancy-et-agglomeration","13":"tag-eu","14":"tag-europe","15":"tag-fr","16":"tag-france","17":"tag-grand-est","18":"tag-le-livre-sur-la-place","19":"tag-meurthe-et-moselle","20":"tag-nancy","21":"tag-news","22":"tag-region-lorraine","23":"tag-republique-francaise","24":"tag-selection-de-la-redaction","25":"tag-societe"},"share_on_mastodon":{"url":"https:\/\/pubeurope.com\/@fr\/115194695803169839","error":""},"_links":{"self":[{"href":"https:\/\/www.europesays.com\/fr\/wp-json\/wp\/v2\/posts\/386800","targetHints":{"allow":["GET"]}}],"collection":[{"href":"https:\/\/www.europesays.com\/fr\/wp-json\/wp\/v2\/posts"}],"about":[{"href":"https:\/\/www.europesays.com\/fr\/wp-json\/wp\/v2\/types\/post"}],"author":[{"embeddable":true,"href":"https:\/\/www.europesays.com\/fr\/wp-json\/wp\/v2\/users\/2"}],"replies":[{"embeddable":true,"href":"https:\/\/www.europesays.com\/fr\/wp-json\/wp\/v2\/comments?post=386800"}],"version-history":[{"count":0,"href":"https:\/\/www.europesays.com\/fr\/wp-json\/wp\/v2\/posts\/386800\/revisions"}],"wp:featuredmedia":[{"embeddable":true,"href":"https:\/\/www.europesays.com\/fr\/wp-json\/wp\/v2\/media\/386801"}],"wp:attachment":[{"href":"https:\/\/www.europesays.com\/fr\/wp-json\/wp\/v2\/media?parent=386800"}],"wp:term":[{"taxonomy":"category","embeddable":true,"href":"https:\/\/www.europesays.com\/fr\/wp-json\/wp\/v2\/categories?post=386800"},{"taxonomy":"post_tag","embeddable":true,"href":"https:\/\/www.europesays.com\/fr\/wp-json\/wp\/v2\/tags?post=386800"}],"curies":[{"name":"wp","href":"https:\/\/api.w.org\/{rel}","templated":true}]}}