{"id":386806,"date":"2025-09-13T02:47:13","date_gmt":"2025-09-13T02:47:13","guid":{"rendered":"https:\/\/www.europesays.com\/fr\/386806\/"},"modified":"2025-09-13T02:47:13","modified_gmt":"2025-09-13T02:47:13","slug":"lancement-de-la-ligne-5-le-compte-a-rebours-est-lance","status":"publish","type":"post","link":"https:\/\/www.europesays.com\/fr\/386806\/","title":{"rendered":"lancement de la ligne 5, le compte \u00e0 rebours est lanc\u00e9\u00a0!"},"content":{"rendered":"<p>            Par<br \/>\n        <strong><br \/>\n            <a href=\"https:\/\/actu.fr\/auteur\/g-martin\" title=\"Consulter tous les articles de Gil Martin\" rel=\"nofollow noopener\" target=\"_blank\">Gil Martin<\/a><br \/>\n        <\/strong><\/p>\n<p>        Publi\u00e9 le<\/p>\n<p>            12 sept. 2025 \u00e0 16h57        <\/p>\n<p>Ce jeudi 11 septembre 2025 marquait, pour la Ville et la M\u00e9tropole de Montpellier, le lancement <strong>du compte \u00e0 rebours \u00e0 J-100<\/strong> d<a href=\"https:\/\/actu.fr\/occitanie\/montpellier_34172\/montpellier-la-premiere-rame-de-la-ligne-5-de-tramway-valait-bien-un-ministre_62399329.html\" rel=\"nofollow noopener\" target=\"_blank\">e la mise en service de la Ligne 5 de tramway<\/a>. Attendue le 20 d\u00e9cembre 2025, elle connectera <strong>le<\/strong> <strong>Nord \u00e0 l\u2019Oues<\/strong>t de la m\u00e9tropole en 45 minutes.<\/p>\n<p>Depuis octobre 2021\u2026<\/p>\n<p class=\" wall-content\">Un compteur indiquant le compte \u00e0 rebours se dresse d\u00e9sormais \u00e0 proximit\u00e9 de la Colonne Saint-\u00c9loi, au bas de l\u2019avenue du Docteur Pezet. \u00ab\u00a0Depuis le premier coup de pelle en octobre 2021 et 500 jours apr\u00e8s la premi\u00e8re soudure de rails \u00e0 l\u2019Ouest r\u00e9alis\u00e9e avenue Georges Clemenceau le 28 avril 2024, les am\u00e9nagements structurants se mettent en place pour accueillir la future Ligne 5\u00a0\u00bb, a rappel\u00e9 le maire de Montpellier.<\/p>\n<p>    <a href=\"https:\/\/www.google.com\/maps\/embed?pb=!1m18!1m12!1m3!1d2888.024276945864!2d3.863308275498288!3d43.62685365413556!2m3!1f0!2f0!3f0!3m2!1i1024!2i768!4f13.1!3m3!1m2!1s0x12b6af1e28e1b883%3A0xd24bac188b79203a!2sSaint-%C3%89loi!5e0!3m2!1sfr!2sfr!4v1757692442268!5m2!1sfr!2sfr\" title=\"Ouvrie le lien\" rel=\"nofollow noopener\" target=\"_blank\">Cliquez ici pour visualiser le contenu<\/a><\/p>\n<p>Derni\u00e8res phases d\u2019essais<\/p>\n<p class=\" wall-content\">Les derni\u00e8res phases d\u2019essais de la ligne 5 sont en cours, \u00ab laissant prochainement place \u00e0 la marche \u00e0 blanc avant la mise en service de cette nouvelle ligne de tramway \u00bb, dans\u2026 99 jours maintenant !<\/p>\n<p class=\" wall-content\">Personnalisez votre actualit\u00e9 en ajoutant vos villes et m\u00e9dias en favori avec <a href=\"https:\/\/moncompte.actu.fr\" title=\"D\u00e9couvez Mon Actu\" rel=\"nofollow noopener\" data-trk=\"{&quot;cta&quot;:{&quot;action&quot;:&quot;https:\\\/\\\/moncompte.actu.fr&quot;,&quot;category&quot;:&quot;mon compte&quot;,&quot;from&quot;:&quot;article footer&quot;,&quot;name&quot;:&quot;Mon actu&quot;,&quot;type&quot;:&quot;cta&quot;}}\" target=\"_blank\">Mon Actu<\/a>.<\/p>\n","protected":false},"excerpt":{"rendered":"Par Gil Martin Publi\u00e9 le 12 sept. 2025 \u00e0 16h57 Ce jeudi 11 septembre 2025 marquait, pour la&hellip;\n","protected":false},"author":2,"featured_media":386807,"comment_status":"","ping_status":"","sticky":false,"template":"","format":"standard","meta":{"footnotes":""},"categories":[9599],"tags":[1111,11,1777,674,1011,27,2208,12,2680,25,104],"class_list":{"0":"post-386806","1":"post","2":"type-post","3":"status-publish","4":"format-standard","5":"has-post-thumbnail","7":"category-montpellier","8":"tag-actu","9":"tag-actualites","10":"tag-eu","11":"tag-europe","12":"tag-fr","13":"tag-france","14":"tag-montpellier","15":"tag-news","16":"tag-occitanie","17":"tag-republique-francaise","18":"tag-societe"},"share_on_mastodon":{"url":"https:\/\/pubeurope.com\/@fr\/115194707623386055","error":""},"_links":{"self":[{"href":"https:\/\/www.europesays.com\/fr\/wp-json\/wp\/v2\/posts\/386806","targetHints":{"allow":["GET"]}}],"collection":[{"href":"https:\/\/www.europesays.com\/fr\/wp-json\/wp\/v2\/posts"}],"about":[{"href":"https:\/\/www.europesays.com\/fr\/wp-json\/wp\/v2\/types\/post"}],"author":[{"embeddable":true,"href":"https:\/\/www.europesays.com\/fr\/wp-json\/wp\/v2\/users\/2"}],"replies":[{"embeddable":true,"href":"https:\/\/www.europesays.com\/fr\/wp-json\/wp\/v2\/comments?post=386806"}],"version-history":[{"count":0,"href":"https:\/\/www.europesays.com\/fr\/wp-json\/wp\/v2\/posts\/386806\/revisions"}],"wp:featuredmedia":[{"embeddable":true,"href":"https:\/\/www.europesays.com\/fr\/wp-json\/wp\/v2\/media\/386807"}],"wp:attachment":[{"href":"https:\/\/www.europesays.com\/fr\/wp-json\/wp\/v2\/media?parent=386806"}],"wp:term":[{"taxonomy":"category","embeddable":true,"href":"https:\/\/www.europesays.com\/fr\/wp-json\/wp\/v2\/categories?post=386806"},{"taxonomy":"post_tag","embeddable":true,"href":"https:\/\/www.europesays.com\/fr\/wp-json\/wp\/v2\/tags?post=386806"}],"curies":[{"name":"wp","href":"https:\/\/api.w.org\/{rel}","templated":true}]}}