{"id":386808,"date":"2025-09-13T02:48:25","date_gmt":"2025-09-13T02:48:25","guid":{"rendered":"https:\/\/www.europesays.com\/fr\/386808\/"},"modified":"2025-09-13T02:48:25","modified_gmt":"2025-09-13T02:48:25","slug":"herault-une-forte-detonation-entendue-dans-le-departement-de-montpellier-a-beziers-actualites","status":"publish","type":"post","link":"https:\/\/www.europesays.com\/fr\/386808\/","title":{"rendered":"H\u00e9rault : une forte d\u00e9tonation entendue dans le d\u00e9partement, de Montpellier \u00e0 B\u00e9ziers : Actualit\u00e9s"},"content":{"rendered":"<p class=\"lead \"><strong>Vendredi 12 septembre 2025, une d\u00e9tonation a retenti dans la matin\u00e9e dans le d\u00e9partement de l\u2019H\u00e9rault, sans que son origine ait pu \u00eatre formellement identifi\u00e9e. L\u2019hypoth\u00e8se principale reste cependant le passage d\u2019un <a href=\"https:\/\/actu.orange.fr\/france\/drame-evite-de-justesse-a-l-aeroport-de-bale-mulhouse-deux-avions-manquent-de-se-percuter-magic-CNT000002kBdOS.html\" rel=\"nofollow noopener\" target=\"_blank\">avion<\/a> franchissant le mur du son.<\/strong><\/p>\n<p class=\"lead \">\u00ab\u00a0Ma maison a trembl\u00e9.\u00a0\u00bb Les t\u00e9moignages affluent sur les r\u00e9seaux sociaux quant \u00e0 la retentissante d\u00e9tonation entendue autour de 9h30 vendredi 12 septembre 2025 dans le d\u00e9partement de l\u2019H\u00e9rault, rapporte <a href=\"https:\/\/www.midilibre.fr\/2025\/09\/12\/grosse-detonation-dans-lherault-ca-a-fait-trembler-la-maison-dou-vient-le-gros-boum-entendu-ce-matin-12926246.php\" target=\"_blank\" rel=\"nofollow noopener\">Midi Libre<\/a>. Les personnes ayant \u00e9t\u00e9 t\u00e9moins du bruit tonitruant se sont empress\u00e9es de s\u2019enqu\u00e9rir de son origine.<\/p>\n<p class=\"lead \">\u00ab\u00a0Y\u2019a quoi qui a explos\u00e9 \u00e0 Montpellier ? J\u2019\u00e9coutais ma musique j\u2019ai entendu une \u00e9norme explosion, \u00e7a a fait trembler mes murs\u00a0\u00bb, \u00ab\u00a0Franchement, c\u2019\u00e9tait fort, j\u2019avais la fen\u00eatre de ma terrasse ouverte et l\u2019impression que tout bougeait\u00a0\u00bb, ont ainsi t\u00e9moign\u00e9 certains habitants du d\u00e9partement du sud de la France.<\/p>\n<p>                                                                                                L\u2019hypoth\u00e8se d\u2019un avion de chasse<\/p>\n<p class=\"lead \">La page Facebook Kazaa Infos Radars, qui cumule 275 000 abonn\u00e9s, apporte un premier \u00e9l\u00e9ment de r\u00e9ponse en assurant que la d\u00e9tonation \u00e9tait probablement due au passage d\u2019un avion de chasse. \u00ab\u00a0Pas d\u2019inqui\u00e9tude, il doit s\u00fbrement s\u2019agir d\u2019un avion de chasse qui a pass\u00e9 le mur du son\u00a0\u00bb, peut-on lire dans une publication lik\u00e9e pr\u00e8s de 900 fois et affichant pr\u00e8s de 1000 commentaires.<\/p>\n<p class=\"lead \">De son c\u00f4t\u00e9, le Service d\u00e9partemental d\u2019incendie et de secours 34, ou Sdis 34, se veut \u00e9galement rassurant et indique n\u2019avoir re\u00e7u \u00ab\u00a0aucun appel au secours et aucune intervention li\u00e9e \u00e0 une explosion dans l\u2019H\u00e9rault\u00a0\u00bb. Franchir le mur du son provoque une onde de choc extr\u00eamement bruyante et constitue un \u00e9v\u00e9nement relativement fr\u00e9quent.<\/p>\n<p class=\"small font-weight-bold text-gray3 \"> publi\u00e9 le 12 septembre \u00e0 15h36, Ma\u00ebl Narpon, 6Medias<\/p>\n<p>                             Partager<\/p>\n","protected":false},"excerpt":{"rendered":"Vendredi 12 septembre 2025, une d\u00e9tonation a retenti dans la matin\u00e9e dans le d\u00e9partement de l\u2019H\u00e9rault, sans que&hellip;\n","protected":false},"author":2,"featured_media":386809,"comment_status":"","ping_status":"","sticky":false,"template":"","format":"standard","meta":{"footnotes":""},"categories":[9599],"tags":[1111,11,1777,674,1011,27,2208,12,2680,25],"class_list":{"0":"post-386808","1":"post","2":"type-post","3":"status-publish","4":"format-standard","5":"has-post-thumbnail","7":"category-montpellier","8":"tag-actu","9":"tag-actualites","10":"tag-eu","11":"tag-europe","12":"tag-fr","13":"tag-france","14":"tag-montpellier","15":"tag-news","16":"tag-occitanie","17":"tag-republique-francaise"},"share_on_mastodon":{"url":"https:\/\/pubeurope.com\/@fr\/115194711408411538","error":""},"_links":{"self":[{"href":"https:\/\/www.europesays.com\/fr\/wp-json\/wp\/v2\/posts\/386808","targetHints":{"allow":["GET"]}}],"collection":[{"href":"https:\/\/www.europesays.com\/fr\/wp-json\/wp\/v2\/posts"}],"about":[{"href":"https:\/\/www.europesays.com\/fr\/wp-json\/wp\/v2\/types\/post"}],"author":[{"embeddable":true,"href":"https:\/\/www.europesays.com\/fr\/wp-json\/wp\/v2\/users\/2"}],"replies":[{"embeddable":true,"href":"https:\/\/www.europesays.com\/fr\/wp-json\/wp\/v2\/comments?post=386808"}],"version-history":[{"count":0,"href":"https:\/\/www.europesays.com\/fr\/wp-json\/wp\/v2\/posts\/386808\/revisions"}],"wp:featuredmedia":[{"embeddable":true,"href":"https:\/\/www.europesays.com\/fr\/wp-json\/wp\/v2\/media\/386809"}],"wp:attachment":[{"href":"https:\/\/www.europesays.com\/fr\/wp-json\/wp\/v2\/media?parent=386808"}],"wp:term":[{"taxonomy":"category","embeddable":true,"href":"https:\/\/www.europesays.com\/fr\/wp-json\/wp\/v2\/categories?post=386808"},{"taxonomy":"post_tag","embeddable":true,"href":"https:\/\/www.europesays.com\/fr\/wp-json\/wp\/v2\/tags?post=386808"}],"curies":[{"name":"wp","href":"https:\/\/api.w.org\/{rel}","templated":true}]}}