{"id":386810,"date":"2025-09-13T02:52:23","date_gmt":"2025-09-13T02:52:23","guid":{"rendered":"https:\/\/www.europesays.com\/fr\/386810\/"},"modified":"2025-09-13T02:52:23","modified_gmt":"2025-09-13T02:52:23","slug":"les-journees-europeennes-du-patrimoine","status":"publish","type":"post","link":"https:\/\/www.europesays.com\/fr\/386810\/","title":{"rendered":"Les Journ\u00e9es Europ\u00e9ennes du Patrimoine"},"content":{"rendered":"<p>                Programme des journ\u00e9es europ\u00e9ennes du patrimoine \u00e0 Grenoble Les \u00e9tablissement culturels  Les b\u00e2timents embl\u00e9matiques D\u00e9couverte de l\u2019H\u00f4tel de Ville <\/p>\n<p>6 visites men\u00e9es par des agentes du service mus\u00e9e Stendhal &#8211; patrimoine culturel, propos\u00e9es par Ville d\u2019art et d\u2019histoire.<br \/>L\u2019h\u00f4tel de ville de Grenoble, construit en 1967 par l\u2019architecte Novarina, est un \u00e9difice labellis\u00e9 \u201cArchitecture contemporaine remarquable\u201d et est depuis 2023 prot\u00e9g\u00e9 au titre des Monuments historiques. Il pr\u00e9sente une conception d\u2019ensemble associant architecture, oeuvres d\u2019art et mobilier.<br \/>D\u00e9couvrez ces diff\u00e9rentes facettes en parcourant les espaces du rez-de-chauss\u00e9e, en acc\u00e9dant de mani\u00e8re exceptionnelle au bureau du maire et \u00e0 la nouvelle salle du conseil municipal.<\/p>\n<ul>\n<li>Samedi 20 septembre : 10h30-12h \/ 11h-12h30<\/li>\n<li>Dimanche 21 septembre : 10h30-12h \/ 11h-12h30 \/ 13h30-15h \/ 14h-15h30<\/li>\n<\/ul>\n<p>Rendez-vous : au pied des marches de l\u2019h\u00f4tel de ville, c\u00f4t\u00e9 parc Paul-Mistral. R\u00e9servation obligatoire aupr\u00e8s de <a href=\"https:\/\/www.grenoble-tourisme.com\" data-file_name=\"Lien vers le site de l&#039;Office de Tourisme de Grenoble\" class=\"external\" rel=\"nofollow noopener\" target=\"_blank\">l\u2019Office du Tourisme<\/a>.<\/p>\n<p> L\u2019ancien mus\u00e9e-biblioth\u00e8que <\/p>\n<p>2 visites men\u00e9es par des guides-conf\u00e9renciers de l\u2019Office de tourisme Grenoble-Alpes, propos\u00e9es par Ville d\u2019art et d\u2019histoire.<br \/>Inaugur\u00e9 en 1872, ce b\u00e2timent est con\u00e7u par l\u2019architecte parisien Charles-Auguste Questel dans un style n\u00e9o Renaissance. Il contribue \u00e0 la monumentalit\u00e9 souhait\u00e9e pour l\u2019am\u00e9nagement de la place de Verdun. Il abrite la biblioth\u00e8que municipale jusqu\u2019en 1970 et le mus\u00e9e des beaux-arts (actuel mus\u00e9e de Grenoble) jusqu\u2019en 1993. Il s\u2019agit d\u2019un monument historique.<br \/><strong>Samedi 20 septembre : 14h-15h \/ 15h-16h<\/strong><br \/>Rendez-vous : devant l\u2019ancien mus\u00e9e-biblioth\u00e8que<br \/><a href=\"https:\/\/www.grenoble-tourisme.com\" data-file_name=\"Lien vers le site de l&#039;Office de Tourisme de Grenoble\" class=\"external\" rel=\"nofollow noopener\" target=\"_blank\">R\u00e9servation obligatoire aupr\u00e8s de l\u2019Office du Tourisme<\/a>.<\/p>\n<p> Le chantier de la tour Perret <\/p>\n<p>12 visites men\u00e9es par des guides-conf\u00e9renciers de l\u2019Office de tourisme Grenoble-Alpes, propos\u00e9es par Ville d\u2019art et d\u2019histoire.<br \/>Les travaux de restauration de la tour Perret se poursuivent. Venez d\u00e9couvrir comment cette tour centenaire en b\u00e9ton arm\u00e9 de 90m de hauteur est restaur\u00e9e. Visite propos\u00e9e par la Ville d\u2019Art et d\u2019Histoire.<\/p>\n<ul>\n<li>Samedi 20 septembre : 11h-11h45 \/ 12h-12h45 \/ 14h-14h45 \/ 15h-15h45 \/ 16h-16h45 \/ 17h-17h45<\/li>\n<li>Dimanche 21 septembre : 11h-11h45 \/ 12h-12h45 \/ 14h-14h45 \/ 15h-15h45 \/ 16h-16h45 \/ 17h-17h45<\/li>\n<\/ul>\n<p>Rendez-vous : Au pied de la tour Perret devant le portillon de la palissade. <a href=\"https:\/\/www.grenoble-tourisme.com\" data-file_name=\"Lien vers le site de l&#039;Office de Tourisme de Grenoble\" class=\"external\" rel=\"nofollow noopener\" target=\"_blank\">R\u00e9servation obligatoire aupr\u00e8s de l\u2019Office du Tourisme<\/a>.<\/p>\n<p> L\u2019h\u00f4tel de Lesdigui\u00e8res <\/p>\n<p>4 visites assur\u00e9es par une agente du service \u00c9tudes urbaines et patrimoine.<br \/>Visite de l\u2019un des plus importants et des plus anciens ensembles immobiliers de Grenoble, inscrit avec son jardin, prot\u00e9g\u00e9 au titre des Monuments historiques. Il abrite l\u2019h\u00f4tel de ville jusqu\u2019en d\u00e9cembre 1967, puis les services administratifs du tribunal de grande instance et le procureur de la R\u00e9publique jusqu\u2019en 2002.<\/p>\n<ul>\n<li>Samedi 20 septembre : 14h00-14h45 \/ 15h-15h45<\/li>\n<li>Dimanche 21 septembre : 14h00-14h45 \/ 15h-15h45<\/li>\n<\/ul>\n<p>Rendez-vous : Devant la Maison internationale Grenoble.<a href=\"https:\/\/www.grenoble-tourisme.com\" data-file_name=\"Lien vers le site de l&#039;Office de Tourisme de Grenoble\" class=\"external\" rel=\"nofollow noopener\" target=\"_blank\"> R\u00e9servation obligatoire aupr\u00e8s de l\u2019Office du Tourisme. <\/a><\/p>\n<p> Le Rabot <\/p>\n<p>Visite assur\u00e9e par une agente de la direction de l\u2019Urbanisme et de l\u2019am\u00e9nagement.<br \/>Perch\u00e9e sur les contreforts de la Bastille, elle t\u00e9moigne de diverses p\u00e9riodes de notre histoire : maison forte au XVIe si\u00e8cle, site militaire au XIXe si\u00e8cle et cit\u00e9 universitaire au XXe si\u00e8cle. \u00c0 travers une d\u00e9ambulation comment\u00e9e \u00e0 plusieurs voix, cette visite propose de d\u00e9couvrir ce site. Ext\u00e9rieurs uniquement.<br \/><strong>Dimanche 21 septembre : 10h00-12h00<\/strong><br \/>Rendez-vous : Porche entr\u00e9e cit\u00e9 du Rabot, 11 rue Maurice Gignoux. <a href=\"https:\/\/www.grenoble-tourisme.com\" data-file_name=\"Lien vers le site de l&#039;Office de Tourisme de Grenoble\" class=\"external\" rel=\"nofollow noopener\" target=\"_blank\">R\u00e9servation obligatoire aupr\u00e8s de l\u2019Office du Tourisme<\/a>.<\/p>\n<p> Les infrastructures patrimoniales D\u00e9couverte des fontaines patrimoniales <\/p>\n<p>Visite men\u00e9e par un guide-conf\u00e9rencier de l\u2019Office de tourisme Grenoble-Alpes, propos\u00e9 par Ville d\u2019art et d\u2019histoire.<br \/>D\u00e9couvrez l\u2019histoire et l\u2019actualit\u00e9 des enjeux de l\u2019acc\u00e8s \u00e0 l\u2019eau sur l\u2019espace public. En compagnie d\u2019un guide et d\u2019une agente de la Ville, d\u00e9couvrez les plus belles fontaines au fil d\u2019une promenade dans le coeur de ville avec une approche historique, patrimoniale et des enjeux actuels li\u00e9s \u00e0 la politique de l\u2019eau.<br \/><strong>Dimanche 21 septembre : 10h30-12h<\/strong><br \/>Rendez-vous : Fontaine de la place Grenette. <a href=\"https:\/\/www.grenoble-tourisme.com\" data-file_name=\"Lien vers le site de l&#039;Office de Tourisme de Grenoble\" class=\"external\" rel=\"nofollow noopener\" target=\"_blank\">R\u00e9servation obligatoire aupr\u00e8s de l\u2019Office du Tourisme. <\/a><\/p>\n<p> Les Jeux olympiques de 1968 <\/p>\n<p>2 visites assur\u00e9es par des guides-conf\u00e9renciers de l\u2019Office de tourisme Grenoble-Alpes, propos\u00e9es par Ville d\u2019art et d\u2019histoire.<br \/>Revivez les Xe Jeux d\u2019hiver de Grenoble \u00e0 travers la d\u00e9couverte des sites olympiques du parc Paul-Mistral ! En 1968, Grenoble est la deuxi\u00e8me ville apr\u00e8s Innsbruck \u00e0 accueillir les Jeux olympiques d\u2019hiver. Les \u00e9preuves de neige se d\u00e9roulent dans les stations d\u2019altitude voisines et les \u00e9preuves de glace se tiennent en ville dans le parc Paul-Mistral. D\u00e9couvrez les diff\u00e9rentes infrastructures construites \u00e0 cette occasion qui sont parvenues jusqu\u2019\u00e0 nous !<br \/><strong>Dimanche 21 septembre : 14h-15h30 \/ 16h-17h30<\/strong><br \/>Rendez-vous : La flamme olympique, parc Paul-Mistral. <a href=\"https:\/\/www.grenoble-tourisme.com\" data-file_name=\"Lien vers le site de l&#039;Office de Tourisme de Grenoble\" class=\"external\" rel=\"nofollow noopener\" target=\"_blank\">R\u00e9servation obligatoire aupr\u00e8s de l\u2019Office du Tourisme.<\/a><\/p>\n<p> L\u2019Exposition internationale de la Houille Blanche et du Tourisme <\/p>\n<p>2 visites assur\u00e9es par des Guides-conf\u00e9renciers de l\u2019Office de tourisme Grenoble-Alpes, propos\u00e9es par la Direction de l\u2019Urbanisme et de l\u2019Am\u00e9nagement.<br \/>Avec un million de visiteurs, l\u2019exposition internationale de la Houille Blanche eut un grand retentissement international. Suivez notre guide au parc Paul Mistral et revivez gr\u00e2ce \u00e0 de nombreux documents iconographiques l\u2019atmosph\u00e8re de l\u2018exposition et ses \u00e9difices \u00e9tonnants.<\/p>\n<ul>\n<li>Samedi 20 septembre : 14h-15h30<\/li>\n<li>Dimanche 21 septembre : 14h-15h30<\/li>\n<\/ul>\n<p>Rendez-vous : Flamme olympique, parc Paul Mistral. <a href=\"https:\/\/www.grenoble-tourisme.com\" data-file_name=\"Lien vers le site de l&#039;Office de Tourisme de Grenoble\" class=\"external\" rel=\"nofollow noopener\" target=\"_blank\">R\u00e9servation aupr\u00e8s de l\u2019Office du Tourisme.<\/a><\/p>\n<p> La piscine Jean Bron et le centre sportif Berthe de Boissieux <\/p>\n<p>Visite assur\u00e9e par un agent du service \u00c9tudes urbaines et patrimoine et un agent de la Direction des Sports.<br \/>Visite guid\u00e9e de ces \u00e9quipements majeurs du centre-ville en compagnie d\u2019un responsable des \u00e9quipements sportifs et d\u2019un architecte-urbaniste de la Ville. Nous vous proposons de d\u00e9couvrir la petite et grande histoire des deux \u00e9quipements sportifs en d\u00e9ambulant notamment dans des espaces habituellement ferm\u00e9s au public.<br \/><strong>Samedi 20 septembre : 10h-11h30<\/strong><br \/>Rendez-vous : devant le centre sportif Berthe de Boissieux, 4 rue Berthe de Boissieux. <a href=\"https:\/\/www.grenoble-tourisme.com\" data-file_name=\"Lien vers le site de l&#039;Office de Tourisme de Grenoble\" class=\"external\" rel=\"nofollow noopener\" target=\"_blank\">R\u00e9servation aupr\u00e8s de l\u2019Office du Tourisme.<\/a><\/p>\n<p> Les promenades patrimoniales Promenade patrimoniale : quartier Flaubert <\/p>\n<p>Visite assur\u00e9e par \u00c9lisabeth Garnier, Architecte DPLG, propos\u00e9e par la Direction de l\u2019Urbanisme et de l\u2019Am\u00e9nagement.<br \/>Le quartier Flaubert est riche d\u2019une histoire mara\u00eech\u00e8re, industrielle et culturelle. En parcourant le quartier, vous d\u00e9couvrirez l\u2019histoire de son urbanisation et de son architecture Art D\u00e9co. Arpenter les rues du quartier Flaubert, c\u2019est remonter au d\u00e9but<br \/>du XXe si\u00e8cle, au moment o\u00f9 Grenoble s\u2019ouvre enfin vers le Sud, o\u00f9 les fortifications tombent, la rivi\u00e8re Drac est dompt\u00e9e, le chemin de fer se d\u00e9ploie, les industries et le commerce se d\u00e9veloppent.<br \/><strong>Samedi 20 septembre : 14h-15h30<\/strong><br \/>Rendez-vous : devant la Bifurk, 2 rue Gustave Flaubert. <a href=\"https:\/\/www.grenoble-tourisme.com\" data-file_name=\"Lien vers le site de l&#039;Office de Tourisme de Grenoble\" class=\"external\" rel=\"nofollow noopener\" target=\"_blank\">Sur inscription aupr\u00e8s de l\u2019Office du Tourisme.<\/a><\/p>\n<p> Promenade patrimoniale : quartier Louvois <\/p>\n<p>Visite assur\u00e9e par \u00c9lisabeth Garnier, Architecte DPLG, propos\u00e9e par la Direction de l\u2019Urbanisme et de l\u2019Am\u00e9nagement.<br \/>Le quartier Louvois est un lotissement pavillonnaire des ann\u00e9es 1930, dans l\u2019ancien quartier des Granges au centre sud-ouest de la ville de Grenoble sur des terrains de la premi\u00e8re zone industrielle de la ville.<br \/>Le cahier des charges est commun, mais chaque r\u00e9alisation est unique. Les villas sont align\u00e9es en retrait par rapport \u00e0 la voirie, avec des jardins se jouxtant \u00e0 l\u2019arri\u00e8re. Leur construction fait largement appel au style et aux mat\u00e9riaux utilis\u00e9s dans l\u2019Art d\u00e9co, b\u00e9ton arm\u00e9, fer forg\u00e9, bois, verre, en utilisant la production en volume pour diminuer les co\u00fbts, avec une forte volont\u00e9 d\u2019ornementation.<br \/><strong>Samedi 20 septembre : 16h-17h30<\/strong><br \/>Rendez-vous : devant la biblioth\u00e8que de l\u2019Alliance, 90 rue Stalingrad. <a href=\"https:\/\/www.grenoble-tourisme.com\" data-file_name=\"Lien vers le site de l&#039;Office de Tourisme de Grenoble\" class=\"external\" rel=\"nofollow noopener\" target=\"_blank\">Sur inscription aupr\u00e8s de l\u2019Office du Tourisme.<\/a><\/p>\n<p> Promenade patrimoniale : le long du cours Lib\u00e9ration \/ G\u00e9n\u00e9ral de Gaulle <\/p>\n<p>Visite assur\u00e9e par \u00c9lisabeth Garnier, Architecte DPLG, propos\u00e9e par la Direction de l\u2019Urbanisme et de l\u2019Am\u00e9nagement.<br \/>En parcourant le quartier, vous d\u00e9couvrirez l\u2019histoire de son urbanisation et de son architecture Art D\u00e9co. Arpenter le cours de la lib\u00e9ration et du G\u00e9n\u00e9ral de Gaulle, c\u2019est remonter au d\u00e9but du XXe si\u00e8cle, au moment o\u00f9 Grenoble s\u2019ouvre enfin vers le Sud, o\u00f9 les fortifications tombent, la rivi\u00e8re Drac est dompt\u00e9e, le chemin de fer se d\u00e9ploie, les industries et le commerce se d\u00e9veloppent.<br \/><strong>Dimanche 21 septembre : 14h00-15h30<\/strong><br \/>Rendez-vous : devant la biblioth\u00e8que de l\u2019Alliance, 90 rue Stalingrad. <a href=\"https:\/\/www.grenoble-tourisme.com\" data-file_name=\"Lien vers le site de l&#039;Office de Tourisme de Grenoble\" class=\"external\" rel=\"nofollow noopener\" target=\"_blank\">Sur inscription aupr\u00e8s de l\u2019Office du Tourisme. <\/a><\/p>\n<p> Les visites th\u00e9matis\u00e9es 1944, de la r\u00e9pression \u00e0 la Lib\u00e9ration <\/p>\n<p>2 visites men\u00e9es par des guides-conf\u00e9renciers de l\u2019Office de tourisme Grenoble-Alpes, propos\u00e9es par Ville d\u2019art et d\u2019histoire.<br \/>Alors que la R\u00e9sistance s\u2019organise en pr\u00e9vision de la Lib\u00e9ration, la pression de l\u2019occupant nazi et des forces de collaboration ne cesse de se renforcer, exacerb\u00e9e par les actions incessantes des R\u00e9sistant-es. D\u00e9couvrez et revivez comment se sont d\u00e9roul\u00e9s les mois d\u2019occupation jusqu\u2019\u00e0 l\u2019entr\u00e9e des troupes am\u00e9ricaines dans la ville le 22 ao\u00fbt 1944. Grenoble est alors lib\u00e9r\u00e9e !<\/p>\n<ul>\n<li>Samedi 20 septembre : 10h-12h<\/li>\n<li>Dimanche 21 septembre : 10h-12h<\/li>\n<\/ul>\n<p>Rendez-vous : Place Pasteur. <a href=\"https:\/\/www.grenoble-tourisme.com\" data-file_name=\"Lien vers le site de l&#039;Office de Tourisme de Grenoble\" class=\"external\" rel=\"nofollow noopener\" target=\"_blank\">R\u00e9servation obligatoire aupr\u00e8s de l\u2019Office du Tourisme.<\/a><\/p>\n<p> De la place de Verdun \u00e0 la place Victor-Hugo : l\u2019urbanisme grenoblois au XIXe si\u00e8cle <\/p>\n<p>2 visites assur\u00e9es par des guides-conf\u00e9renciers de l\u2019Office de tourisme Grenoble-Alpes, propos\u00e9es par Ville d\u2019art et d\u2019histoire.<\/p>\n<ul>\n<li>Samedi 20 septembre : 16h30-18h<\/li>\n<li>Dimanche 21 septembre : 14h-15h30<\/li>\n<\/ul>\n<p>Rendez-vous : devant l\u2019ancien mus\u00e9e-biblioth\u00e8que. <a href=\"https:\/\/www.grenoble-tourisme.com\" data-file_name=\"Lien vers le site de l&#039;Office de Tourisme de Grenoble\" class=\"external\" rel=\"nofollow noopener\" target=\"_blank\">R\u00e9servation obligatoire aupr\u00e8s de l\u2019Office du Tourisme.<\/a><\/p>\n<p> Grenoble, son \u00e9volution urbaine et architecturale&#8230; <\/p>\n<p>Visite men\u00e9e par des guides-conf\u00e9renciers de l\u2019Office de tourisme Grenoble-Alpes, propos\u00e9es par Ville d\u2019art et d\u2019histoire.<br \/>2 000 ans ! Depuis sa fondation au 1er si\u00e8cle avant J.-C., Grenoble n\u2019a cess\u00e9 de s\u2019agrandir. De la place de la Cymaise \u00e0 l\u2019\u00e9glise Saint-Jean, cette visite vous invite \u00e0 appr\u00e9hender et mieux comprendre les formes actuelles de la ville, son urbanisme, ses architectures et leurs \u00e9volutions.<\/p>\n<ul>\n<li>&#8230;du nord au sud<br \/><strong>Samedi 20 septembre : 10h30-12h<\/strong><br \/>Rendez-vous : Place de la Cymaise<\/li>\n<li>&#8230; d\u2019est en ouest<br \/><strong>Dimanche 21 septembre : 10h30-12h<\/strong><br \/>Rendez-vous : Place de la Cymaise<br \/>R\u00e9servation obligatoire aupr\u00e8s de l\u2019Office du Tourisme au 04 76 42 41 41, info@grenoble-tourisme.com ou www.grenoble-tourisme.com<\/li>\n<\/ul>\n<p> Grenoble, 2000 ans d\u2019histoire <\/p>\n<p>4 visites assur\u00e9es par des guides-conf\u00e9renciers de l\u2019Office de tourisme Grenoble-Alpes, propos\u00e9es par Ville d\u2019art et d\u2019histoire.<br \/>La capitale historique du Dauphin\u00e9 a la chance d\u2019avoir pr\u00e9serv\u00e9 un riche patrimoine architectural, de l\u2019\u00e9poque gallo-romaine au XXe si\u00e8cle.<br \/>D\u00e9couvrez les sp\u00e9cificit\u00e9s du patrimoine grenoblois avec ses monuments et lieux les plus marquants ! De l\u2019enceinte gallo-romaine au Mus\u00e9e de Grenoble et \u00e0 la Tour de l\u2019Isle voisine, en passant par le Palais du Parlement et l\u2019h\u00f4tel de Cro\u00ff-Chanel.<\/p>\n<ul>\n<li>Samedi 20 septembre: 10h-11h30 \/ 14h-15h30<\/li>\n<li>Dimanche 21 septembre : 10h-11h30 \/ 14h-15h30<\/li>\n<\/ul>\n<p>Rendez-vous : Office de tourisme Grenoble-Alpes. <a href=\"https:\/\/www.grenoble-tourisme.com\" data-file_name=\"Lien vers le site de l&#039;Office de Tourisme de Grenoble\" class=\"external\" rel=\"nofollow noopener\" target=\"_blank\">R\u00e9servation obligatoire aupr\u00e8s de l\u2019Office du Tourisme.<\/a><\/p>\n<p> Grenoble au fil des si\u00e8cles, une ville sculpt\u00e9e par les inondations <\/p>\n<p>Visite assur\u00e9e par des Guides-conf\u00e9renciers de l\u2019Office de tourisme Grenoble-Alpes, propos\u00e9e par la direction Pr\u00e9vention et Gestion des risques.<br \/><strong>Samedi 20 septembre : 13h30-15h<\/strong><br \/>Rendez-vous : Office de tourisme Grenoble-Alpes.<br \/>Une visite originale pour comprendre comment la ville s\u2019est construite contre et avec les inondations, du Moyen \u00c2ge au XXe si\u00e8cle, et conna\u00eetre les mesures qui sont prises pour toujours mieux prot\u00e9ger la ville du risque de crues.<br \/><a href=\"https:\/\/www.grenoble-tourisme.com\" data-file_name=\"Lien vers le site de l&#039;Office de Tourisme de Grenoble\" class=\"external\" rel=\"nofollow noopener\" target=\"_blank\">R\u00e9servation obligatoire aupr\u00e8s de l\u2019Office du Tourisme.<\/a><\/p>\n<p> Les visites de quartiers Les G\u00e9ants du quartier des Baladins <\/p>\n<p>Visite assur\u00e9e par un agent de la Mission Am\u00e9nagement des espaces publics, propos\u00e9e par Ville d\u2019Art et d\u2019Histoire<br \/>La place des G\u00e9ants tire son nom&#8230; des sculptures gigantesques qui s\u2019y trouvent ! Venez d\u00e9couvrir l\u2019histoire de ces G\u00e9ants devenus mythiques au sein du quartier.<br \/><strong>Samedi 20 septembre : 14h-15h<\/strong><br \/>Rendez-vous : devant la Maison des Habitant-es Les Baladins. <a href=\"https:\/\/www.grenoble-tourisme.com\" data-file_name=\"Lien vers le site de l&#039;Office de Tourisme de Grenoble\" class=\"external\" rel=\"nofollow noopener\" target=\"_blank\">R\u00e9servation obligatoire aupr\u00e8s de l\u2019Office du Tourisme.<\/a><\/p>\n<p> Grenoble depuis la Bastille : lecture de paysage <\/p>\n<p>8 visites assur\u00e9es par des guides-conf\u00e9renciers de l\u2019Office de tourisme Grenoble-Alpes, propos\u00e9es par Ville d\u2019art et d\u2019histoire.<\/p>\n<ul>\n<li>Samedi 20 septembre : 10h-10h45 \/ 11h-11h45 \/ 15h-15h45 \/ 16h-16h45<\/li>\n<li>Dimanche 21 septembre: 10h-10h45 \/ 11h-11h45 \/ 15h-15h45 \/ 16h-16h45<\/li>\n<\/ul>\n<p>Rendez-vous : Belv\u00e9d\u00e8re Vauban. <a href=\"https:\/\/www.grenoble-tourisme.com\" data-file_name=\"Lien vers le site de l&#039;Office de Tourisme de Grenoble\" class=\"external\" rel=\"nofollow noopener\" target=\"_blank\">R\u00e9servation obligatoire aupr\u00e8s de l\u2019Office du Tourisme.<\/a><\/p>\n<p> Cit\u00e9 de l\u2019Abbaye, r\u00e9tro-perspective <\/p>\n<p>Visite assur\u00e9e par B\u00e9n\u00e9dicte Chaljub, historienne de l\u2019architecture, et Nicolas Tixier, Architecte DPLG et membre du collectif Bazar Urbain, propos\u00e9e par la Direction de l\u2019Urbanisme et de l\u2019Am\u00e9nagement.<br \/>Comment a \u00e9volu\u00e9 le quartier ? Visites de b\u00e2timents remarquables comme la Maison des habitants et surtout la Cit\u00e9 de l\u2019Abbaye, \u201chabitation \u00e0 bon marche\u201d (HBM) qui a re\u00e7u le label Architecture contemporaine remarquable. Rencontre de personnes investies dans le quartier et projection de courts films montrant la cit\u00e9 \u00e0 diff\u00e9rentes \u00e9poques jusqu\u2019aux transformations actuelles, et d\u00e9couverte de l\u2019origine du nom Abbaye-les-Bains.<br \/><strong>Dimanche 21 septembre : 10h-12h30<\/strong><br \/>Rendez-vous : devant la Biblioth\u00e8que Abbaye-les-Bains, 1 rue de la Bajati\u00e8re. <a href=\"https:\/\/www.grenoble-tourisme.com\" data-file_name=\"Lien vers le site de l&#039;Office de Tourisme de Grenoble\" class=\"external\" rel=\"nofollow noopener\" target=\"_blank\">R\u00e9servation obligatoire aupr\u00e8s de l\u2019Office du Tourisme. <\/a><\/p>\n<p><a href=\"https:\/\/journeesdupatrimoine.culture.gouv.fr\/programme#\/search?query=grenoble@45.1785173,5.7355170,14.02\" data-file_name=\"Lien vers le site du minist\u00e8re de la culture : programme JEP 2025\" class=\"o-link external\" rel=\"nofollow noopener\" target=\"_blank\">Voir les autres visites et animations \u00e0 Grenoble<\/a><\/p>\n","protected":false},"excerpt":{"rendered":"Programme des journ\u00e9es europ\u00e9ennes du patrimoine \u00e0 Grenoble Les \u00e9tablissement culturels Les b\u00e2timents embl\u00e9matiques D\u00e9couverte de l\u2019H\u00f4tel de&hellip;\n","protected":false},"author":2,"featured_media":386811,"comment_status":"","ping_status":"","sticky":false,"template":"","format":"standard","meta":{"footnotes":""},"categories":[9566],"tags":[1111,11,2430,1777,674,1011,27,2731,12,25],"class_list":{"0":"post-386810","1":"post","2":"type-post","3":"status-publish","4":"format-standard","5":"has-post-thumbnail","7":"category-grenoble","8":"tag-actu","9":"tag-actualites","10":"tag-auvergne-rhone-alpes","11":"tag-eu","12":"tag-europe","13":"tag-fr","14":"tag-france","15":"tag-grenoble","16":"tag-news","17":"tag-republique-francaise"},"share_on_mastodon":{"url":"https:\/\/pubeurope.com\/@fr\/115194727261799318","error":""},"_links":{"self":[{"href":"https:\/\/www.europesays.com\/fr\/wp-json\/wp\/v2\/posts\/386810","targetHints":{"allow":["GET"]}}],"collection":[{"href":"https:\/\/www.europesays.com\/fr\/wp-json\/wp\/v2\/posts"}],"about":[{"href":"https:\/\/www.europesays.com\/fr\/wp-json\/wp\/v2\/types\/post"}],"author":[{"embeddable":true,"href":"https:\/\/www.europesays.com\/fr\/wp-json\/wp\/v2\/users\/2"}],"replies":[{"embeddable":true,"href":"https:\/\/www.europesays.com\/fr\/wp-json\/wp\/v2\/comments?post=386810"}],"version-history":[{"count":0,"href":"https:\/\/www.europesays.com\/fr\/wp-json\/wp\/v2\/posts\/386810\/revisions"}],"wp:featuredmedia":[{"embeddable":true,"href":"https:\/\/www.europesays.com\/fr\/wp-json\/wp\/v2\/media\/386811"}],"wp:attachment":[{"href":"https:\/\/www.europesays.com\/fr\/wp-json\/wp\/v2\/media?parent=386810"}],"wp:term":[{"taxonomy":"category","embeddable":true,"href":"https:\/\/www.europesays.com\/fr\/wp-json\/wp\/v2\/categories?post=386810"},{"taxonomy":"post_tag","embeddable":true,"href":"https:\/\/www.europesays.com\/fr\/wp-json\/wp\/v2\/tags?post=386810"}],"curies":[{"name":"wp","href":"https:\/\/api.w.org\/{rel}","templated":true}]}}