{"id":386815,"date":"2025-09-13T02:55:20","date_gmt":"2025-09-13T02:55:20","guid":{"rendered":"https:\/\/www.europesays.com\/fr\/386815\/"},"modified":"2025-09-13T02:55:20","modified_gmt":"2025-09-13T02:55:20","slug":"les-representations-de-l-europe-conference-a-strasbourg","status":"publish","type":"post","link":"https:\/\/www.europesays.com\/fr\/386815\/","title":{"rendered":"Les representations de l Europe : Conference a Strasbourg"},"content":{"rendered":"<p>\t\t\t\t\t\t\t\t\t<a href=\"https:\/\/www.dna.fr\/pour-sortir\/loisirs\/Rencontre-conference\/Conferences\/Alsace\/Bas-rhin\/Strasbourg\/2025\/11\/13\/javascript:history.back();\" rel=\"nofollow noopener\" class=\"backToSearch\" target=\"_blank\">Retour \u00e0 la recherche<\/a><\/p>\n<p class=\"media-desc\" itemprop=\"description\">&#13;<br \/>\n\t\t\t\t\tConf\u00e9rence de l\u2019\u00e9crivaine tch\u00e8que Lenka Horn\u00e1kov\u00e1-Civade dans le cadre de sa r\u00e9sidence \u00e0 l\u2019Universit\u00e9 de Strasbourg et du cycle \u00ab Tisser l\u2019Europe : imaginaires, m\u00e9moires et fictions \u00bb.&#13;<br \/>\n\t\t\t\t\t\t\t\t\t\t\t&#13;<br \/>\n\t\t\t\t\t\t\t\t\t\t(L\u2019)Europe, bien plus qu\u2019un simple continent g\u00e9ographique, est une construction culturelle, historique et politique qui a \u00e9volu\u00e9 au fil des si\u00e8cles. Les \u00ab repr\u00e9sentations de l\u2019Europe \u00bb m\u00ealent des r\u00e9f\u00e9rences mythologiques (comme le mythe de la princesse Europe), une histoire partag\u00e9e, souvent conflictuelle, et une aspiration moderne \u00e0 l\u2019unit\u00e9. L&rsquo;Europe ne cesse de se red\u00e9finir \u00e0 travers les discours politiques, les productions culturelles et les imaginaires collectifs. L\u2019Europe est un \u00ab espace pluriel \u00bb, dont l\u2019identit\u00e9 doit d\u2019\u00eatre questionn\u00e9e, d\u00e9battue, mais aussi r\u00eav\u00e9e.&#13;\n\t\t\t\t  <\/p>\n","protected":false},"excerpt":{"rendered":"Retour \u00e0 la recherche &#13; Conf\u00e9rence de l\u2019\u00e9crivaine tch\u00e8que Lenka Horn\u00e1kov\u00e1-Civade dans le cadre de sa r\u00e9sidence \u00e0&hellip;\n","protected":false},"author":2,"featured_media":386816,"comment_status":"","ping_status":"","sticky":false,"template":"","format":"standard","meta":{"footnotes":""},"categories":[2820],"tags":[1111,11,1777,674,1011,27,775,12,25,640],"class_list":{"0":"post-386815","1":"post","2":"type-post","3":"status-publish","4":"format-standard","5":"has-post-thumbnail","7":"category-strasbourg","8":"tag-actu","9":"tag-actualites","10":"tag-eu","11":"tag-europe","12":"tag-fr","13":"tag-france","14":"tag-grand-est","15":"tag-news","16":"tag-republique-francaise","17":"tag-strasbourg"},"share_on_mastodon":{"url":"https:\/\/pubeurope.com\/@fr\/115194738966519491","error":""},"_links":{"self":[{"href":"https:\/\/www.europesays.com\/fr\/wp-json\/wp\/v2\/posts\/386815","targetHints":{"allow":["GET"]}}],"collection":[{"href":"https:\/\/www.europesays.com\/fr\/wp-json\/wp\/v2\/posts"}],"about":[{"href":"https:\/\/www.europesays.com\/fr\/wp-json\/wp\/v2\/types\/post"}],"author":[{"embeddable":true,"href":"https:\/\/www.europesays.com\/fr\/wp-json\/wp\/v2\/users\/2"}],"replies":[{"embeddable":true,"href":"https:\/\/www.europesays.com\/fr\/wp-json\/wp\/v2\/comments?post=386815"}],"version-history":[{"count":0,"href":"https:\/\/www.europesays.com\/fr\/wp-json\/wp\/v2\/posts\/386815\/revisions"}],"wp:featuredmedia":[{"embeddable":true,"href":"https:\/\/www.europesays.com\/fr\/wp-json\/wp\/v2\/media\/386816"}],"wp:attachment":[{"href":"https:\/\/www.europesays.com\/fr\/wp-json\/wp\/v2\/media?parent=386815"}],"wp:term":[{"taxonomy":"category","embeddable":true,"href":"https:\/\/www.europesays.com\/fr\/wp-json\/wp\/v2\/categories?post=386815"},{"taxonomy":"post_tag","embeddable":true,"href":"https:\/\/www.europesays.com\/fr\/wp-json\/wp\/v2\/tags?post=386815"}],"curies":[{"name":"wp","href":"https:\/\/api.w.org\/{rel}","templated":true}]}}