{"id":386817,"date":"2025-09-13T02:56:15","date_gmt":"2025-09-13T02:56:15","guid":{"rendered":"https:\/\/www.europesays.com\/fr\/386817\/"},"modified":"2025-09-13T02:56:15","modified_gmt":"2025-09-13T02:56:15","slug":"des-singes-de-laboratoire-sechappent-dans-la-nature-apres-un-cambriolage","status":"publish","type":"post","link":"https:\/\/www.europesays.com\/fr\/386817\/","title":{"rendered":"des singes de laboratoire s\u2019\u00e9chappent dans la nature apr\u00e8s un cambriolage"},"content":{"rendered":"<p>Depuis des ann\u00e9es, des associations militent pour la fermeture du centre, telle Pro Anima, qui d\u00e9fend une recherche scientifique sans recours aux animaux. Vendredi, 12 ouistitis manquaient toujours \u00ab\u00a0ainsi que trois bo\u00eetes \u00e0 nid. Nous supposons que certains animaux ont \u00e9t\u00e9 vol\u00e9s, sans exclure que certains puissent \u00eatre aux abords du site\u00a0\u00bb, pr\u00e9cise l\u2019Unistra.<\/p>\n<p>Deux animaux ont d\u00e9j\u00e0 \u00e9t\u00e9 r\u00e9cup\u00e9r\u00e9s dans l\u2019enceinte du site \u00ab\u00a0et sont en bonne sant\u00e9\u00a0\u00bb. Des zootechniciens et des responsables du bien-\u00eatre animal sont charg\u00e9s des recherches des ouistitis susceptibles d\u2019\u00eatre encore aux abords ou sur le site, selon l\u2019Unistra.<\/p>\n<p>Le centre de recherche abrite plus de 800 singes de neuf esp\u00e8ces dont certains peuvent \u00e9voluer en plein air dans de vastes enclos. Les ouistitis p\u00e8sent entre 300 et 500 grammes \u00e0 l\u2019\u00e2ge adulte, et ne repr\u00e9sentent \u00ab\u00a0aucun risque pour les populations locales\u00a0\u00bb, a tenu \u00e0 rassurer l\u2019Unistra.<\/p>\n<p>Chances de survie \u00ab\u00a0tr\u00e8s faibles\u00a0\u00bb<\/p>\n<p>A contrario, cet animal est \u00ab\u00a0plut\u00f4t stress\u00e9 de se retrouver en dehors de son environnement et de ses cong\u00e9n\u00e8res\u00a0\u00bb et ses chances de survie \u00e0 l\u2019ext\u00e9rieur \u00ab\u00a0sont tr\u00e8s faibles\u00a0\u00bb\u00a0: le ouistiti vit dans une animalerie reproduisant les conditions de la for\u00eat amazonienne, avec une temp\u00e9rature constante de 28\u00a0\u00b0C.<\/p>\n<p>\u00ab\u00a0Les cambrioleurs, par leurs actes, n\u2019ont aucune pr\u00e9occupation du bien-\u00eatre de ces animaux\u00a0\u00bb, a d\u00e9plor\u00e9 l\u2019Universit\u00e9. \u00ab\u00a0Une plainte a \u00e9t\u00e9 d\u00e9pos\u00e9e \u00e0 la gendarmerie de Mundolsheim et les services des douanes ont \u00e9t\u00e9 inform\u00e9s pour les contr\u00f4les aux fronti\u00e8res\u00a0\u00bb, a-t-elle indiqu\u00e9. Les mesures de s\u00e9curit\u00e9 du site ont \u00e9t\u00e9 renforc\u00e9es.<\/p>\n","protected":false},"excerpt":{"rendered":"Depuis des ann\u00e9es, des associations militent pour la fermeture du centre, telle Pro Anima, qui d\u00e9fend une recherche&hellip;\n","protected":false},"author":2,"featured_media":386818,"comment_status":"","ping_status":"","sticky":false,"template":"","format":"standard","meta":{"footnotes":""},"categories":[2820],"tags":[1111,11,1777,674,1011,27,775,12,25,640],"class_list":{"0":"post-386817","1":"post","2":"type-post","3":"status-publish","4":"format-standard","5":"has-post-thumbnail","7":"category-strasbourg","8":"tag-actu","9":"tag-actualites","10":"tag-eu","11":"tag-europe","12":"tag-fr","13":"tag-france","14":"tag-grand-est","15":"tag-news","16":"tag-republique-francaise","17":"tag-strasbourg"},"share_on_mastodon":{"url":"https:\/\/pubeurope.com\/@fr\/115194742966108470","error":""},"_links":{"self":[{"href":"https:\/\/www.europesays.com\/fr\/wp-json\/wp\/v2\/posts\/386817","targetHints":{"allow":["GET"]}}],"collection":[{"href":"https:\/\/www.europesays.com\/fr\/wp-json\/wp\/v2\/posts"}],"about":[{"href":"https:\/\/www.europesays.com\/fr\/wp-json\/wp\/v2\/types\/post"}],"author":[{"embeddable":true,"href":"https:\/\/www.europesays.com\/fr\/wp-json\/wp\/v2\/users\/2"}],"replies":[{"embeddable":true,"href":"https:\/\/www.europesays.com\/fr\/wp-json\/wp\/v2\/comments?post=386817"}],"version-history":[{"count":0,"href":"https:\/\/www.europesays.com\/fr\/wp-json\/wp\/v2\/posts\/386817\/revisions"}],"wp:featuredmedia":[{"embeddable":true,"href":"https:\/\/www.europesays.com\/fr\/wp-json\/wp\/v2\/media\/386818"}],"wp:attachment":[{"href":"https:\/\/www.europesays.com\/fr\/wp-json\/wp\/v2\/media?parent=386817"}],"wp:term":[{"taxonomy":"category","embeddable":true,"href":"https:\/\/www.europesays.com\/fr\/wp-json\/wp\/v2\/categories?post=386817"},{"taxonomy":"post_tag","embeddable":true,"href":"https:\/\/www.europesays.com\/fr\/wp-json\/wp\/v2\/tags?post=386817"}],"curies":[{"name":"wp","href":"https:\/\/api.w.org\/{rel}","templated":true}]}}