{"id":386821,"date":"2025-09-13T02:58:14","date_gmt":"2025-09-13T02:58:14","guid":{"rendered":"https:\/\/www.europesays.com\/fr\/386821\/"},"modified":"2025-09-13T02:58:14","modified_gmt":"2025-09-13T02:58:14","slug":"nantes-a-quelle-heure-et-sur-quelle-chaine-regarder-le-match-de-ligue-1-en-direct-4","status":"publish","type":"post","link":"https:\/\/www.europesays.com\/fr\/386821\/","title":{"rendered":"Nantes : \u00e0 quelle heure et sur quelle cha\u00eene regarder le match de Ligue 1 en direct ?"},"content":{"rendered":"<p>L\u2019OGC Nice re\u00e7oit le FC Nantes ce samedi 13 septembre \u00e0 l\u2019Allianz Riviera, dans le cadre de la 4e journ\u00e9e de Ligue 1 McDonald\u2019s. D\u00e9couvrez \u00e0 quelle heure et sur quelle cha\u00eene suivre le match en direct.<\/p>\n<p>Le coup d\u2019envoi de la rencontre entre Nice et Nantes sera donn\u00e9 ce samedi 13 septembre \u00e0 17h. Le match sera retransmis en direct et en exclusivit\u00e9 sur la cha\u00eene Ligue 1+, diffuseur officiel du championnat depuis cette saison. Les abonn\u00e9s pourront \u00e9galement suivre l\u2019affiche via la plateforme DAZN.<\/p>\n<p><a href=\"https:\/\/www.jdoqocy.com\/click-9233517-17139035\" title=\"\ud83d\udd0e Regardez le match en direct sur Ligue 1+\" target=\"_blank\" rel=\"nofollow noopener\"><\/p>\n<p>\ud83d\udd0e Regardez le match en direct sur Ligue 1+<\/p>\n<p><\/a><a href=\"https:\/\/dazn.prf.hn\/click\/camref:1100lLQ6c\" title=\"\ud83d\udd0e Regardez le match sur DAZN\" target=\"_blank\" rel=\"nofollow noopener\"><\/p>\n<p>\ud83d\udd0e Regardez le match sur DAZN<\/p>\n<p><\/a>Ligue 1 : Nice-Nantes, un match pour se relancer<\/p>\n<p>Apr\u00e8s trois journ\u00e9es disput\u00e9es, Nice et Nantes sont d\u00e9j\u00e0 en qu\u00eate de r\u00e9gularit\u00e9. Les deux \u00e9quipes totalisent trois points et occupent le ventre mou du classement : 12e pour les Aiglons, 13e pour les Canaris, s\u00e9par\u00e9s uniquement par la diff\u00e9rence de buts. Nice esp\u00e8re enfin lancer sa saison devant son public. Solides d\u00e9fensivement mais trop timides dans les trente derniers m\u00e8tres, les hommes de Franck Haise misent sur ce duel pour gagner en efficacit\u00e9 offensive. Le technicien ni\u00e7ois compte sur son collectif et sur le soutien de l\u2019Allianz Riviera pour enclencher une dynamique positive. En face, Nantes peine \u00e0 trouver son \u00e9quilibre. Capables du meilleur comme du pire, les Canaris affichent des fragilit\u00e9s d\u00e9fensives et un manque de constance. S\u2019imposer \u00e0 Nice ne sera pas simple, mais les Nantais ont d\u00e9j\u00e0 prouv\u00e9 qu\u2019ils pouvaient surprendre. L\u2019historique, lui, ne joue pas en faveur des Aiglons : aucune victoire face \u00e0 Nantes lors des cinq derniers affrontements (trois d\u00e9faites, deux nuls).<\/p>\n<p>Comment suivre le match Nice &#8211; Nantes avec l\u2019offre Ligue 1+ ?<\/p>\n<p>Ligue 1+ est au coeur de la diffusion du championnat fran\u00e7ais cette saison. Chaque week-end, la cha\u00eene propose huit matchs en direct et offre ainsi une couverture quasi compl\u00e8te de la comp\u00e9tition. L\u2019affiche Nice-Nantes sera diffus\u00e9e ce samedi \u00e0 17h. L\u2019abonnement est disponible \u00e0 14,99\u20ac\/mois avec engagement d\u2019un an ou 19,99\u20ac\/mois sans engagement. Une offre jeunes (-26 ans) est \u00e9galement propos\u00e9e au prix de 9,99\u20ac par mois, accessible sur tablette, mobile ou ordinateur.<\/p>\n<p><a href=\"https:\/\/www.jdoqocy.com\/click-9233517-17139035\" target=\"_blank\" class=\"external_link\" rel=\"nofollow noopener\">Cliquez ici pour profiter de l\u2019offre Ligue 1+<\/a><\/p>\n<p>Le match sera aussi visible via DAZN, qui propose un pack coupl\u00e9 avec Ligue1+ \u00e0 16,99\u20ac\/mois pendant un an ou 21,99\u20ac\/mois sans engagement.<\/p>\n<p><a href=\"https:\/\/dazn.prf.hn\/click\/camref:1100lLQ6c\" target=\"_blank\" class=\"external_link\" rel=\"nofollow noopener\">Cliquez ici pour profiter de l\u2019offre DAZN avec Ligue 1+<\/a><\/p>\n<p>Ce contenu a \u00e9t\u00e9 r\u00e9alis\u00e9 par un expert de l\u2019\u00e9quipe shopping de RMC Sport, ind\u00e9pendante de la r\u00e9daction de RMC Sport. Les prix indiqu\u00e9s sont donn\u00e9s \u00e0 titre indicatif et sont susceptibles d\u2019\u00e9voluer. RMC Sport est susceptible de percevoir une r\u00e9mun\u00e9ration lorsqu\u2019un de nos lecteurs proc\u00e8de \u00e0 un achat via les liens int\u00e9gr\u00e9s dans cet article.<\/p>\n","protected":false},"excerpt":{"rendered":"L\u2019OGC Nice re\u00e7oit le FC Nantes ce samedi 13 septembre \u00e0 l\u2019Allianz Riviera, dans le cadre de la&hellip;\n","protected":false},"author":2,"featured_media":386822,"comment_status":"","ping_status":"","sticky":false,"template":"","format":"standard","meta":{"footnotes":""},"categories":[2819],"tags":[1111,11,1777,674,1011,27,12,2401,882,25],"class_list":{"0":"post-386821","1":"post","2":"type-post","3":"status-publish","4":"format-standard","5":"has-post-thumbnail","7":"category-nice","8":"tag-actu","9":"tag-actualites","10":"tag-eu","11":"tag-europe","12":"tag-fr","13":"tag-france","14":"tag-news","15":"tag-nice","16":"tag-provence-alpes-cote-dazur","17":"tag-republique-francaise"},"share_on_mastodon":{"url":"https:\/\/pubeurope.com\/@fr\/115194750811766484","error":""},"_links":{"self":[{"href":"https:\/\/www.europesays.com\/fr\/wp-json\/wp\/v2\/posts\/386821","targetHints":{"allow":["GET"]}}],"collection":[{"href":"https:\/\/www.europesays.com\/fr\/wp-json\/wp\/v2\/posts"}],"about":[{"href":"https:\/\/www.europesays.com\/fr\/wp-json\/wp\/v2\/types\/post"}],"author":[{"embeddable":true,"href":"https:\/\/www.europesays.com\/fr\/wp-json\/wp\/v2\/users\/2"}],"replies":[{"embeddable":true,"href":"https:\/\/www.europesays.com\/fr\/wp-json\/wp\/v2\/comments?post=386821"}],"version-history":[{"count":0,"href":"https:\/\/www.europesays.com\/fr\/wp-json\/wp\/v2\/posts\/386821\/revisions"}],"wp:featuredmedia":[{"embeddable":true,"href":"https:\/\/www.europesays.com\/fr\/wp-json\/wp\/v2\/media\/386822"}],"wp:attachment":[{"href":"https:\/\/www.europesays.com\/fr\/wp-json\/wp\/v2\/media?parent=386821"}],"wp:term":[{"taxonomy":"category","embeddable":true,"href":"https:\/\/www.europesays.com\/fr\/wp-json\/wp\/v2\/categories?post=386821"},{"taxonomy":"post_tag","embeddable":true,"href":"https:\/\/www.europesays.com\/fr\/wp-json\/wp\/v2\/tags?post=386821"}],"curies":[{"name":"wp","href":"https:\/\/api.w.org\/{rel}","templated":true}]}}