{"id":386823,"date":"2025-09-13T02:59:15","date_gmt":"2025-09-13T02:59:15","guid":{"rendered":"https:\/\/www.europesays.com\/fr\/386823\/"},"modified":"2025-09-13T02:59:15","modified_gmt":"2025-09-13T02:59:15","slug":"la-place-du-commerce-parfumee-au-basilic-a-nantes","status":"publish","type":"post","link":"https:\/\/www.europesays.com\/fr\/386823\/","title":{"rendered":"La place du Commerce parfum\u00e9e au basilic \u00e0 Nantes"},"content":{"rendered":"<p>Les chefs sont \u00e0 l\u2019\u0153uvre dans ce basilic bar \u00e9ph\u00e9m\u00e8re install\u00e9 place du Commerce \u00e0 Nantes jusqu\u2019\u00e0 samedi 13\u00a0septembre. Un \u00e9v\u00e9nement de la marque de p\u00e2tes Barilla, qui donne rendez-vous aux Nantais pour d\u00e9guster\u00a0des recettes, m\u00e9langes de traditions italiennes et sp\u00e9cialit\u00e9s r\u00e9gionales.<\/p>\n<p>\t<img decoding=\"async\" src=\"https:\/\/www.europesays.com\/fr\/wp-content\/uploads\/2025\/09\/P35458251D6972626G_px_640_.jpg\" alt=\"photo le basilic, de la plante \u00e0 l'assiette !  \u00a9  ouest-france\" width=\"640\" title=\" Le basilic, de la plante \u00e0 l'assiette !   Ouest-France \"\/><\/p>\n<p class=\"elmt-legende\"> Le basilic, de la plante \u00e0 l&rsquo;assiette !   Ouest-France <\/p>\n<p>Mozzarella di bufala campana AOP, pesto rosso, cr\u00e9meux,\u00a0etc.\u00a0: place \u00e0 des d\u00e9gustations gratuites gourmandes\u00a0!<\/p>\n<p>Vendredi\u00a012 et samedi 13\u00a0septembre de 11\u00a0h \u00e0 20\u00a0h, place du Commerce \u00e0 Nantes.<\/p>\n<p>\u00a0<\/p>\n","protected":false},"excerpt":{"rendered":"Les chefs sont \u00e0 l\u2019\u0153uvre dans ce basilic bar \u00e9ph\u00e9m\u00e8re install\u00e9 place du Commerce \u00e0 Nantes jusqu\u2019\u00e0 samedi&hellip;\n","protected":false},"author":2,"featured_media":386824,"comment_status":"","ping_status":"","sticky":false,"template":"","format":"standard","meta":{"footnotes":""},"categories":[2818],"tags":[1111,11,51942,215,1777,674,1011,27,766,12,51941,2636,5536,25],"class_list":{"0":"post-386823","1":"post","2":"type-post","3":"status-publish","4":"format-standard","5":"has-post-thumbnail","7":"category-nantes","8":"tag-actu","9":"tag-actualites","10":"tag-basilic","11":"tag-commerce","12":"tag-eu","13":"tag-europe","14":"tag-fr","15":"tag-france","16":"tag-nantes","17":"tag-news","18":"tag-parfumee","19":"tag-pays-de-la-loire","20":"tag-place","21":"tag-republique-francaise"},"share_on_mastodon":{"url":"https:\/\/pubeurope.com\/@fr\/115194755329923979","error":""},"_links":{"self":[{"href":"https:\/\/www.europesays.com\/fr\/wp-json\/wp\/v2\/posts\/386823","targetHints":{"allow":["GET"]}}],"collection":[{"href":"https:\/\/www.europesays.com\/fr\/wp-json\/wp\/v2\/posts"}],"about":[{"href":"https:\/\/www.europesays.com\/fr\/wp-json\/wp\/v2\/types\/post"}],"author":[{"embeddable":true,"href":"https:\/\/www.europesays.com\/fr\/wp-json\/wp\/v2\/users\/2"}],"replies":[{"embeddable":true,"href":"https:\/\/www.europesays.com\/fr\/wp-json\/wp\/v2\/comments?post=386823"}],"version-history":[{"count":0,"href":"https:\/\/www.europesays.com\/fr\/wp-json\/wp\/v2\/posts\/386823\/revisions"}],"wp:featuredmedia":[{"embeddable":true,"href":"https:\/\/www.europesays.com\/fr\/wp-json\/wp\/v2\/media\/386824"}],"wp:attachment":[{"href":"https:\/\/www.europesays.com\/fr\/wp-json\/wp\/v2\/media?parent=386823"}],"wp:term":[{"taxonomy":"category","embeddable":true,"href":"https:\/\/www.europesays.com\/fr\/wp-json\/wp\/v2\/categories?post=386823"},{"taxonomy":"post_tag","embeddable":true,"href":"https:\/\/www.europesays.com\/fr\/wp-json\/wp\/v2\/tags?post=386823"}],"curies":[{"name":"wp","href":"https:\/\/api.w.org\/{rel}","templated":true}]}}