{"id":386825,"date":"2025-09-13T03:00:40","date_gmt":"2025-09-13T03:00:40","guid":{"rendered":"https:\/\/www.europesays.com\/fr\/386825\/"},"modified":"2025-09-13T03:00:40","modified_gmt":"2025-09-13T03:00:40","slug":"les-gerants-des-bars-maintiennent-leur-barathon-la-mairie-craint-des-debordements-2","status":"publish","type":"post","link":"https:\/\/www.europesays.com\/fr\/386825\/","title":{"rendered":"Les g\u00e9rants des bars maintiennent leur \u00ab barathon \u00bb, la mairie craint des d\u00e9bordements"},"content":{"rendered":"<p class=\"mb-4 text-lg md:leading-8 break-words\"><strong>qui va trinquer ? &#8211; Dans un communiqu\u00e9 publi\u00e9 le 8 septembre, les \u00e9lus municipaux s\u2019opposent \u00e0 l\u2019organisation d\u2019un \u00ab grand barathon \u00bb en centre-ville de Nantes. Pour les patrons des \u00e9tablissements concern\u00e9s, la f\u00eate aura bien lieu<\/strong><\/p>\n<p class=\"mb-4 text-lg md:leading-8 break-words\">Vous \u00e9tiez pass\u00e9s entre les mailles de l\u2019engouement pour le <a href=\"https:\/\/www.20minutes.fr\/sante\/4168916-20250821-marathoniens-plus-exposes-cancer-colorectal-selon-etude?at_medium=RSS%20feed&amp;at_campaign=ynews&amp;utm_source=yahoo&amp;utm_medium=rss&amp;utm_campaign=news_feed&amp;utm_content=in_article_link\" rel=\"nofollow noopener\" target=\"_blank\" data-ylk=\"slk:marathon;elm:context_link;itc:0;sec:content-canvas\" class=\"link \">marathon<\/a> sur les r\u00e9seaux mais cette ann\u00e9e, c\u2019est un nouveau concept qui fait parler. Si vous \u00eates plus <a href=\"https:\/\/www.20minutes.fr\/societe\/4039628-20230621-remis-danser-trois-ans-apres-covid-19-comment-jeunesse-reapproprie-nuit?at_medium=RSS%20feed&amp;at_campaign=ynews&amp;utm_source=yahoo&amp;utm_medium=rss&amp;utm_campaign=news_feed&amp;utm_content=in_article_link\" rel=\"nofollow noopener\" target=\"_blank\" data-ylk=\"slk:f\u00eatard;elm:context_link;itc:0;sec:content-canvas\" class=\"link \">f\u00eatard<\/a> que sportif alors vous avez s\u00fbrement d\u00e9j\u00e0 entendu parler des barathons. Le concept, souvent destin\u00e9 aux \u00e9tudiants, consiste \u00e0 encha\u00eener les verres, payants et offerts, dans plusieurs bars d\u2019une m\u00eame ville dans un esprit \u00ab festif \u00bb.<\/p>\n<p class=\"mb-4 text-lg md:leading-8 break-words\">Les 16 et 17 octobre, la \u00ab tourn\u00e9e des bars nantaise \u00bb, comme se d\u00e9finit l\u2019\u00e9v\u00e9nement sur son <a href=\"https:\/\/legrandbarathon.com\/nantes\/?at_medium=RSS%20feed&amp;at_campaign=ynews&amp;utm_source=yahoo&amp;utm_medium=rss&amp;utm_campaign=news_feed&amp;utm_content=in_article_link\" rel=\"nofollow noopener\" target=\"_blank\" data-ylk=\"slk:site Internet;elm:context_link;itc:0;sec:content-canvas\" class=\"link \">site Internet<\/a>, promet une soir\u00e9e \u00ab ann\u00e9es 2000 \u00bb dans 18 \u00e9tablissements de la cit\u00e9 des ducs. Si l\u2019ambiance s\u2019annonce bon enfant, les \u00e9lus locaux et plusieurs collectifs voient rouge.<\/p>\n<p>Consommation d\u2019alcool<\/p>\n<p class=\"mb-4 text-lg md:leading-8 break-words\">Dans un communiqu\u00e9 cosign\u00e9 et publi\u00e9 le 8 septembre, plusieurs adjoints \u00e0 la maire de Nantes, des repr\u00e9sentants de l\u2019universit\u00e9 de la ville ainsi que plusieurs organismes de l\u2019h\u00f4tellerie et de la restauration dans la r\u00e9gion accusent les organisateurs du barathon de \u00ab promouvoir une tourn\u00e9e des bars aupr\u00e8s d\u2019un public majoritairement jeune, en mettant en avant une <a href=\"https:\/\/www.20minutes.fr\/sante\/4089376-20240502-alcool-regions-boit-plus-plus-souvent?at_medium=RSS%20feed&amp;at_campaign=ynews&amp;utm_source=yahoo&amp;utm_medium=rss&amp;utm_campaign=news_feed&amp;utm_content=in_article_link\" rel=\"nofollow noopener\" target=\"_blank\" data-ylk=\"slk:consommation d\u2019alcool;elm:context_link;itc:0;sec:content-canvas\" class=\"link \">consommation d\u2019alcool<\/a> \u00e0 des tarifs attractif, dans un format festif et incitatif \u00bb.<\/p>\n<p class=\"mb-4 text-lg md:leading-8 break-words\">\u00ab Nous nous \u00e9tions d\u00e9j\u00e0 oppos\u00e9s \u00e0 la premi\u00e8re \u00e9dition du barathon \u00e0 Nantes \u00bb, rappelle Gildas Sala\u00fcn, adjoint \u00e0 la maire de Nantes en charge du centre-ville, des commerces et de la ville de nuit. Mais l\u2019\u00e9v\u00e9nement se d\u00e9roulant dans des \u00e9tablissements priv\u00e9s, la mairie ne peut en interdire son organisation. \u00ab Au cours de cette soir\u00e9e, quatre jeunes e(&#8230;)<\/p>\n<p class=\"mb-4 text-lg md:leading-8 break-words\"><a href=\"https:\/\/www.20minutes.fr\/nantes\/4172736-20250912-nantes-gerants-bars-maintiennent-barathon-mairie-craint-debordements?at_medium=RSS%20feed&amp;at_campaign=ynews&amp;utm_source=yahoo&amp;utm_medium=rss&amp;utm_campaign=news_feed&amp;utm_content=read_more_link&quot;\" rel=\"nofollow noopener\" target=\"_blank\" data-ylk=\"slk:Lire la suite sur 20minutes;elm:context_link;itc:0;sec:content-canvas\" class=\"link \">Lire la suite sur 20minutes<\/a><\/p>\n<p>\u00c0 lire aussi :<br \/><a href=\"https:\/\/www.20minutes.fr\/societe\/4170222-20250829-rochelle-restaurateur-distribue-bracelets-depistage-ghb-clients?at_medium=RSS%20feed&amp;at_campaign=ynews&amp;utm_source=yahoo&amp;utm_medium=rss&amp;utm_campaign=news_feed&amp;utm_content=related_content_link\" rel=\"nofollow noopener\" target=\"_blank\" data-ylk=\"slk:La Rochelle : Ce restaurateur distribue des bracelets de d\u00e9pistage du GHB \u00e0 ses clients;elm:context_link;itc:0;sec:content-canvas\" class=\"link \">La Rochelle : Ce restaurateur distribue des bracelets de d\u00e9pistage du GHB \u00e0 ses clients<\/a><br \/><a href=\"https:\/\/www.20minutes.fr\/societe\/4172409-20250911-drogues-alcool-forte-baisse-consommation-adolescents-10-ans?at_medium=RSS%20feed&amp;at_campaign=ynews&amp;utm_source=yahoo&amp;utm_medium=rss&amp;utm_campaign=news_feed&amp;utm_content=related_content_link\" rel=\"nofollow noopener\" target=\"_blank\" data-ylk=\"slk:Drogues et alcool : Forte baisse de la consommation des adolescents en 10 ans;elm:context_link;itc:0;sec:content-canvas\" class=\"link \">Drogues et alcool : Forte baisse de la consommation des adolescents en 10 ans<\/a><\/p>\n","protected":false},"excerpt":{"rendered":"qui va trinquer ? &#8211; Dans un communiqu\u00e9 publi\u00e9 le 8 septembre, les \u00e9lus municipaux s\u2019opposent \u00e0 l\u2019organisation&hellip;\n","protected":false},"author":2,"featured_media":386826,"comment_status":"","ping_status":"","sticky":false,"template":"","format":"standard","meta":{"footnotes":""},"categories":[2818],"tags":[1111,11,51947,51946,51944,51943,1777,674,1011,27,51945,766,12,2636,25],"class_list":{"0":"post-386825","1":"post","2":"type-post","3":"status-publish","4":"format-standard","5":"has-post-thumbnail","7":"category-nantes","8":"tag-actu","9":"tag-actualites","10":"tag-barathon","11":"tag-consommation-des-adolescents","12":"tag-elus-municipaux","13":"tag-etablissements-prives","14":"tag-eu","15":"tag-europe","16":"tag-fr","17":"tag-france","18":"tag-maire-de-nantes","19":"tag-nantes","20":"tag-news","21":"tag-pays-de-la-loire","22":"tag-republique-francaise"},"share_on_mastodon":{"url":"https:\/\/pubeurope.com\/@fr\/115194758642362732","error":""},"_links":{"self":[{"href":"https:\/\/www.europesays.com\/fr\/wp-json\/wp\/v2\/posts\/386825","targetHints":{"allow":["GET"]}}],"collection":[{"href":"https:\/\/www.europesays.com\/fr\/wp-json\/wp\/v2\/posts"}],"about":[{"href":"https:\/\/www.europesays.com\/fr\/wp-json\/wp\/v2\/types\/post"}],"author":[{"embeddable":true,"href":"https:\/\/www.europesays.com\/fr\/wp-json\/wp\/v2\/users\/2"}],"replies":[{"embeddable":true,"href":"https:\/\/www.europesays.com\/fr\/wp-json\/wp\/v2\/comments?post=386825"}],"version-history":[{"count":0,"href":"https:\/\/www.europesays.com\/fr\/wp-json\/wp\/v2\/posts\/386825\/revisions"}],"wp:featuredmedia":[{"embeddable":true,"href":"https:\/\/www.europesays.com\/fr\/wp-json\/wp\/v2\/media\/386826"}],"wp:attachment":[{"href":"https:\/\/www.europesays.com\/fr\/wp-json\/wp\/v2\/media?parent=386825"}],"wp:term":[{"taxonomy":"category","embeddable":true,"href":"https:\/\/www.europesays.com\/fr\/wp-json\/wp\/v2\/categories?post=386825"},{"taxonomy":"post_tag","embeddable":true,"href":"https:\/\/www.europesays.com\/fr\/wp-json\/wp\/v2\/tags?post=386825"}],"curies":[{"name":"wp","href":"https:\/\/api.w.org\/{rel}","templated":true}]}}