{"id":386827,"date":"2025-09-13T03:02:19","date_gmt":"2025-09-13T03:02:19","guid":{"rendered":"https:\/\/www.europesays.com\/fr\/386827\/"},"modified":"2025-09-13T03:02:19","modified_gmt":"2025-09-13T03:02:19","slug":"decentralisation-et-avenir-de-lex-site-de-ford-a-blanquefort-alain-rousset-a-fait-sa-rentree","status":"publish","type":"post","link":"https:\/\/www.europesays.com\/fr\/386827\/","title":{"rendered":"d\u00e9centralisation et avenir de l\u2019ex-site de Ford \u00e0 Blanquefort, Alain Rousset a fait sa rentr\u00e9e"},"content":{"rendered":"<p>\u00c9cosyst\u00e8me<\/p>\n<p>vendredi 12 septembre  2025<\/p>\n<p class=\"legende\">\n\t\t\t\t\t\t\t\t\tAlain Rousset a rappel\u00e9 son combat pour la d\u00e9centralisation lors de sa conf\u00e9rence de rentr\u00e9e. Cr\u00e9dits : MB\n\t\t\t\t\t\t\t\t<\/p>\n<p class=\"excerpt\">Dans une conf\u00e9rence donn\u00e9e \u00e0 la presse, le pr\u00e9sident de la R\u00e9gion Nouvelle-Aquitaine Alain Rousset n\u2019a pas cach\u00e9 ses d\u00e9saccords avec la politique nationale &#8211; et son combat pour la d\u00e9centralisation. L\u2019occasion, aussi, de parler du monde \u00e9conomique, comme l\u2019industrie.<\/p>\n<p>Cet article premium vous int\u00e9resse ?<\/p>\n<p>Rejoignez nos 1000 adh\u00e9rents<\/p>\n<p>\n\t\t\t\t\t\t\t\t\t\t\t\t\t\tGagnez en visibilit\u00e9 et profitez d\u2019un r\u00e9seau de plusieurs centaines d\u2019adh\u00e9rents.\n\t\t\t\t\t\t\t\t\t\t\t\t\t<\/p>\n","protected":false},"excerpt":{"rendered":"\u00c9cosyst\u00e8me vendredi 12 septembre 2025 Alain Rousset a rappel\u00e9 son combat pour la d\u00e9centralisation lors de sa conf\u00e9rence&hellip;\n","protected":false},"author":2,"featured_media":386828,"comment_status":"","ping_status":"","sticky":false,"template":"","format":"standard","meta":{"footnotes":""},"categories":[2817],"tags":[1111,11,1997,1777,674,1011,27,12,2219,5645,25],"class_list":{"0":"post-386827","1":"post","2":"type-post","3":"status-publish","4":"format-standard","5":"has-post-thumbnail","7":"category-bordeaux","8":"tag-actu","9":"tag-actualites","10":"tag-bordeaux","11":"tag-eu","12":"tag-europe","13":"tag-fr","14":"tag-france","15":"tag-news","16":"tag-nouvelle-aquitaine","17":"tag-placco-placeco","18":"tag-republique-francaise"},"share_on_mastodon":{"url":"https:\/\/pubeurope.com\/@fr\/115194766561232868","error":""},"_links":{"self":[{"href":"https:\/\/www.europesays.com\/fr\/wp-json\/wp\/v2\/posts\/386827","targetHints":{"allow":["GET"]}}],"collection":[{"href":"https:\/\/www.europesays.com\/fr\/wp-json\/wp\/v2\/posts"}],"about":[{"href":"https:\/\/www.europesays.com\/fr\/wp-json\/wp\/v2\/types\/post"}],"author":[{"embeddable":true,"href":"https:\/\/www.europesays.com\/fr\/wp-json\/wp\/v2\/users\/2"}],"replies":[{"embeddable":true,"href":"https:\/\/www.europesays.com\/fr\/wp-json\/wp\/v2\/comments?post=386827"}],"version-history":[{"count":0,"href":"https:\/\/www.europesays.com\/fr\/wp-json\/wp\/v2\/posts\/386827\/revisions"}],"wp:featuredmedia":[{"embeddable":true,"href":"https:\/\/www.europesays.com\/fr\/wp-json\/wp\/v2\/media\/386828"}],"wp:attachment":[{"href":"https:\/\/www.europesays.com\/fr\/wp-json\/wp\/v2\/media?parent=386827"}],"wp:term":[{"taxonomy":"category","embeddable":true,"href":"https:\/\/www.europesays.com\/fr\/wp-json\/wp\/v2\/categories?post=386827"},{"taxonomy":"post_tag","embeddable":true,"href":"https:\/\/www.europesays.com\/fr\/wp-json\/wp\/v2\/tags?post=386827"}],"curies":[{"name":"wp","href":"https:\/\/api.w.org\/{rel}","templated":true}]}}