{"id":386829,"date":"2025-09-13T03:03:21","date_gmt":"2025-09-13T03:03:21","guid":{"rendered":"https:\/\/www.europesays.com\/fr\/386829\/"},"modified":"2025-09-13T03:03:21","modified_gmt":"2025-09-13T03:03:21","slug":"girondins-la-fierte-de-royce-openda-de-rejoindre-bordeaux","status":"publish","type":"post","link":"https:\/\/www.europesays.com\/fr\/386829\/","title":{"rendered":"Girondins : La fiert\u00e9 de Royce Openda de rejoindre Bordeaux"},"content":{"rendered":"<p><img decoding=\"async\" src=\"https:\/\/www.europesays.com\/fr\/wp-content\/uploads\/2025\/08\/671_d4179e66efa0efd7e771c9d9ac89d808.jpg\" alt=\"Girondins : La fiert\u00e9 de Royce Openda de rejoindre Bordeaux\" class=\"img-responsive mt-3\"\/><\/p>\n<p class=\"text-center mb-3\" style=\"font-size: 14px\">\u00a9 Iconsport<\/p>\n<p>      <strong>Girondins de Bordeaux : le r\u00eave d&rsquo;enfant de Royce Openda qui est devenu r\u00e9alit\u00e9<\/strong><\/p>\n<p style=\"text-align: justify;\">\u00a0<\/p>\n<p style=\"text-align: justify;\">Royce Openda sur TV7 : \u00ab\u00a0Mon parcours de footballeur est de l&rsquo;apprentissage. J&rsquo;ai d\u00e9couvert un milieu inconnu. J&rsquo;ai fr\u00e9quent\u00e9 des joueurs exp\u00e9riment\u00e9s qui m&rsquo;ont fait progresser. Aujourd&rsquo;hui, je profite de chaque moment. Quand je pense aux Girondins, je pense \u00e0 la Ligue 1 et \u00e0 la Ligue des champions. Avec mon p\u00e8re j&rsquo;ai regard\u00e9 pas mal de matchs de Bordeaux quand j&rsquo;\u00e9tais enfant. Je suis fier d&rsquo;avoir int\u00e9gr\u00e9 ce club prestigieux. C&rsquo;est mon agent qui m&rsquo;a pr\u00e9venu des Girondins de Bordeaux, ensuite j&rsquo;ai eu le directeur sportif John Williams au t\u00e9l\u00e9phone.<\/p>\n<p style=\"text-align: justify;\"> Des Gabonais sont pass\u00e9s par les Girondins, comme le d\u00e9funt Boupendza, ou Biyogo Poko ou encore Ecuele Manga. Mon \u00e9tat d&rsquo;esprit est d&rsquo;apporter le maximum \u00e0 l&rsquo;\u00e9quipe. On se tire vers le haut. Jouer \u00e0 diff\u00e9rents postes peut me faire progresser et adapter mon jeu. Avant, je jouais avant-centre, puis ailier gauche.\u00a0\u00bb<\/p>\n<p style=\"text-align: justify;\">\u00a0<\/p>\n<p>\u00c0 lire ici &gt;&gt; <strong><a href=\"https:\/\/www.webgirondins.com\/actualite-girondins-n2-avranches-fait-tomber-angouleme-pour-la-premiere-fois-cette-saison-130392\" target=\"_blank\" rel=\"noopener\">N2 : Avranches fait tomber Angoul\u00eame pour la premi\u00e8re fois cette saison<\/a><\/strong><\/p>\n<p>\u00c9coutez ce podcast court :<\/p>\n","protected":false},"excerpt":{"rendered":"\u00a9 Iconsport Girondins de Bordeaux : le r\u00eave d&rsquo;enfant de Royce Openda qui est devenu r\u00e9alit\u00e9 \u00a0 Royce&hellip;\n","protected":false},"author":2,"featured_media":329209,"comment_status":"","ping_status":"","sticky":false,"template":"","format":"standard","meta":{"footnotes":""},"categories":[2817],"tags":[1111,11,28420,9237,1997,5244,6074,1777,674,38554,1011,27,1987,12,2219,51949,12618,31915,25,51948],"class_list":{"0":"post-386829","1":"post","2":"type-post","3":"status-publish","4":"format-standard","5":"has-post-thumbnail","7":"category-bordeaux","8":"tag-actu","9":"tag-actualites","10":"tag-ailier","11":"tag-arrivee","12":"tag-bordeaux","13":"tag-club","14":"tag-confie","15":"tag-eu","16":"tag-europe","17":"tag-fierte","18":"tag-fr","19":"tag-france","20":"tag-girondins","21":"tag-news","22":"tag-nouvelle-aquitaine","23":"tag-openda","24":"tag-parcours","25":"tag-rejoindre","26":"tag-republique-francaise","27":"tag-royce"},"share_on_mastodon":{"url":"https:\/\/pubeurope.com\/@fr\/115194770478898142","error":""},"_links":{"self":[{"href":"https:\/\/www.europesays.com\/fr\/wp-json\/wp\/v2\/posts\/386829","targetHints":{"allow":["GET"]}}],"collection":[{"href":"https:\/\/www.europesays.com\/fr\/wp-json\/wp\/v2\/posts"}],"about":[{"href":"https:\/\/www.europesays.com\/fr\/wp-json\/wp\/v2\/types\/post"}],"author":[{"embeddable":true,"href":"https:\/\/www.europesays.com\/fr\/wp-json\/wp\/v2\/users\/2"}],"replies":[{"embeddable":true,"href":"https:\/\/www.europesays.com\/fr\/wp-json\/wp\/v2\/comments?post=386829"}],"version-history":[{"count":0,"href":"https:\/\/www.europesays.com\/fr\/wp-json\/wp\/v2\/posts\/386829\/revisions"}],"wp:featuredmedia":[{"embeddable":true,"href":"https:\/\/www.europesays.com\/fr\/wp-json\/wp\/v2\/media\/329209"}],"wp:attachment":[{"href":"https:\/\/www.europesays.com\/fr\/wp-json\/wp\/v2\/media?parent=386829"}],"wp:term":[{"taxonomy":"category","embeddable":true,"href":"https:\/\/www.europesays.com\/fr\/wp-json\/wp\/v2\/categories?post=386829"},{"taxonomy":"post_tag","embeddable":true,"href":"https:\/\/www.europesays.com\/fr\/wp-json\/wp\/v2\/tags?post=386829"}],"curies":[{"name":"wp","href":"https:\/\/api.w.org\/{rel}","templated":true}]}}