{"id":38684,"date":"2025-04-20T10:48:08","date_gmt":"2025-04-20T10:48:08","guid":{"rendered":"https:\/\/www.europesays.com\/fr\/38684\/"},"modified":"2025-04-20T10:48:08","modified_gmt":"2025-04-20T10:48:08","slug":"nos-clients-etaient-tres-interesses-les-agneaux-dile-de-france-font-leur-grand-retour-au-marche-de-rungis","status":"publish","type":"post","link":"https:\/\/www.europesays.com\/fr\/38684\/","title":{"rendered":"\u00ab\u00a0Nos clients \u00e9taient tr\u00e8s int\u00e9ress\u00e9s\u00a0\u00bb\u00a0: les agneaux d\u2019\u00cele-de-France font leur grand retour au march\u00e9 de Rungis"},"content":{"rendered":"<p class=\"paragraph text_align_left\">Pour la premi\u00e8re fois, des agneaux franciliens ont \u00e9t\u00e9 vendus au <a href=\"https:\/\/www.leparisien.fr\/val-de-marne-94\/vignes-legumes-bios-sentes-pietonnes-comment-cette-plaine-agricole-meconnue-est-en-train-de-renaitre-a-rungis-09-04-2025-AYZRULOPOJDBFHGNVMKG46R4CQ.php\" target=\"_blank\" rel=\"noopener\">march\u00e9 de Rungis<\/a> (Val-de-Marne) pour P\u00e2ques. La fili\u00e8re avait disparu dans la r\u00e9gion depuis les ann\u00e9es 1990 \u00e0 cause des difficult\u00e9s travers\u00e9es par les agriculteurs, notamment en raison de la hausse des charges. \u00ab Dans les ann\u00e9es 2000, il restait peu d\u2019\u00e9levages ovins \u00bb, rappelle David Tourte, \u00e9leveur pr\u00e8s de Nemours (Seine-et-Marne) et pr\u00e9sident des bergers d\u2019\u00cele-de-France. Mais depuis cinq ans, la tendance s\u2019inverse. D\u00e9sormais, de jeunes \u00e9leveurs s\u2019installent \u00e0 nouveau en \u00cele-de-France. Au point d\u2019\u00eatre le seul \u00e9levage en croissance dans la r\u00e9gion.<\/p>\n<p class=\"paragraph text_align_left\">C\u2019est lors de la foire de Coulommiers (Seine-et-Marne) qu\u2019il a pu \u00e9changer avec le grossiste Christophe Deplanche, pr\u00e9sident du syndicat des viandes du march\u00e9 de Rungis, afin de le convaincre d\u2019en vendre. Ainsi, neuf agneaux <a href=\"https:\/\/www.leparisien.fr\/seine-et-marne-77\/cantines-grossistes-vente-de-broutards-formation-les-eleveurs-franciliens-defendent-la-viande-locale-02-03-2025-SSWCRKTNKNEQ5NFM4MVHYLSYSM.php\" target=\"_blank\" rel=\"noopener\">labellis\u00e9s \u00e9levage ovin d\u2019\u00cele-de-France<\/a> ont \u00e9t\u00e9 \u00e9coul\u00e9s dans la nuit de mercredi \u00e0 jeudi 17 avril. Un partenariat vou\u00e9 \u00e0 s\u2019imposer dans la dur\u00e9e afin de relancer la fili\u00e8re.<\/p>\n","protected":false},"excerpt":{"rendered":"Pour la premi\u00e8re fois, des agneaux franciliens ont \u00e9t\u00e9 vendus au march\u00e9 de Rungis (Val-de-Marne) pour P\u00e2ques. La&hellip;\n","protected":false},"author":2,"featured_media":38685,"comment_status":"","ping_status":"","sticky":false,"template":"","format":"standard","meta":{"footnotes":""},"categories":[1592],"tags":[1111,917,11,1777,674,1011,27,662,1944,12,626,25,1937,104],"class_list":{"0":"post-38684","1":"post","2":"type-post","3":"status-publish","4":"format-standard","5":"has-post-thumbnail","7":"category-ile-de-france","8":"tag-actu","9":"tag-actu-locale","10":"tag-actualites","11":"tag-eu","12":"tag-europe","13":"tag-fr","14":"tag-france","15":"tag-ile-de-france","16":"tag-ma-ville","17":"tag-news","18":"tag-paris","19":"tag-republique-francaise","20":"tag-seine-et-marne","21":"tag-societe"},"share_on_mastodon":{"url":"https:\/\/pubeurope.com\/@fr\/114369901568387849","error":""},"_links":{"self":[{"href":"https:\/\/www.europesays.com\/fr\/wp-json\/wp\/v2\/posts\/38684","targetHints":{"allow":["GET"]}}],"collection":[{"href":"https:\/\/www.europesays.com\/fr\/wp-json\/wp\/v2\/posts"}],"about":[{"href":"https:\/\/www.europesays.com\/fr\/wp-json\/wp\/v2\/types\/post"}],"author":[{"embeddable":true,"href":"https:\/\/www.europesays.com\/fr\/wp-json\/wp\/v2\/users\/2"}],"replies":[{"embeddable":true,"href":"https:\/\/www.europesays.com\/fr\/wp-json\/wp\/v2\/comments?post=38684"}],"version-history":[{"count":0,"href":"https:\/\/www.europesays.com\/fr\/wp-json\/wp\/v2\/posts\/38684\/revisions"}],"wp:featuredmedia":[{"embeddable":true,"href":"https:\/\/www.europesays.com\/fr\/wp-json\/wp\/v2\/media\/38685"}],"wp:attachment":[{"href":"https:\/\/www.europesays.com\/fr\/wp-json\/wp\/v2\/media?parent=38684"}],"wp:term":[{"taxonomy":"category","embeddable":true,"href":"https:\/\/www.europesays.com\/fr\/wp-json\/wp\/v2\/categories?post=38684"},{"taxonomy":"post_tag","embeddable":true,"href":"https:\/\/www.europesays.com\/fr\/wp-json\/wp\/v2\/tags?post=38684"}],"curies":[{"name":"wp","href":"https:\/\/api.w.org\/{rel}","templated":true}]}}